{"id":22341,"date":"2026-04-09T16:20:49","date_gmt":"2026-04-09T19:20:49","guid":{"rendered":"https:\/\/blogs.correiobraziliense.com.br\/capital-sa\/?p=22341"},"modified":"2026-04-15T00:40:41","modified_gmt":"2026-04-15T03:40:41","slug":"beirute-celebra-60-anos-com-programacao-cultural-musica-e-promocao-especial","status":"publish","type":"post","link":"https:\/\/blogs.correiobraziliense.com.br\/capital-sa\/2026\/04\/09\/beirute-celebra-60-anos-com-programacao-cultural-musica-e-promocao-especial\/","title":{"rendered":"Beirute celebra 60 anos com programa\u00e7\u00e3o cultural, m\u00fasica e promo\u00e7\u00e3o especial"},"content":{"rendered":"<p><em>A abertura oficial das comemora\u00e7\u00f5es ser\u00e1 na quinta-feira, na 109 Sul, a partir das 19h, com a inaugura\u00e7\u00e3o da Exposi\u00e7\u00e3o Beirute 60 anos, que apresenta um acervo de fotos e reportagens hist\u00f3ricas do Correio Braziliense<\/em><\/p>\n<p><strong>Por SAMANTA SALLUM\u00a0<\/strong><\/p>\n<p class=\"p1\">Um dos bares e restaurantes mais tradicionais de Bras\u00edlia, o Beirute celebra seus 60 anos de hist\u00f3ria com uma programa\u00e7\u00e3o especial que re\u00fane m\u00fasica, cultura e experi\u00eancias que refletem a trajet\u00f3ria da casa com a inspiradora dedica\u00e7\u00e3o do empres\u00e1rio Francisco Frota Marinho, o Chiquinho, de 89 anos.<\/p>\n<p class=\"p1\">As comemora\u00e7\u00f5es acontecem entre os dias 16 e 18, nas unidades da Asa Sul e Asa Norte. Com seis d\u00e9cadas de hist\u00f3ria, o Beirute se consolidou como um dos principais pontos de encontro da capital, reunindo diferentes gera\u00e7\u00f5es. E no pacote de presentes, pre\u00e7os promocionais de v\u00e1rios itens do card\u00e1pio.<\/p>\n<p class=\"p1\"><span class=\"s1\">A abertura oficial das comemora\u00e7\u00f5es ser\u00e1 na quinta-feira (16\/4), na 109 Sul, a partir das 19h, com a inaugura\u00e7\u00e3o da Exposi\u00e7\u00e3o Beirute 60 anos, que apresenta um acervo de fotos e reportagens hist\u00f3ricas do Correio Braziliense, resgatando momentos marcantes da hist\u00f3ria do restaurante e sua rela\u00e7\u00e3o com Bras\u00edlia.<\/span><\/p>\n<p class=\"p1\"><span class=\"s1\"> Na mesma noite, a programa\u00e7\u00e3o musical toma conta das duas casas. No Beirute Sul, acontece o Beira Vinil Especial, com DJs Barata, Mica, Sassi Discos. O querido gar\u00e7om C\u00edcero que se aposentou depois de d\u00e9cadas de trabalho no Beirute vai participar das comemora\u00e7\u00f5es.<br \/>\n<\/span><\/p>\n<figure id=\"attachment_22348\" aria-describedby=\"caption-attachment-22348\" style=\"width: 300px\" class=\"wp-caption aligncenter\"><img loading=\"lazy\" decoding=\"async\" class=\"size-medium wp-image-22348\" src=\"https:\/\/blogs.correiobraziliense.com.br\/capital-sa\/wp-content\/uploads\/sites\/59\/2026\/04\/IMG_5630-300x199.jpeg\" alt=\"\" width=\"300\" height=\"199\" srcset=\"https:\/\/blogs.correiobraziliense.com.br\/capital-sa\/wp-content\/uploads\/sites\/59\/2026\/04\/IMG_5630-300x199.jpeg 300w, https:\/\/blogs.correiobraziliense.com.br\/capital-sa\/wp-content\/uploads\/sites\/59\/2026\/04\/IMG_5630-550x365.jpeg 550w, https:\/\/blogs.correiobraziliense.com.br\/capital-sa\/wp-content\/uploads\/sites\/59\/2026\/04\/IMG_5630-230x153.jpeg 230w, https:\/\/blogs.correiobraziliense.com.br\/capital-sa\/wp-content\/uploads\/sites\/59\/2026\/04\/IMG_5630.jpeg 750w\" sizes=\"auto, (max-width: 300px) 100vw, 300px\" \/><figcaption id=\"caption-attachment-22348\" class=\"wp-caption-text\">Cr\u00e9dito: Minervino Junior\/CB\/D.A. Press. Brasil. Bras\u00edlia &#8211; DF. O gar\u00e7on Cicero Rodrigues se aposentou depois de 38 anos de Beirute<\/figcaption><\/figure>\n<p><strong><em>Acompanhe a Capital S\/A na TV Bras\u00edlia todas as ter\u00e7as e quintas-feiras, 18h30\u00a0<\/em><\/strong><strong><em>no JL ao vivo<\/em><\/strong><\/p>\n<p><iframe loading=\"lazy\" title=\"VINHOS DE BRAS\u00cdLIA S\u00c3O VENCEDORES DE PREMIA\u00c7\u00c3O NACIONAL E INTERNACIONAL | CAPITAL S\/A\" width=\"1440\" height=\"810\" src=\"https:\/\/www.youtube.com\/embed\/JEqLQ92wWvw?feature=oembed\" frameborder=\"0\" allow=\"accelerometer; autoplay; clipboard-write; encrypted-media; gyroscope; picture-in-picture; web-share\" referrerpolicy=\"strict-origin-when-cross-origin\" allowfullscreen><\/iframe><\/p>\n<p>J\u00e1 no Beirute Norte, o destaque \u00e9 o Beira Vinil Criolina, com DJs Pez\u00e3o e Biba.<\/p>\n<p>Na sexta-feira (17), tamb\u00e9m a partir das 19h, o clima segue com festas que celebram diferentes vertentes musicais. No Beirute Sul, o Beira Hits Especial re\u00fane DJ Cottonete, DJ Louqueiroz e DJ Marcinho Grande Brother. No Beirute Norte, a noite ser\u00e1 comandada pelo Beira Delas Especial, com o coletivo Brasil na Pista, formado pelas DJs La Reina e Aiure.<\/p>\n<p class=\"p1\"><span class=\"s1\">O s\u00e1bado (18) traz uma programa\u00e7\u00e3o que come\u00e7a durante o dia e se estende at\u00e9 a noite. No Beirute Sul, a partir das 14h acontece uma Feirinha Liter\u00e1ria com autores e poetas da cidade, al\u00e9m do Beira Canta, com apresenta\u00e7\u00f5es de Rafael Tavares (13h \u00e0s 15h), Bruno Aguiar (15h30 \u00e0s 17h) e Liga Tripa (19h \u00e0s 19h30).<\/span><\/p>\n<p class=\"p1\"><span class=\"s1\">No Beirute Norte, o destaque da tarde \u00e9 o Sambeiras, das 13h30 \u00e0s 16h30, com Karla Sangaleti, Luiza Ceolin e Yann Rocha. \u00c0 noite, a partir das 19h, o Beira Groove recebe DJ Manollo, que convida DJ Eliane Am\u00e9rica (Cult 22).<\/span><\/p>\n<p class=\"p1\"><span class=\"s1\">Al\u00e9m da programa\u00e7\u00e3o cultural, o p\u00fablico poder\u00e1 aproveitar uma promo\u00e7\u00e3o especial de anivers\u00e1rio v\u00e1lida de quinta a s\u00e1bado. Entre as ofertas est\u00e3o chopp Brahma a R$ 6,60, cervejas Original e Spaten a R$ 14,60, kibe e esfiha a R$ 10,60, kibeirute a R$ 12,60 e o tradicional fil\u00e9 \u00e0 parmegiana para duas pessoas por R$ 166,60.<\/span><\/p>\n","protected":false},"excerpt":{"rendered":"<p>A abertura oficial das comemora\u00e7\u00f5es ser\u00e1 na quinta-feira, na 109 Sul, a partir das 19h, com a inaugura\u00e7\u00e3o da Exposi\u00e7\u00e3o Beirute 60 anos, que apresenta um acervo de fotos e reportagens hist\u00f3ricas do Correio Braziliense Por SAMANTA SALLUM\u00a0 Um dos bares e restaurantes mais tradicionais de Bras\u00edlia, o Beirute celebra seus 60 anos de hist\u00f3ria com uma programa\u00e7\u00e3o especial que [&hellip;]<\/p>\n","protected":false},"author":125,"featured_media":22346,"comment_status":"open","ping_status":"open","sticky":false,"template":"","format":"standard","meta":{"footnotes":""},"categories":[6],"tags":[],"class_list":["post-22341","post","type-post","status-publish","format-standard","has-post-thumbnail","hentry","category-coluna-capital-s-a"],"_links":{"self":[{"href":"https:\/\/blogs.correiobraziliense.com.br\/capital-sa\/wp-json\/wp\/v2\/posts\/22341","targetHints":{"allow":["GET"]}}],"collection":[{"href":"https:\/\/blogs.correiobraziliense.com.br\/capital-sa\/wp-json\/wp\/v2\/posts"}],"about":[{"href":"https:\/\/blogs.correiobraziliense.com.br\/capital-sa\/wp-json\/wp\/v2\/types\/post"}],"author":[{"embeddable":true,"href":"https:\/\/blogs.correiobraziliense.com.br\/capital-sa\/wp-json\/wp\/v2\/users\/125"}],"replies":[{"embeddable":true,"href":"https:\/\/blogs.correiobraziliense.com.br\/capital-sa\/wp-json\/wp\/v2\/comments?post=22341"}],"version-history":[{"count":10,"href":"https:\/\/blogs.correiobraziliense.com.br\/capital-sa\/wp-json\/wp\/v2\/posts\/22341\/revisions"}],"predecessor-version":[{"id":22357,"href":"https:\/\/blogs.correiobraziliense.com.br\/capital-sa\/wp-json\/wp\/v2\/posts\/22341\/revisions\/22357"}],"wp:featuredmedia":[{"embeddable":true,"href":"https:\/\/blogs.correiobraziliense.com.br\/capital-sa\/wp-json\/wp\/v2\/media\/22346"}],"wp:attachment":[{"href":"https:\/\/blogs.correiobraziliense.com.br\/capital-sa\/wp-json\/wp\/v2\/media?parent=22341"}],"wp:term":[{"taxonomy":"category","embeddable":true,"href":"https:\/\/blogs.correiobraziliense.com.br\/capital-sa\/wp-json\/wp\/v2\/categories?post=22341"},{"taxonomy":"post_tag","embeddable":true,"href":"https:\/\/blogs.correiobraziliense.com.br\/capital-sa\/wp-json\/wp\/v2\/tags?post=22341"}],"curies":[{"name":"wp","href":"https:\/\/api.w.org\/{rel}","templated":true}]}}