{"id":22271,"date":"2026-04-06T14:49:21","date_gmt":"2026-04-06T17:49:21","guid":{"rendered":"https:\/\/blogs.correiobraziliense.com.br\/capital-sa\/?p=22271"},"modified":"2026-04-07T12:09:51","modified_gmt":"2026-04-07T15:09:51","slug":"expansao-do-parkshopping-ja-tem-data-de-inauguracao","status":"publish","type":"post","link":"https:\/\/blogs.correiobraziliense.com.br\/capital-sa\/2026\/04\/06\/expansao-do-parkshopping-ja-tem-data-de-inauguracao\/","title":{"rendered":"Expans\u00e3o do ParkShopping j\u00e1 tem data de inaugura\u00e7\u00e3o"},"content":{"rendered":"<p class=\"p1\"><em>Com investimento de R$ 221 milh\u00f5es, amplia\u00e7\u00e3o do complexo comercial j\u00e1 se antecipa ao crescimento da regi\u00e3o com mais 30 mil moradores. Confira algumas das marcas j\u00e1 confirmadas\u00a0<\/em><\/p>\n<p class=\"p1\"><strong><span class=\"s1\">Por SAMANTA SALLUM <\/span><\/strong><\/p>\n<p class=\"p1\"><span class=\"s1\">Com o trabalho no canteiro em ritmo acelerado, as chaves das novas lojas do ParkShopping ser\u00e3o entregues em julho aos lojistas. A expans\u00e3o do complexo comercial j\u00e1 tem data para inaugura\u00e7\u00e3o: 18 de novembro. O novo boulevard recebeu investimento de R$ 221 milh\u00f5es para conectar o PKS Corporate e o Deck Parking ao mall existente. O espa\u00e7o reunir\u00e1 cerca de 60 opera\u00e7\u00f5es em mais 9mil m\u00b2 de \u00e1rea bruta loc\u00e1vel, incluindo marcas que desembarcam pela primeira vez na cidade, entrela\u00e7ando mix de moda, gastronomia e bem-estar. <\/span><\/p>\n<p class=\"p1\"><span class=\"s1\">Entre as marcas j\u00e1 confirmadas, Ave Rara, ArtyBrand, Paula Torres, La Gea, Rowa, Bo.Bo, Animale, Risto by Ristorantino, Austral e\u00a0<\/span>Bayard.<\/p>\n<p class=\"p1\"><span class=\"s1\">O ParkShopping investiu na expans\u00e3o antecipando-se \u00e0 proje\u00e7\u00e3o de crescimento urbano na regi\u00e3o. Est\u00e3o previstos um polo hoteleiro e a expans\u00e3o do Park Sul. Os novos empreendimentos imobili\u00e1rios incluem o terreno vizinho ao PKS, que contar\u00e1 com 2,3 mil habita\u00e7\u00f5es de alto padr\u00e3o. A expectativa \u00e9 atingir 30 mil habitantes nos pr\u00f3ximos 15 anos.<\/span><\/p>\n<p><img loading=\"lazy\" decoding=\"async\" class=\"aligncenter size-medium wp-image-22275\" src=\"https:\/\/blogs.correiobraziliense.com.br\/capital-sa\/wp-content\/uploads\/sites\/59\/2026\/04\/IMG_5496-300x178.jpeg\" alt=\"\" width=\"300\" height=\"178\" srcset=\"https:\/\/blogs.correiobraziliense.com.br\/capital-sa\/wp-content\/uploads\/sites\/59\/2026\/04\/IMG_5496-300x178.jpeg 300w, https:\/\/blogs.correiobraziliense.com.br\/capital-sa\/wp-content\/uploads\/sites\/59\/2026\/04\/IMG_5496-768x456.jpeg 768w, https:\/\/blogs.correiobraziliense.com.br\/capital-sa\/wp-content\/uploads\/sites\/59\/2026\/04\/IMG_5496-1024x608.jpeg 1024w, https:\/\/blogs.correiobraziliense.com.br\/capital-sa\/wp-content\/uploads\/sites\/59\/2026\/04\/IMG_5496-800x475.jpeg 800w, https:\/\/blogs.correiobraziliense.com.br\/capital-sa\/wp-content\/uploads\/sites\/59\/2026\/04\/IMG_5496-550x327.jpeg 550w, https:\/\/blogs.correiobraziliense.com.br\/capital-sa\/wp-content\/uploads\/sites\/59\/2026\/04\/IMG_5496-230x137.jpeg 230w, https:\/\/blogs.correiobraziliense.com.br\/capital-sa\/wp-content\/uploads\/sites\/59\/2026\/04\/IMG_5496.jpeg 1170w\" sizes=\"auto, (max-width: 300px) 100vw, 300px\" \/><\/p>\n<p class=\"p1\"><strong><span class=\"s1\">Inspira\u00e7\u00e3o na arquitetura <\/span><\/strong><\/p>\n<p class=\"p1\"><span class=\"s1\">Assinado pela FEU Arquitetura, o novo ambiente do Parkshopping tem como principal inspira\u00e7\u00e3o a flora do Cerrado, valorizando a rela\u00e7\u00e3o do shopping com a cidade, seus habitantes e a natureza ao redor.<\/span><\/p>\n<p><strong><em>Acompanhe a Capital S\/A na TV Bras\u00edlia todas as ter\u00e7as e quintas-feiras, 18h30\u00a0<\/em><\/strong><strong><em>no JL ao vivo<\/em><\/strong><\/p>\n<p><iframe loading=\"lazy\" title=\"ENTENDA: LULA SANCIONA LEI QUE AUTORIZA FARM\u00c1CIAS EM SUPERMERCADOS | CAPITAL S\/A\" width=\"1440\" height=\"810\" src=\"https:\/\/www.youtube.com\/embed\/ACLwVvO-7Vg?feature=oembed\" frameborder=\"0\" allow=\"accelerometer; autoplay; clipboard-write; encrypted-media; gyroscope; picture-in-picture; web-share\" referrerpolicy=\"strict-origin-when-cross-origin\" allowfullscreen><\/iframe><\/p>\n<p>Com a amplia\u00e7\u00e3o, o shopping alcan\u00e7ar\u00e1 o marco de 340 opera\u00e7\u00f5es\/marcas, sendo respons\u00e1vel pela gera\u00e7\u00e3o de, pelo menos, 5 mil empregos, diretos e indiretos.<\/p>\n<p class=\"p1\"><span class=\"s1\">Em meio a essa novidade, o centro de compras completa 43 anos em 2026.<\/span><\/p>\n<p class=\"p1\"><span class=\"s1\">\u201cSer\u00e1, sem d\u00favida, uma entrega que ressignifica a experi\u00eancia de consumo e de conviv\u00eancia na capital. Mais do que uma amplia\u00e7\u00e3o f\u00edsica, o projeto posiciona o PKS como um polo ainda mais relevante de lifestyle, gastronomia, viv\u00eancias e entretenimento do Planalto Central, acompanhando o crescimento e a sofistica\u00e7\u00e3o do p\u00fablico de Bras\u00edlia e regi\u00e3o\u201d, contou \u00e0 coluna Nat\u00e1lia Vaz, superintendente do ParkShopping.<\/span><\/p>\n<p><img loading=\"lazy\" decoding=\"async\" class=\"aligncenter size-medium wp-image-22276\" src=\"https:\/\/blogs.correiobraziliense.com.br\/capital-sa\/wp-content\/uploads\/sites\/59\/2026\/04\/IMG_5497-221x300.jpeg\" alt=\"\" width=\"221\" height=\"300\" srcset=\"https:\/\/blogs.correiobraziliense.com.br\/capital-sa\/wp-content\/uploads\/sites\/59\/2026\/04\/IMG_5497-221x300.jpeg 221w, https:\/\/blogs.correiobraziliense.com.br\/capital-sa\/wp-content\/uploads\/sites\/59\/2026\/04\/IMG_5497-768x1042.jpeg 768w, https:\/\/blogs.correiobraziliense.com.br\/capital-sa\/wp-content\/uploads\/sites\/59\/2026\/04\/IMG_5497-754x1024.jpeg 754w, https:\/\/blogs.correiobraziliense.com.br\/capital-sa\/wp-content\/uploads\/sites\/59\/2026\/04\/IMG_5497-800x1086.jpeg 800w, https:\/\/blogs.correiobraziliense.com.br\/capital-sa\/wp-content\/uploads\/sites\/59\/2026\/04\/IMG_5497-550x746.jpeg 550w, https:\/\/blogs.correiobraziliense.com.br\/capital-sa\/wp-content\/uploads\/sites\/59\/2026\/04\/IMG_5497-230x312.jpeg 230w, https:\/\/blogs.correiobraziliense.com.br\/capital-sa\/wp-content\/uploads\/sites\/59\/2026\/04\/IMG_5497.jpeg 1170w\" sizes=\"auto, (max-width: 221px) 100vw, 221px\" \/><\/p>\n","protected":false},"excerpt":{"rendered":"<p>Com investimento de R$ 221 milh\u00f5es, amplia\u00e7\u00e3o do complexo comercial j\u00e1 se antecipa ao crescimento da regi\u00e3o com mais 30 mil moradores. Confira algumas das marcas j\u00e1 confirmadas\u00a0 Por SAMANTA SALLUM Com o trabalho no canteiro em ritmo acelerado, as chaves das novas lojas do ParkShopping ser\u00e3o entregues em julho aos lojistas. A expans\u00e3o do complexo comercial j\u00e1 tem data [&hellip;]<\/p>\n","protected":false},"author":125,"featured_media":22273,"comment_status":"open","ping_status":"open","sticky":false,"template":"","format":"standard","meta":{"footnotes":""},"categories":[6],"tags":[],"class_list":["post-22271","post","type-post","status-publish","format-standard","has-post-thumbnail","hentry","category-coluna-capital-s-a"],"_links":{"self":[{"href":"https:\/\/blogs.correiobraziliense.com.br\/capital-sa\/wp-json\/wp\/v2\/posts\/22271","targetHints":{"allow":["GET"]}}],"collection":[{"href":"https:\/\/blogs.correiobraziliense.com.br\/capital-sa\/wp-json\/wp\/v2\/posts"}],"about":[{"href":"https:\/\/blogs.correiobraziliense.com.br\/capital-sa\/wp-json\/wp\/v2\/types\/post"}],"author":[{"embeddable":true,"href":"https:\/\/blogs.correiobraziliense.com.br\/capital-sa\/wp-json\/wp\/v2\/users\/125"}],"replies":[{"embeddable":true,"href":"https:\/\/blogs.correiobraziliense.com.br\/capital-sa\/wp-json\/wp\/v2\/comments?post=22271"}],"version-history":[{"count":8,"href":"https:\/\/blogs.correiobraziliense.com.br\/capital-sa\/wp-json\/wp\/v2\/posts\/22271\/revisions"}],"predecessor-version":[{"id":22291,"href":"https:\/\/blogs.correiobraziliense.com.br\/capital-sa\/wp-json\/wp\/v2\/posts\/22271\/revisions\/22291"}],"wp:featuredmedia":[{"embeddable":true,"href":"https:\/\/blogs.correiobraziliense.com.br\/capital-sa\/wp-json\/wp\/v2\/media\/22273"}],"wp:attachment":[{"href":"https:\/\/blogs.correiobraziliense.com.br\/capital-sa\/wp-json\/wp\/v2\/media?parent=22271"}],"wp:term":[{"taxonomy":"category","embeddable":true,"href":"https:\/\/blogs.correiobraziliense.com.br\/capital-sa\/wp-json\/wp\/v2\/categories?post=22271"},{"taxonomy":"post_tag","embeddable":true,"href":"https:\/\/blogs.correiobraziliense.com.br\/capital-sa\/wp-json\/wp\/v2\/tags?post=22271"}],"curies":[{"name":"wp","href":"https:\/\/api.w.org\/{rel}","templated":true}]}}