{"id":22228,"date":"2026-03-26T14:32:08","date_gmt":"2026-03-26T17:32:08","guid":{"rendered":"https:\/\/blogs.correiobraziliense.com.br\/capital-sa\/?p=22228"},"modified":"2026-03-28T19:49:11","modified_gmt":"2026-03-28T22:49:11","slug":"edison-garcia-deixa-presidencia-da-ceb-ipes","status":"publish","type":"post","link":"https:\/\/blogs.correiobraziliense.com.br\/capital-sa\/2026\/03\/26\/edison-garcia-deixa-presidencia-da-ceb-ipes\/","title":{"rendered":"Edison Garcia deixa a presid\u00eancia da CEB IP\u00caS"},"content":{"rendered":"<p class=\"p1\"><em>Marco Ant\u00f4nio Costa J\u00fanior, ex-secret\u00e1rio de Ci\u00eancia e Tecnologia do DF, assume a presid\u00eancia da empresa de ilumina\u00e7\u00e3o p\u00fablica. Edison Garcia continua como presidente da CEB Holding<\/em><\/p>\n<p class=\"p1\"><strong><span class=\"s1\">Por SAMANTA SALLUM <\/span><\/strong><\/p>\n<p class=\"p1\"><span class=\"s1\">As mudan\u00e7as no GDF, nos pr\u00f3ximos dias, com a sa\u00edda de muitos integrantes que ser\u00e3o candidatos nas elei\u00e7\u00f5es, tamb\u00e9m ocorrem na CEB. Edison Garcia decidiu deixar a presid\u00eancia da CEB IP\u00caS , que cuida especificamente da ilumina\u00e7\u00e3o p\u00fablica. Ele n\u00e3o vai ser candidato, mas avaliou que o momento era adequado para sair da fun\u00e7\u00e3o. Permanece como presidente da holding, mas passa a se dedicar integralmente aos projetos de gera\u00e7\u00e3o de energia da Companhia Energ\u00e9tica de Bras\u00edlia, com foco em usinas fotovoltaicas e hidrel\u00e9tricas.<\/span><\/p>\n<p class=\"p1\"><span class=\"s1\">Assume a gest\u00e3o da ilumina\u00e7\u00e3o p\u00fablica, Marco Ant\u00f4nio Costa J\u00fanior, ex-secret\u00e1rio de Ci\u00eancia e Tecnologia do DF e atual executivo da empresa. Ele j\u00e1 estava \u00e0 frente da Diretoria de Regula\u00e7\u00e3o. A indica\u00e7\u00e3o teria sido do pr\u00f3prio Edison Garcia, ao expressar a<span class=\"Apple-converted-space\">\u00a0<\/span><\/span>Celina Le\u00e3o, que tomar\u00e1 posse como governadora, a inten\u00e7\u00e3o da mudan\u00e7a.<\/p>\n<p><strong><em>Acompanhe a Capital S\/A na TV Bras\u00edlia todas as ter\u00e7as e quintas-feiras, 18h30\u00a0<\/em><\/strong><strong><em>no JL ao vivo<\/em><\/strong><\/p>\n<p><iframe loading=\"lazy\" title=\"PRODUTOS MAIS BARATOS FAZEM INTEN\u00c7\u00c3O DE CONSUMO NO BRASIL ATINGIR RECORDE DE 11 ANOS | CAPITAL S\/A\" width=\"1440\" height=\"810\" src=\"https:\/\/www.youtube.com\/embed\/lHGaO1_CifA?feature=oembed\" frameborder=\"0\" allow=\"accelerometer; autoplay; clipboard-write; encrypted-media; gyroscope; picture-in-picture; web-share\" referrerpolicy=\"strict-origin-when-cross-origin\" allowfullscreen><\/iframe><\/p>\n<p>Marco Ant\u00f4nio tem a miss\u00e3o de dar continuidade aos programas da companhia, com foco em inova\u00e7\u00e3o, intelig\u00eancia operacional e fortalecimento da manuten\u00e7\u00e3o.<\/p>\n<p class=\"p1\"><span class=\"s1\">\u201cA CEB vive um momento de transforma\u00e7\u00e3o. A renova\u00e7\u00e3o de ciclos \u00e9 saud\u00e1vel, oxigena as institui\u00e7\u00f5es, fortalece a governan\u00e7a e eleva a qualidade da gest\u00e3o. \u00c9 assim que as empresas p\u00fablicas evoluem e entregam mais para a sociedade\u201d, disse Garcia \u00e0 coluna, explicando as mudan\u00e7as.<\/span><\/p>\n<p class=\"p1\"><span class=\"s1\">Com a entrega da meta de modernizar 100% do parque de ilumina\u00e7\u00e3o p\u00fablica do Distrito Federal conclu\u00edda, o executivo considerou cumprida a miss\u00e3o de gest\u00e3o da CEB Ip\u00eas.<\/span><\/p>\n<p class=\"p1\"><span class=\"s1\">\u201cTenho a convic\u00e7\u00e3o de que entregamos aquilo que nos propusemos: modernizar integralmente a ilumina\u00e7\u00e3o p\u00fablica do Distrito Federal. Foi um trabalho t\u00e9cnico, planejado e executado com responsabilidade, sempre com foco na popula\u00e7\u00e3o\u201d, afirma Edison Garcia.<\/span><\/p>\n","protected":false},"excerpt":{"rendered":"<p>Marco Ant\u00f4nio Costa J\u00fanior, ex-secret\u00e1rio de Ci\u00eancia e Tecnologia do DF, assume a presid\u00eancia da empresa de ilumina\u00e7\u00e3o p\u00fablica. Edison Garcia continua como presidente da CEB Holding Por SAMANTA SALLUM As mudan\u00e7as no GDF, nos pr\u00f3ximos dias, com a sa\u00edda de muitos integrantes que ser\u00e3o candidatos nas elei\u00e7\u00f5es, tamb\u00e9m ocorrem na CEB. Edison Garcia decidiu deixar a presid\u00eancia da CEB [&hellip;]<\/p>\n","protected":false},"author":125,"featured_media":22231,"comment_status":"open","ping_status":"open","sticky":false,"template":"","format":"standard","meta":{"footnotes":""},"categories":[2344],"tags":[107,3247,70],"class_list":["post-22228","post","type-post","status-publish","format-standard","has-post-thumbnail","hentry","category-materia","tag-ceb","tag-ceb-ipes","tag-ibaneis"],"_links":{"self":[{"href":"https:\/\/blogs.correiobraziliense.com.br\/capital-sa\/wp-json\/wp\/v2\/posts\/22228","targetHints":{"allow":["GET"]}}],"collection":[{"href":"https:\/\/blogs.correiobraziliense.com.br\/capital-sa\/wp-json\/wp\/v2\/posts"}],"about":[{"href":"https:\/\/blogs.correiobraziliense.com.br\/capital-sa\/wp-json\/wp\/v2\/types\/post"}],"author":[{"embeddable":true,"href":"https:\/\/blogs.correiobraziliense.com.br\/capital-sa\/wp-json\/wp\/v2\/users\/125"}],"replies":[{"embeddable":true,"href":"https:\/\/blogs.correiobraziliense.com.br\/capital-sa\/wp-json\/wp\/v2\/comments?post=22228"}],"version-history":[{"count":10,"href":"https:\/\/blogs.correiobraziliense.com.br\/capital-sa\/wp-json\/wp\/v2\/posts\/22228\/revisions"}],"predecessor-version":[{"id":22247,"href":"https:\/\/blogs.correiobraziliense.com.br\/capital-sa\/wp-json\/wp\/v2\/posts\/22228\/revisions\/22247"}],"wp:featuredmedia":[{"embeddable":true,"href":"https:\/\/blogs.correiobraziliense.com.br\/capital-sa\/wp-json\/wp\/v2\/media\/22231"}],"wp:attachment":[{"href":"https:\/\/blogs.correiobraziliense.com.br\/capital-sa\/wp-json\/wp\/v2\/media?parent=22228"}],"wp:term":[{"taxonomy":"category","embeddable":true,"href":"https:\/\/blogs.correiobraziliense.com.br\/capital-sa\/wp-json\/wp\/v2\/categories?post=22228"},{"taxonomy":"post_tag","embeddable":true,"href":"https:\/\/blogs.correiobraziliense.com.br\/capital-sa\/wp-json\/wp\/v2\/tags?post=22228"}],"curies":[{"name":"wp","href":"https:\/\/api.w.org\/{rel}","templated":true}]}}