{"id":22128,"date":"2026-03-13T18:46:28","date_gmt":"2026-03-13T21:46:28","guid":{"rendered":"https:\/\/blogs.correiobraziliense.com.br\/capital-sa\/?p=22128"},"modified":"2026-03-13T21:03:09","modified_gmt":"2026-03-14T00:03:09","slug":"postos-no-df-estao-com-restricao-de-venda-de-combustiveis","status":"publish","type":"post","link":"https:\/\/blogs.correiobraziliense.com.br\/capital-sa\/2026\/03\/13\/postos-no-df-estao-com-restricao-de-venda-de-combustiveis\/","title":{"rendered":"Postos no DF est\u00e3o com restri\u00e7\u00e3o de venda de combust\u00edveis"},"content":{"rendered":"<p><em>J\u00e1 est\u00e1 faltando gasolina e diesel na capital federal.\u00a0 Redu\u00e7\u00e3o de impostos n\u00e3o deve segurar pre\u00e7o na bomba. Setor atacadista \u00e9 um dos afetados pela escassez do produto.<\/em><\/p>\n<p class=\"p1\"><strong>Por SAMANTA SALLUM<\/strong><\/p>\n<p class=\"p1\"><span class=\"s1\">As distribuidoras come\u00e7aram a alternar as entregas de \u00f3leo diesel e gasolina, e est\u00e3o com em conten\u00e7\u00e3o no envio, o que est\u00e1 impactando diretamente a oferta na bomba. Pois\u00a0<\/span>a demanda continua como antes.<\/p>\n<p class=\"p1\"><span class=\"s1\">Cerca de 22% dos postos no Distrito Federal s\u00e3o os chamados bandeira branca. S\u00e3o abastecidos pela importa\u00e7\u00e3o ou por refinarias independentes no Brasil. Com a guerra no Ir\u00e3 e a disparada do barril no mercado internacional, esses estabelecimentos n\u00e3o conseguem comprar o produto. E os que est\u00e3o atrelados \u00e0s grandes distribuidoras, como a Vibra ligada \u00e0 Petrobras, est\u00e3o recebendo de forma restrita.<\/span><\/p>\n<p class=\"p1\"><span class=\"s1\">Empresas do setor atacadista, que precisam abastecer <\/span>a frota de caminh\u00f5es, j\u00e1 enfrentam dificuldades, na capital federal, para comprar diesel e gasolina. A Associa\u00e7\u00e3o Nacional dos Atacadistas manifestou preocupa\u00e7\u00e3o com o cen\u00e1rio atual, sinalizando que vai haver aumento nos custos operacionais.<\/p>\n<p class=\"p1\"><strong><span class=\"s2\">Ajuda, mas n\u00e3o resolve\u00a0<\/span><\/strong><\/p>\n<p class=\"p1\"><span class=\"s2\">A medida do governo federal de redu\u00e7\u00e3o de impostos sobre diesel e gasolina pode n\u00e3o alcan\u00e7ar o efeito esperado de segurar os pre\u00e7os. A\u00a0<\/span><span class=\"s2\">Federa\u00e7\u00e3o Nacional do Com\u00e9rcio de Combust\u00edveis e de Lubrificantes (<\/span>Fecombust\u00edveis) alertou que a medida tribut\u00e1ria \u00e9 apenas um dos componentes que influencia o custo final do combust\u00edvel.<\/p>\n<blockquote>\n<p class=\"p1\">\u201cNo contexto da guerra, as oscila\u00e7\u00f5es de pre\u00e7os s\u00e3o di\u00e1rias e imprevis\u00edveis\u201d, informou a Fecombustiveis<\/p>\n<\/blockquote>\n<p>&nbsp;<\/p>\n<p>O que est\u00e1 acontecendo \u00e9 que, para ajudar postos desabastecidos, as distribuidoras est\u00e3o remanejando as entregas.<\/p>\n<p>\u201cO cobertor est\u00e1 curto. Reduz em um posto para repassar a outro com estoque zerado. E, assim, tentar equilibrar o mercado. Como h\u00e1 postos que est\u00e3o sem condi\u00e7\u00f5es de operar, a demanda est\u00e1 migrando para os que t\u00eam reserva. No entanto, isso faz tamb\u00e9m acabar mais r\u00e1pido o produto. Ent\u00e3o, s\u00f3 h\u00e1 duas alternativas: vender todo o combust\u00edvel e fechar o estabelecimento temporariamente. Ou racionalizar a venda, aumentando o pre\u00e7o para durar mais o estoque\u201d, \u00a0explicou o presidente do Sindicombust\u00edveis DF, Paulo Tavares.<\/p>\n<p>A Fecombust\u00edveis tamb\u00e9m chamou aten\u00e7\u00e3o para outro fator que vem ocorrendo paralelamente no mercado. Nos leil\u00f5es realizados pela Petrobras, o diesel tem sido comercializado em valores estimados entre R$ 1,80 e R$ 2,00 por litro, patamar superior ao pre\u00e7o de refer\u00eancia divulgado pelas refinarias da pr\u00f3pria companhia.<\/p>\n<p>&nbsp;<\/p>\n<p>&nbsp;<\/p>\n","protected":false},"excerpt":{"rendered":"<p>J\u00e1 est\u00e1 faltando gasolina e diesel na capital federal.\u00a0 Redu\u00e7\u00e3o de impostos n\u00e3o deve segurar pre\u00e7o na bomba. Setor atacadista \u00e9 um dos afetados pela escassez do produto. Por SAMANTA SALLUM As distribuidoras come\u00e7aram a alternar as entregas de \u00f3leo diesel e gasolina, e est\u00e3o com em conten\u00e7\u00e3o no envio, o que est\u00e1 impactando diretamente a oferta na bomba. Pois\u00a0a [&hellip;]<\/p>\n","protected":false},"author":125,"featured_media":22133,"comment_status":"open","ping_status":"open","sticky":false,"template":"","format":"standard","meta":{"footnotes":""},"categories":[6],"tags":[],"class_list":["post-22128","post","type-post","status-publish","format-standard","has-post-thumbnail","hentry","category-coluna-capital-s-a"],"_links":{"self":[{"href":"https:\/\/blogs.correiobraziliense.com.br\/capital-sa\/wp-json\/wp\/v2\/posts\/22128","targetHints":{"allow":["GET"]}}],"collection":[{"href":"https:\/\/blogs.correiobraziliense.com.br\/capital-sa\/wp-json\/wp\/v2\/posts"}],"about":[{"href":"https:\/\/blogs.correiobraziliense.com.br\/capital-sa\/wp-json\/wp\/v2\/types\/post"}],"author":[{"embeddable":true,"href":"https:\/\/blogs.correiobraziliense.com.br\/capital-sa\/wp-json\/wp\/v2\/users\/125"}],"replies":[{"embeddable":true,"href":"https:\/\/blogs.correiobraziliense.com.br\/capital-sa\/wp-json\/wp\/v2\/comments?post=22128"}],"version-history":[{"count":18,"href":"https:\/\/blogs.correiobraziliense.com.br\/capital-sa\/wp-json\/wp\/v2\/posts\/22128\/revisions"}],"predecessor-version":[{"id":22148,"href":"https:\/\/blogs.correiobraziliense.com.br\/capital-sa\/wp-json\/wp\/v2\/posts\/22128\/revisions\/22148"}],"wp:featuredmedia":[{"embeddable":true,"href":"https:\/\/blogs.correiobraziliense.com.br\/capital-sa\/wp-json\/wp\/v2\/media\/22133"}],"wp:attachment":[{"href":"https:\/\/blogs.correiobraziliense.com.br\/capital-sa\/wp-json\/wp\/v2\/media?parent=22128"}],"wp:term":[{"taxonomy":"category","embeddable":true,"href":"https:\/\/blogs.correiobraziliense.com.br\/capital-sa\/wp-json\/wp\/v2\/categories?post=22128"},{"taxonomy":"post_tag","embeddable":true,"href":"https:\/\/blogs.correiobraziliense.com.br\/capital-sa\/wp-json\/wp\/v2\/tags?post=22128"}],"curies":[{"name":"wp","href":"https:\/\/api.w.org\/{rel}","templated":true}]}}