{"id":22084,"date":"2026-03-04T15:59:32","date_gmt":"2026-03-04T18:59:32","guid":{"rendered":"https:\/\/blogs.correiobraziliense.com.br\/capital-sa\/?p=22084"},"modified":"2026-03-04T15:59:52","modified_gmt":"2026-03-04T18:59:52","slug":"biodiversidade-da-amazonia-com-a-sofisticacao-de-milao-a-marca-de-lucas-pinheiro","status":"publish","type":"post","link":"https:\/\/blogs.correiobraziliense.com.br\/capital-sa\/2026\/03\/04\/biodiversidade-da-amazonia-com-a-sofisticacao-de-milao-a-marca-de-lucas-pinheiro\/","title":{"rendered":"Biodiversidade da Amaz\u00f4nia com a sofistica\u00e7\u00e3o de Mil\u00e3o: a marca de Lucas Pinheiro"},"content":{"rendered":"<p class=\"p1\"><strong>Por SAMANTA SALLUM\u00a0<\/strong><\/p>\n<p class=\"p1\"><span class=\"s1\">O campe\u00e3o ol\u00edmpico Lucas Pinheiro Braathen desponta com talento esportivo e tamb\u00e9m empresarial. O sucesso vem de uma receita que mistura o que h\u00e1 de melhor e mais cobi\u00e7ado no Brasil e na It\u00e1lia. Antes mesmo da medalha de ouro no esqui, o atleta j\u00e1 vinha trilhando sua carreira empresarial. Al\u00e9m de ter a imagem associada\u00a0\u00e0 publicidade de grandes empresas ligadas ao esporte, ele criou a pr\u00f3pria marca: a Octode skincare.<br \/>\n<\/span><\/p>\n<p class=\"p1\"><span class=\"s1\">Ap\u00f3s a vit\u00f3ria hist\u00f3rica nas olimp\u00edadas de inverno na It\u00e1lia, a empresa dele teria alcan\u00e7ado\u00a0R$ 1 bilh\u00e3o em valor de mercado. A parte criativa \u00e9 desenvolvida em Mil\u00e3o. Os ingredientes foram buscados da biodiversidade da Amaz\u00f4nia.<br \/>\n<\/span><\/p>\n<p class=\"p1\"><span class=\"s1\">Segundo o atleta, o produto foi desenvolvido para atender a uma necessidade que sentiu literalmente na pr\u00f3pria pele: a de viver viajando e precisar cuidar de sua imagem. Ent\u00e3o, quis criar um produto s\u00f3, com oito ingredientes, que dispensasse o uso de outros cremes. E o n\u00famero de componentes da\u00a0<\/span><span class=\"s1\">f\u00f3rmula foi a inspira\u00e7\u00e3o para o nome de marca Octo, oito em grego.<\/span><\/p>\n","protected":false},"excerpt":{"rendered":"<p>Por SAMANTA SALLUM\u00a0 O campe\u00e3o ol\u00edmpico Lucas Pinheiro Braathen desponta com talento esportivo e tamb\u00e9m empresarial. O sucesso vem de uma receita que mistura o que h\u00e1 de melhor e mais cobi\u00e7ado no Brasil e na It\u00e1lia. Antes mesmo da medalha de ouro no esqui, o atleta j\u00e1 vinha trilhando sua carreira empresarial. Al\u00e9m de ter a imagem associada\u00a0\u00e0 publicidade [&hellip;]<\/p>\n","protected":false},"author":125,"featured_media":22088,"comment_status":"open","ping_status":"open","sticky":false,"template":"","format":"standard","meta":{"footnotes":""},"categories":[6],"tags":[],"class_list":["post-22084","post","type-post","status-publish","format-standard","has-post-thumbnail","hentry","category-coluna-capital-s-a"],"_links":{"self":[{"href":"https:\/\/blogs.correiobraziliense.com.br\/capital-sa\/wp-json\/wp\/v2\/posts\/22084","targetHints":{"allow":["GET"]}}],"collection":[{"href":"https:\/\/blogs.correiobraziliense.com.br\/capital-sa\/wp-json\/wp\/v2\/posts"}],"about":[{"href":"https:\/\/blogs.correiobraziliense.com.br\/capital-sa\/wp-json\/wp\/v2\/types\/post"}],"author":[{"embeddable":true,"href":"https:\/\/blogs.correiobraziliense.com.br\/capital-sa\/wp-json\/wp\/v2\/users\/125"}],"replies":[{"embeddable":true,"href":"https:\/\/blogs.correiobraziliense.com.br\/capital-sa\/wp-json\/wp\/v2\/comments?post=22084"}],"version-history":[{"count":4,"href":"https:\/\/blogs.correiobraziliense.com.br\/capital-sa\/wp-json\/wp\/v2\/posts\/22084\/revisions"}],"predecessor-version":[{"id":22089,"href":"https:\/\/blogs.correiobraziliense.com.br\/capital-sa\/wp-json\/wp\/v2\/posts\/22084\/revisions\/22089"}],"wp:featuredmedia":[{"embeddable":true,"href":"https:\/\/blogs.correiobraziliense.com.br\/capital-sa\/wp-json\/wp\/v2\/media\/22088"}],"wp:attachment":[{"href":"https:\/\/blogs.correiobraziliense.com.br\/capital-sa\/wp-json\/wp\/v2\/media?parent=22084"}],"wp:term":[{"taxonomy":"category","embeddable":true,"href":"https:\/\/blogs.correiobraziliense.com.br\/capital-sa\/wp-json\/wp\/v2\/categories?post=22084"},{"taxonomy":"post_tag","embeddable":true,"href":"https:\/\/blogs.correiobraziliense.com.br\/capital-sa\/wp-json\/wp\/v2\/tags?post=22084"}],"curies":[{"name":"wp","href":"https:\/\/api.w.org\/{rel}","templated":true}]}}