{"id":22072,"date":"2026-03-03T14:41:34","date_gmt":"2026-03-03T17:41:34","guid":{"rendered":"https:\/\/blogs.correiobraziliense.com.br\/capital-sa\/?p=22072"},"modified":"2026-03-03T14:41:34","modified_gmt":"2026-03-03T17:41:34","slug":"brb-quer-emitir-novas-acoes-para-arrecadar-r-8-bilhoes","status":"publish","type":"post","link":"https:\/\/blogs.correiobraziliense.com.br\/capital-sa\/2026\/03\/03\/brb-quer-emitir-novas-acoes-para-arrecadar-r-8-bilhoes\/","title":{"rendered":"BRB quer emitir novas a\u00e7\u00f5es para arrecadar R$ 8 bilh\u00f5es"},"content":{"rendered":"<p><strong>Por SAMANTA SALLUM\u00a0<\/strong><\/p>\n<p class=\"p1\"><span class=\"s1\">O Banco de Bras\u00edlia convocou Assembleia Geral Extraordin\u00e1ria para 18 de mar\u00e7o com o objetivo de aprovar o aumento de capital social. A proposta \u00e9 emitir at\u00e9 1,67 bilh\u00e3o de a\u00e7\u00f5es ordin\u00e1rias para arrecadar at\u00e9 R$ 8,86 bilh\u00f5es. Atualmente, o capital social do BRB \u00e9 de R$ 2,34 bilh\u00f5es. Se conseguir arrecadar esse valor, \u00a0passaria a R$ 11,2 bilh\u00f5es. Nas proje\u00e7\u00f5es do banco, a capta\u00e7\u00e3o m\u00ednima ser\u00e1 de R$529 milh\u00f5es com a opera\u00e7\u00e3o.\u00a0<\/span><\/p>\n<p class=\"p1\"><span class=\"s1\">Em documento oficial, o banco justifica a medida aos investidores. \u201cDe forma tempestiva e alinhada \u00e0s melhores pr\u00e1ticas de governan\u00e7a prudencial, prop\u00f5e-se o presente aumento de capital como medida estruturante destinada a manter os \u00edndices em\u00a0<\/span>patamar adequado, com margem de conforto em rela\u00e7\u00e3o aos requerimentos regulat\u00f3rios, refor\u00e7ando e mantendo a solidez patrimonial da institui\u00e7\u00e3o. A medida integra o plano de fortalecimento de capital e gest\u00e3o prudencial submetido \u00e0s inst\u00e2ncias competentes\u201d.<\/p>\n<p>A assembleia ter\u00e1 ainda que aprovar a emiss\u00e3o de novas a\u00e7\u00f5es para negociadas no mercado financeiro.<\/p>\n<p class=\"p1\"><strong><em>Edison Garcia declina indica\u00e7\u00e3o para conselho<\/em><\/strong><\/p>\n<p class=\"p1\"><span class=\"s1\">Na assembleia de mar\u00e7o, deveria ser homologada tamb\u00e9m a nomea\u00e7\u00e3o do presidente da CEB, Edison Garcia, \u00e0 presid\u00eancia do Conselho Administrativo do BRB. Segundo informa\u00e7\u00f5es do banco, o executivo comunicou que declinou da indica\u00e7\u00e3o para o cargo por motivos pessoais. Ele tinha sido oficialmente indicado pelo GDF, que \u00e9 o investidor controlador do BRB, para assumir a fun\u00e7\u00e3o.<\/span><\/p>\n<p><strong>Venda de subsidi\u00e1rias com a Financeira BRB<\/strong><\/p>\n<p class=\"p1\"><span class=\"s1\">A argumenta\u00e7\u00e3o do presidente do BRB, Nelson de Souza, para convencer os distritais a aprovarem o projeto de socorro ao banco, elevou ainda mais o clima tenso sobre o futuro da institui\u00e7\u00e3o. E uma outra informa\u00e7\u00e3o provocou alvoro\u00e7o: a sinaliza\u00e7\u00e3o de que a Financeira BRB pode ser vendida para ajudar na recomposi\u00e7\u00e3o de capital. Inclusive, especialistas na \u00e1rea apontaram que a informa\u00e7\u00e3o n\u00e3o podia vazar antes de uma publica\u00e7\u00e3o oficial do BRB como Fato Relevante.<\/span><\/p>\n<p class=\"p1\"><strong><span class=\"s1\">Cr\u00e9dito consignado<\/span><\/strong><\/p>\n<p class=\"p1\"><span class=\"s1\">A controladora tem 1,6 milh\u00e3o de clientes, e teve aumento de 316% em rela\u00e7\u00e3o a 2024. O crescimento da Financeira foi favorecido pela expans\u00e3o do cr\u00e9dito consignado. Atua\u00e7\u00e3o criticada pela oposi\u00e7\u00e3o ao governador Ibaneis Rocha por provocar alto endividamento entre servidores p\u00fablicos do DF e \u00e9 alvo de a\u00e7\u00e3o protocolada pelo PC do B. Haveria servidores com 100% do sal\u00e1rio comprometido.<\/span><\/p>\n<p class=\"p1\"><strong><span class=\"s1\">Cobran\u00e7a por resultado de auditoria<\/span><\/strong><\/p>\n<p class=\"p1\"><span class=\"s1\">Nelson de Souza provocou um rebuli\u00e7o entre os distritais ao elencar o colapso no banco, caso o projeto de lei n\u00e3o seja aprovado o quanto antes. A tens\u00e3o entre os deputados aumentou ainda mais. E o mais cobrado do BRB \u00e9 o resultado da auditoria que est\u00e1 sendo realizada para apurar o real tamanho do preju\u00edzo causado pelas opera\u00e7\u00f5es com o Banco Master. O prazo est\u00e1 se esgotando, e as informa\u00e7\u00f5es s\u00e3o essenciais para a aprova\u00e7\u00e3o do balan\u00e7o do BRB, que tem que ser feita em abril.<\/span><\/p>\n","protected":false},"excerpt":{"rendered":"<p>Por SAMANTA SALLUM\u00a0 O Banco de Bras\u00edlia convocou Assembleia Geral Extraordin\u00e1ria para 18 de mar\u00e7o com o objetivo de aprovar o aumento de capital social. A proposta \u00e9 emitir at\u00e9 1,67 bilh\u00e3o de a\u00e7\u00f5es ordin\u00e1rias para arrecadar at\u00e9 R$ 8,86 bilh\u00f5es. Atualmente, o capital social do BRB \u00e9 de R$ 2,34 bilh\u00f5es. Se conseguir arrecadar esse valor, \u00a0passaria a R$ [&hellip;]<\/p>\n","protected":false},"author":125,"featured_media":22083,"comment_status":"open","ping_status":"open","sticky":false,"template":"","format":"standard","meta":{"footnotes":""},"categories":[1],"tags":[],"class_list":["post-22072","post","type-post","status-publish","format-standard","has-post-thumbnail","hentry","category-sem-categoria"],"_links":{"self":[{"href":"https:\/\/blogs.correiobraziliense.com.br\/capital-sa\/wp-json\/wp\/v2\/posts\/22072","targetHints":{"allow":["GET"]}}],"collection":[{"href":"https:\/\/blogs.correiobraziliense.com.br\/capital-sa\/wp-json\/wp\/v2\/posts"}],"about":[{"href":"https:\/\/blogs.correiobraziliense.com.br\/capital-sa\/wp-json\/wp\/v2\/types\/post"}],"author":[{"embeddable":true,"href":"https:\/\/blogs.correiobraziliense.com.br\/capital-sa\/wp-json\/wp\/v2\/users\/125"}],"replies":[{"embeddable":true,"href":"https:\/\/blogs.correiobraziliense.com.br\/capital-sa\/wp-json\/wp\/v2\/comments?post=22072"}],"version-history":[{"count":10,"href":"https:\/\/blogs.correiobraziliense.com.br\/capital-sa\/wp-json\/wp\/v2\/posts\/22072\/revisions"}],"predecessor-version":[{"id":22082,"href":"https:\/\/blogs.correiobraziliense.com.br\/capital-sa\/wp-json\/wp\/v2\/posts\/22072\/revisions\/22082"}],"wp:featuredmedia":[{"embeddable":true,"href":"https:\/\/blogs.correiobraziliense.com.br\/capital-sa\/wp-json\/wp\/v2\/media\/22083"}],"wp:attachment":[{"href":"https:\/\/blogs.correiobraziliense.com.br\/capital-sa\/wp-json\/wp\/v2\/media?parent=22072"}],"wp:term":[{"taxonomy":"category","embeddable":true,"href":"https:\/\/blogs.correiobraziliense.com.br\/capital-sa\/wp-json\/wp\/v2\/categories?post=22072"},{"taxonomy":"post_tag","embeddable":true,"href":"https:\/\/blogs.correiobraziliense.com.br\/capital-sa\/wp-json\/wp\/v2\/tags?post=22072"}],"curies":[{"name":"wp","href":"https:\/\/api.w.org\/{rel}","templated":true}]}}