{"id":22043,"date":"2026-02-20T16:31:20","date_gmt":"2026-02-20T19:31:20","guid":{"rendered":"https:\/\/blogs.correiobraziliense.com.br\/capital-sa\/?p=22043"},"modified":"2026-02-20T16:58:25","modified_gmt":"2026-02-20T19:58:25","slug":"brb-cancela-assembleia-que-elegeria-presidente-de-conselho","status":"publish","type":"post","link":"https:\/\/blogs.correiobraziliense.com.br\/capital-sa\/2026\/02\/20\/brb-cancela-assembleia-que-elegeria-presidente-de-conselho\/","title":{"rendered":"BRB cancela assembleia de acionistas que elegeria presidente de conselho"},"content":{"rendered":"<p class=\"p1\"><span class=\"s1\"><em>Balan\u00e7o do exerc\u00edcio de 2025 ter\u00e1 de ser aprovado em abril <\/em><\/span><\/p>\n<p class=\"p1\"><strong><em><span class=\"s1\">Por SAMANTA SALLUM <\/span><\/em><\/strong><\/p>\n<p class=\"p1\"><span class=\"s2\">A Assembleia Geral Extraordin\u00e1ria que tinha sido convocada oficialmente pelo BRB para ocorrer ontem, 19 de fevereiro, foi cancelada pelo banco.<span class=\"Apple-converted-space\">\u00a0 <\/span>A pauta da reuni\u00e3o era a elei\u00e7\u00e3o do novo presidente do Conselho Administrativo. A mudan\u00e7a de rota aponta que a tend\u00eancia \u00e9 que a atual composi\u00e7\u00e3o do conselho siga at\u00e9 abril, quando termina o mandato dos integrantes e coincide com a an\u00e1lise do balan\u00e7o do BRB referente ao exerc\u00edcio de 2025. O que ser\u00e1 uma situa\u00e7\u00e3o no m\u00ednimo complicada, tensa e complexa diante das denuncias de gest\u00e3o fraudulenta do banco, que est\u00e1 envolvido no esc\u00e2ndalo das opera\u00e7\u00f5es do Master. <\/span><\/p>\n<p class=\"p1\"><span class=\"s2\">A indica\u00e7\u00e3o do nome para presidir o Conselho Administrativo vem do investidor controlador, no caso o Governo do Distrito Federal. Num acordo de cavalheiros entre o governador Ibaneis Rocha e o novo presidente do BRB, Nelson de Souza, a escolha teve o apoio pr\u00e9vio do atual comando do banco. E foi o de Edison Garcia, atual presidente da Companhia Energ\u00e9tica de Bras\u00edlia (CEB). Ele foi oficialmente indicado e ja foi nomeado como conselheiro. No entanto, n\u00e3o foi empossado ainda e nem foi eleito presidente do colegiado como programado antes.<\/span><\/p>\n<p class=\"p1\"><span class=\"s2\">Muitas mudan\u00e7as vem ocorrendo no 1o escal\u00e3o do BRB. Diante da recusa de Marcelo Talarico de sair da presid\u00eancia do colegiado, o presidente do banco, Nelson de Souza, se viu obrigado a convocar uma assembleia extraordin\u00e1ria dos acionistas para destitu\u00ed-lo. Bem ao estilo \u201cse n\u00e3o sai por bem, sair\u00e1 por mal.\u201d Mas Talarico acabou renunciando para evitar mais desgastes. Ele era homem de confian\u00e7a do ex-presidente do BRB , Paulo Henrique Costa.<\/span><\/p>\n<p class=\"p1\"><span class=\"s2\">Outra baixa foi de Luana de Andrade Ribeiro, destitu\u00edda da fun\u00e7\u00e3o de Diretora Executiva de Controles e Riscos. E a mais recente foi de Jacques Veloso que renunciou ao cargo de diretor jur\u00eddico.<\/span><\/p>\n","protected":false},"excerpt":{"rendered":"<p>Balan\u00e7o do exerc\u00edcio de 2025 ter\u00e1 de ser aprovado em abril Por SAMANTA SALLUM A Assembleia Geral Extraordin\u00e1ria que tinha sido convocada oficialmente pelo BRB para ocorrer ontem, 19 de fevereiro, foi cancelada pelo banco.\u00a0 A pauta da reuni\u00e3o era a elei\u00e7\u00e3o do novo presidente do Conselho Administrativo. A mudan\u00e7a de rota aponta que a tend\u00eancia \u00e9 que a atual [&hellip;]<\/p>\n","protected":false},"author":125,"featured_media":22046,"comment_status":"open","ping_status":"open","sticky":false,"template":"","format":"standard","meta":{"footnotes":""},"categories":[6],"tags":[],"class_list":["post-22043","post","type-post","status-publish","format-standard","has-post-thumbnail","hentry","category-coluna-capital-s-a"],"_links":{"self":[{"href":"https:\/\/blogs.correiobraziliense.com.br\/capital-sa\/wp-json\/wp\/v2\/posts\/22043","targetHints":{"allow":["GET"]}}],"collection":[{"href":"https:\/\/blogs.correiobraziliense.com.br\/capital-sa\/wp-json\/wp\/v2\/posts"}],"about":[{"href":"https:\/\/blogs.correiobraziliense.com.br\/capital-sa\/wp-json\/wp\/v2\/types\/post"}],"author":[{"embeddable":true,"href":"https:\/\/blogs.correiobraziliense.com.br\/capital-sa\/wp-json\/wp\/v2\/users\/125"}],"replies":[{"embeddable":true,"href":"https:\/\/blogs.correiobraziliense.com.br\/capital-sa\/wp-json\/wp\/v2\/comments?post=22043"}],"version-history":[{"count":5,"href":"https:\/\/blogs.correiobraziliense.com.br\/capital-sa\/wp-json\/wp\/v2\/posts\/22043\/revisions"}],"predecessor-version":[{"id":22049,"href":"https:\/\/blogs.correiobraziliense.com.br\/capital-sa\/wp-json\/wp\/v2\/posts\/22043\/revisions\/22049"}],"wp:featuredmedia":[{"embeddable":true,"href":"https:\/\/blogs.correiobraziliense.com.br\/capital-sa\/wp-json\/wp\/v2\/media\/22046"}],"wp:attachment":[{"href":"https:\/\/blogs.correiobraziliense.com.br\/capital-sa\/wp-json\/wp\/v2\/media?parent=22043"}],"wp:term":[{"taxonomy":"category","embeddable":true,"href":"https:\/\/blogs.correiobraziliense.com.br\/capital-sa\/wp-json\/wp\/v2\/categories?post=22043"},{"taxonomy":"post_tag","embeddable":true,"href":"https:\/\/blogs.correiobraziliense.com.br\/capital-sa\/wp-json\/wp\/v2\/tags?post=22043"}],"curies":[{"name":"wp","href":"https:\/\/api.w.org\/{rel}","templated":true}]}}