{"id":22014,"date":"2026-02-16T15:50:20","date_gmt":"2026-02-16T18:50:20","guid":{"rendered":"https:\/\/blogs.correiobraziliense.com.br\/capital-sa\/?p=22014"},"modified":"2026-02-16T18:03:29","modified_gmt":"2026-02-16T21:03:29","slug":"celina-leao-repudia-imagem-de-evangelicos-enlatados-na-sapucai","status":"publish","type":"post","link":"https:\/\/blogs.correiobraziliense.com.br\/capital-sa\/2026\/02\/16\/celina-leao-repudia-imagem-de-evangelicos-enlatados-na-sapucai\/","title":{"rendered":"Celina Le\u00e3o repudia imagem de evang\u00e9licos enlatados na Sapuca\u00ed"},"content":{"rendered":"<p>\u201c<em>Humilha\u00e7\u00e3o e preconceito\u201d. Vice-governadora do Distrito Federal e parlamentares bolsonaristas reagiram ao desfile de escola de samba que fez homenagem ao presidente Lula, no Rio de Janeiro.\u00a0<\/em>Ala da Acad\u00eamicos de Niter\u00f3i foi intitulada &#8220;neoconservadores em conserva\u201d<\/p>\n<p><strong>Por SAMANTA SALLUM\u00a0<\/strong><\/p>\n<p class=\"p2\"><span class=\"s1\">\u201cAquilo n\u00e3o \u00e9 apresenta\u00e7\u00e3o art\u00edstica. \u00c9 um recado perigoso. Reduzir milh\u00f5es de brasileiros a uma caricatura. Foi preconceito religioso. Compartilho minha indigna\u00e7\u00e3o e profunda tristeza\u201d, afirmou agora h\u00e1 pouco a vice-governadora do DF, Celina Le\u00e3o (PP).<\/span><\/p>\n<p>A deputada federal Bia Kicis (PL\/DF) refor\u00e7ou o manifesto. Ela afirmou que o TSE tamb\u00e9m foi humilhado no desfile da Acad\u00eamicos de Niter\u00f3i, na noite de domingo, na Marqu\u00eas de Sapuca\u00ed.<\/p>\n<p>\u201cHumilha\u00e7\u00e3o. Essa \u00e9 a palavra. Humilharam o TSE, violando as regras de eleitorais, fazendo campanha eleitoral expl\u00edcita. Tamb\u00e9m retrataram de forma \u00a0desrespeitosa o ex-presidente Bolsonaro; e colocaram numa lata de sardinha, de conserva, \u00a0todos aqueles que lutam pela fam\u00edlia. Enlataram todos os crist\u00e3os\u201d, frisou Kicis.<\/p>\n<p><img loading=\"lazy\" decoding=\"async\" class=\"aligncenter size-medium wp-image-22039\" src=\"https:\/\/blogs.correiobraziliense.com.br\/capital-sa\/wp-content\/uploads\/sites\/59\/2026\/02\/IMG_4155-300x210.jpeg\" alt=\"\" width=\"300\" height=\"210\" srcset=\"https:\/\/blogs.correiobraziliense.com.br\/capital-sa\/wp-content\/uploads\/sites\/59\/2026\/02\/IMG_4155-300x210.jpeg 300w, https:\/\/blogs.correiobraziliense.com.br\/capital-sa\/wp-content\/uploads\/sites\/59\/2026\/02\/IMG_4155-768x538.jpeg 768w, https:\/\/blogs.correiobraziliense.com.br\/capital-sa\/wp-content\/uploads\/sites\/59\/2026\/02\/IMG_4155-1024x717.jpeg 1024w, https:\/\/blogs.correiobraziliense.com.br\/capital-sa\/wp-content\/uploads\/sites\/59\/2026\/02\/IMG_4155-800x560.jpeg 800w, https:\/\/blogs.correiobraziliense.com.br\/capital-sa\/wp-content\/uploads\/sites\/59\/2026\/02\/IMG_4155-550x385.jpeg 550w, https:\/\/blogs.correiobraziliense.com.br\/capital-sa\/wp-content\/uploads\/sites\/59\/2026\/02\/IMG_4155-230x161.jpeg 230w, https:\/\/blogs.correiobraziliense.com.br\/capital-sa\/wp-content\/uploads\/sites\/59\/2026\/02\/IMG_4155.jpeg 1170w\" sizes=\"auto, (max-width: 300px) 100vw, 300px\" \/><\/p>\n<p><strong>Culto em Bras\u00edlia\u00a0<\/strong><\/p>\n<p class=\"p2\"><span class=\"s1\">Celina Le\u00e3o se uniu ao bloco de Michelle Bolsonaro (PL)<span class=\"Apple-converted-space\">\u00a0e\u00a0<\/span>da senadora Damares (Republicanos) no grande encontro religioso da igreja Sara Nossa Terra, que reuniu 10 mil jovens no Arena Hall. O encontro foi no s\u00e1bado. E ela contou\u00a0<\/span><span class=\"s1\">que ficou emocionada com o espa\u00e7o lotado pela\u00a0<\/span><span class=\"s1\">juventude brasiliense.<\/span><\/p>\n<p class=\"p2\"><span class=\"s1\">A foto tirada foi lida como pren\u00fancio de uma chapa com Michele disputando o Senado pelo DF.<\/span><\/p>\n<p><img loading=\"lazy\" decoding=\"async\" class=\"aligncenter size-medium wp-image-22022\" src=\"https:\/\/blogs.correiobraziliense.com.br\/capital-sa\/wp-content\/uploads\/sites\/59\/2026\/02\/IMG_4131-1-300x221.jpeg\" alt=\"\" width=\"300\" height=\"221\" srcset=\"https:\/\/blogs.correiobraziliense.com.br\/capital-sa\/wp-content\/uploads\/sites\/59\/2026\/02\/IMG_4131-1-300x221.jpeg 300w, https:\/\/blogs.correiobraziliense.com.br\/capital-sa\/wp-content\/uploads\/sites\/59\/2026\/02\/IMG_4131-1-768x567.jpeg 768w, https:\/\/blogs.correiobraziliense.com.br\/capital-sa\/wp-content\/uploads\/sites\/59\/2026\/02\/IMG_4131-1-800x590.jpeg 800w, https:\/\/blogs.correiobraziliense.com.br\/capital-sa\/wp-content\/uploads\/sites\/59\/2026\/02\/IMG_4131-1-550x406.jpeg 550w, https:\/\/blogs.correiobraziliense.com.br\/capital-sa\/wp-content\/uploads\/sites\/59\/2026\/02\/IMG_4131-1-230x170.jpeg 230w, https:\/\/blogs.correiobraziliense.com.br\/capital-sa\/wp-content\/uploads\/sites\/59\/2026\/02\/IMG_4131-1.jpeg 901w\" sizes=\"auto, (max-width: 300px) 100vw, 300px\" \/><\/p>\n<p>O desfile em homenagem ao presidente Luiz In\u00e1cio Lula da Silva (PT) realizado pela escola de samba Acad\u00eamicos de Niter\u00f3i vem provocando muitas pol\u00eamicas.<\/p>\n<p><img loading=\"lazy\" decoding=\"async\" class=\"aligncenter size-medium wp-image-22040\" src=\"https:\/\/blogs.correiobraziliense.com.br\/capital-sa\/wp-content\/uploads\/sites\/59\/2026\/02\/IMG_4158-300x203.jpeg\" alt=\"\" width=\"300\" height=\"203\" srcset=\"https:\/\/blogs.correiobraziliense.com.br\/capital-sa\/wp-content\/uploads\/sites\/59\/2026\/02\/IMG_4158-300x203.jpeg 300w, https:\/\/blogs.correiobraziliense.com.br\/capital-sa\/wp-content\/uploads\/sites\/59\/2026\/02\/IMG_4158-768x520.jpeg 768w, https:\/\/blogs.correiobraziliense.com.br\/capital-sa\/wp-content\/uploads\/sites\/59\/2026\/02\/IMG_4158-1024x693.jpeg 1024w, https:\/\/blogs.correiobraziliense.com.br\/capital-sa\/wp-content\/uploads\/sites\/59\/2026\/02\/IMG_4158-800x542.jpeg 800w, https:\/\/blogs.correiobraziliense.com.br\/capital-sa\/wp-content\/uploads\/sites\/59\/2026\/02\/IMG_4158-550x372.jpeg 550w, https:\/\/blogs.correiobraziliense.com.br\/capital-sa\/wp-content\/uploads\/sites\/59\/2026\/02\/IMG_4158-230x156.jpeg 230w, https:\/\/blogs.correiobraziliense.com.br\/capital-sa\/wp-content\/uploads\/sites\/59\/2026\/02\/IMG_4158.jpeg 1170w\" sizes=\"auto, (max-width: 300px) 100vw, 300px\" \/><\/p>\n<p class=\"p1\"><span class=\"s1\">O enredo virou alvo de fortes cr\u00edticas pela oposi\u00e7\u00e3o. O Partido Novo anunciou que acionar\u00e1 a Justi\u00e7a Eleitoral para pedir a inelegibilidade do presidente.<\/span><\/p>\n<p>&nbsp;<\/p>\n","protected":false},"excerpt":{"rendered":"<p>\u201cHumilha\u00e7\u00e3o e preconceito\u201d. Vice-governadora do Distrito Federal e parlamentares bolsonaristas reagiram ao desfile de escola de samba que fez homenagem ao presidente Lula, no Rio de Janeiro.\u00a0Ala da Acad\u00eamicos de Niter\u00f3i foi intitulada &#8220;neoconservadores em conserva\u201d Por SAMANTA SALLUM\u00a0 \u201cAquilo n\u00e3o \u00e9 apresenta\u00e7\u00e3o art\u00edstica. \u00c9 um recado perigoso. Reduzir milh\u00f5es de brasileiros a uma caricatura. Foi preconceito religioso. Compartilho minha [&hellip;]<\/p>\n","protected":false},"author":125,"featured_media":22016,"comment_status":"open","ping_status":"open","sticky":false,"template":"","format":"standard","meta":{"footnotes":""},"categories":[6],"tags":[],"class_list":["post-22014","post","type-post","status-publish","format-standard","has-post-thumbnail","hentry","category-coluna-capital-s-a"],"_links":{"self":[{"href":"https:\/\/blogs.correiobraziliense.com.br\/capital-sa\/wp-json\/wp\/v2\/posts\/22014","targetHints":{"allow":["GET"]}}],"collection":[{"href":"https:\/\/blogs.correiobraziliense.com.br\/capital-sa\/wp-json\/wp\/v2\/posts"}],"about":[{"href":"https:\/\/blogs.correiobraziliense.com.br\/capital-sa\/wp-json\/wp\/v2\/types\/post"}],"author":[{"embeddable":true,"href":"https:\/\/blogs.correiobraziliense.com.br\/capital-sa\/wp-json\/wp\/v2\/users\/125"}],"replies":[{"embeddable":true,"href":"https:\/\/blogs.correiobraziliense.com.br\/capital-sa\/wp-json\/wp\/v2\/comments?post=22014"}],"version-history":[{"count":24,"href":"https:\/\/blogs.correiobraziliense.com.br\/capital-sa\/wp-json\/wp\/v2\/posts\/22014\/revisions"}],"predecessor-version":[{"id":22042,"href":"https:\/\/blogs.correiobraziliense.com.br\/capital-sa\/wp-json\/wp\/v2\/posts\/22014\/revisions\/22042"}],"wp:featuredmedia":[{"embeddable":true,"href":"https:\/\/blogs.correiobraziliense.com.br\/capital-sa\/wp-json\/wp\/v2\/media\/22016"}],"wp:attachment":[{"href":"https:\/\/blogs.correiobraziliense.com.br\/capital-sa\/wp-json\/wp\/v2\/media?parent=22014"}],"wp:term":[{"taxonomy":"category","embeddable":true,"href":"https:\/\/blogs.correiobraziliense.com.br\/capital-sa\/wp-json\/wp\/v2\/categories?post=22014"},{"taxonomy":"post_tag","embeddable":true,"href":"https:\/\/blogs.correiobraziliense.com.br\/capital-sa\/wp-json\/wp\/v2\/tags?post=22014"}],"curies":[{"name":"wp","href":"https:\/\/api.w.org\/{rel}","templated":true}]}}