{"id":21834,"date":"2026-01-26T17:10:43","date_gmt":"2026-01-26T20:10:43","guid":{"rendered":"https:\/\/blogs.correiobraziliense.com.br\/capital-sa\/?p=21834"},"modified":"2026-01-28T14:25:53","modified_gmt":"2026-01-28T17:25:53","slug":"gdf-tem-muito-patrimonio-e-pode-ajudar-brb-confirma-secretario-de-economia","status":"publish","type":"post","link":"https:\/\/blogs.correiobraziliense.com.br\/capital-sa\/2026\/01\/26\/gdf-tem-muito-patrimonio-e-pode-ajudar-brb-confirma-secretario-de-economia\/","title":{"rendered":"\u201cGDF tem muito patrim\u00f4nio e pode ajudar BRB\u201d, confirma secret\u00e1rio de Economia"},"content":{"rendered":"<p class=\"p1\"><em>Gestor comparou poss\u00edvel ajuda ao BRB \u00a0a que foi realizada pelo governo federal aos Correios. Mas disse que valores de preju\u00edzo n\u00e3o passam de especula\u00e7\u00f5es; e que n\u00e3o h\u00e1, no momento, a\u00e7\u00e3o alguma em curso para transferir dinheiro dos cofres p\u00fablicos ao BRB<\/em><\/p>\n<p class=\"p1\"><strong><span class=\"s1\">Por SAMANTA SALLUM<\/span><\/strong><\/p>\n<p class=\"p1\"><span class=\"s1\">O secret\u00e1rio de Economia do Governo do Distrito Federal, Daniel Izaias, afirmou ao\u00a0<strong>Correio<\/strong> que o DF tem robusto patrim\u00f4nio para socorrer financeiramente o BRB. \u201cO Distrito Federal tem empresas, im\u00f3veis. \u00c9 um estado rico em patrim\u00f4nio. E, se for necess\u00e1rio, o GDF como a acionista controlador do BRB, poder\u00e1 ajudar a institui\u00e7\u00e3o\u201d, explicou. Citou Terracap, CAESB, CEB entre as empresas controladas pelo GDF.<\/span><\/p>\n<p class=\"p1\"><span class=\"s1\">Izaias afirmou que essa n\u00e3o ser\u00e1 a primeira vez que um governo no pa\u00eds tenha de socorrer financeiramente uma empresa ligada a ele. \u201cO governo federal repassou R$ 10 bilh\u00f5es para salvar os Correios\u201d, apontou. O gestor se referiu ao plano de reestrutura\u00e7\u00e3o dos Correios, que vai contar com suporte financeiro dos cofres p\u00fablicos federais.<\/span><\/p>\n<p><iframe loading=\"lazy\" frameborder=\"0\" width=\"1440\" height=\"809\" src=\"https:\/\/geo.dailymotion.com\/player.html?video=x9ymsba&#038;\" allowfullscreen allow=\"autoplay; fullscreen; picture-in-picture; web-share\"><\/iframe><\/p>\n<p class=\"p1\"><span class=\"s1\">O secret\u00e1rio, no entanto, criticou o que chamou de \u00a0\u201cespecula\u00e7\u00f5es\u201d\u00a0<\/span>sobre poss\u00edvel preju\u00edzo do BRB. Contou que ele n\u00e3o tem acesso a informa\u00e7\u00f5es do que est\u00e1 sendo tratado internamente no banco. \u201c\u00c9 preciso esperar os resultados das auditorias. E s\u00f3 o BRB pode falar sobre a real situa\u00e7\u00e3o. N\u00e3o h\u00e1 nada ainda definido se ser\u00e1 necess\u00e1rio o aporte\u201d, ponderou.<\/p>\n<p class=\"p1\">Izaias frisou que o governador Ibaneis Rocha o incumbiu de garantir o controle fiscal do GDF. E que a miss\u00e3o \u00e9 concluir o mandato sem d\u00e9ficit or\u00e7ament\u00e1rio. E que na reuni\u00e3o com Ibaneis n\u00e3o foi tratado BRB.<\/p>\n<p class=\"p1\">\u201cO governador determinou expressamente o equil\u00edbrio fiscal do DF. Quer concluir o mandato deixando as contas organizadas\u201d, afirmou o secret\u00e1rio. \u00a0Segundo ele, n\u00e3o quer entregar nenhuma bomba-rel\u00f3gio para o pr\u00f3ximo governo.<\/p>\n<p><strong><em>Acompanhe a Capital S\/A na TV Bras\u00edlia todas as ter\u00e7as e quintas-feiras, 18h30\u00a0<\/em><\/strong><strong><em>no JL ao vivo.<\/em><\/strong><\/p>\n<p><iframe loading=\"lazy\" title=\"BRASILEIRO TERMINOU 2025 MAIS ENDIVIDADO QUE NO ANO ANTERIOR | CAPITAL S\/A\" width=\"1440\" height=\"810\" src=\"https:\/\/www.youtube.com\/embed\/jntuBn3-Jks?feature=oembed\" frameborder=\"0\" allow=\"accelerometer; autoplay; clipboard-write; encrypted-media; gyroscope; picture-in-picture; web-share\" referrerpolicy=\"strict-origin-when-cross-origin\" allowfullscreen><\/iframe><\/p>\n","protected":false},"excerpt":{"rendered":"<p>Gestor comparou poss\u00edvel ajuda ao BRB \u00a0a que foi realizada pelo governo federal aos Correios. Mas disse que valores de preju\u00edzo n\u00e3o passam de especula\u00e7\u00f5es; e que n\u00e3o h\u00e1, no momento, a\u00e7\u00e3o alguma em curso para transferir dinheiro dos cofres p\u00fablicos ao BRB Por SAMANTA SALLUM O secret\u00e1rio de Economia do Governo do Distrito Federal, Daniel Izaias, afirmou ao\u00a0Correio que [&hellip;]<\/p>\n","protected":false},"author":125,"featured_media":21839,"comment_status":"open","ping_status":"open","sticky":false,"template":"","format":"standard","meta":{"footnotes":""},"categories":[6],"tags":[],"class_list":["post-21834","post","type-post","status-publish","format-standard","has-post-thumbnail","hentry","category-coluna-capital-s-a"],"_links":{"self":[{"href":"https:\/\/blogs.correiobraziliense.com.br\/capital-sa\/wp-json\/wp\/v2\/posts\/21834","targetHints":{"allow":["GET"]}}],"collection":[{"href":"https:\/\/blogs.correiobraziliense.com.br\/capital-sa\/wp-json\/wp\/v2\/posts"}],"about":[{"href":"https:\/\/blogs.correiobraziliense.com.br\/capital-sa\/wp-json\/wp\/v2\/types\/post"}],"author":[{"embeddable":true,"href":"https:\/\/blogs.correiobraziliense.com.br\/capital-sa\/wp-json\/wp\/v2\/users\/125"}],"replies":[{"embeddable":true,"href":"https:\/\/blogs.correiobraziliense.com.br\/capital-sa\/wp-json\/wp\/v2\/comments?post=21834"}],"version-history":[{"count":24,"href":"https:\/\/blogs.correiobraziliense.com.br\/capital-sa\/wp-json\/wp\/v2\/posts\/21834\/revisions"}],"predecessor-version":[{"id":21861,"href":"https:\/\/blogs.correiobraziliense.com.br\/capital-sa\/wp-json\/wp\/v2\/posts\/21834\/revisions\/21861"}],"wp:featuredmedia":[{"embeddable":true,"href":"https:\/\/blogs.correiobraziliense.com.br\/capital-sa\/wp-json\/wp\/v2\/media\/21839"}],"wp:attachment":[{"href":"https:\/\/blogs.correiobraziliense.com.br\/capital-sa\/wp-json\/wp\/v2\/media?parent=21834"}],"wp:term":[{"taxonomy":"category","embeddable":true,"href":"https:\/\/blogs.correiobraziliense.com.br\/capital-sa\/wp-json\/wp\/v2\/categories?post=21834"},{"taxonomy":"post_tag","embeddable":true,"href":"https:\/\/blogs.correiobraziliense.com.br\/capital-sa\/wp-json\/wp\/v2\/tags?post=21834"}],"curies":[{"name":"wp","href":"https:\/\/api.w.org\/{rel}","templated":true}]}}