{"id":21762,"date":"2026-01-15T19:40:10","date_gmt":"2026-01-15T22:40:10","guid":{"rendered":"https:\/\/blogs.correiobraziliense.com.br\/capital-sa\/?p=21762"},"modified":"2026-01-16T14:46:59","modified_gmt":"2026-01-16T17:46:59","slug":"presidente-do-conselho-administrativo-do-brb-renuncia-ao-cargo","status":"publish","type":"post","link":"https:\/\/blogs.correiobraziliense.com.br\/capital-sa\/2026\/01\/15\/presidente-do-conselho-administrativo-do-brb-renuncia-ao-cargo\/","title":{"rendered":"Presidente do Conselho Administrativo do BRB renuncia ao cargo"},"content":{"rendered":"<p class=\"p1\"><strong>Por SAMANTA SALLUM\u00a0<\/strong><\/p>\n<p class=\"p1\"><span class=\"s1\">Em meio a um cabo de guerra dentro do BRB e depois de muita resist\u00eancia, Marcelo Talarico teria enviado um comunicado por e-mail aos integrantes do Conselho de Administrativo avisando que vai deixar a<span class=\"Apple-converted-space\">\u00a0 <\/span>presid\u00eancia hoje. E que vai renunciar a vaga de conselheiro na reuni\u00e3o do final do m\u00eas.\u00a0<\/span>O mandato de Talarico iria at\u00e9 abril.<\/p>\n<p class=\"p1\"><span class=\"s1\"> Na mensagem eletr\u00f4nica que a Capital S\/A teve acesso, ele diz:<span class=\"Apple-converted-space\">\u00a0 <\/span>\u201cDiante das discuss\u00f5es recentes e considerando o cen\u00e1rio institucional que se apresenta, tomei a decis\u00e3o de transferir a presid\u00eancia do Conselho de Administra\u00e7\u00e3o ao Dr. Raphael. Entendo que este movimento contribui para a estabilidade do colegiado e para a continuidade das agendas estrat\u00e9gicas que todos n\u00f3s buscamos fortalecer.\u201d<\/span><\/p>\n<p class=\"p1\"><span class=\"s1\">O novo presidente do BRB, Nelson de Souza, que assumiu com a miss\u00e3o de tirar do banco de crise, queria substituir Talarico. Uma assembleia extraordin\u00e1ria dos acionistas chegou a ser convocada para destitu\u00ed- lo do cargo o dia 5 de fevereiro. Diante disso, resolveu ent\u00e3o sair por conta pr\u00f3pria, apesar de bastante contrariado.<\/span><\/p>\n<p>Talarico era tamb\u00e9m chefe da comiss\u00e3o de auditoria do BRB, na gest\u00e3o de Paulo Henrique Costa. Com o esc\u00e2ndalo envolvendo as opera\u00e7\u00f5es com o Banco Master, a situa\u00e7\u00e3o de Talarico no BRB ficou fr\u00e1gil. Ele fazia parte do Conselho desde 2018.<\/p>\n<p class=\"p1\"><span class=\"s1\">\u201cMinha decis\u00e3o reflete o compromisso que sempre mantive com a governan\u00e7a, com a unidade do Conselho e com a responsabilidade que temos perante a institui\u00e7\u00e3o. A transi\u00e7\u00e3o ocorre de forma consciente e orientada pelo entendimento de que, neste momento, a converg\u00eancia interna \u00e9 fundamental para o avan\u00e7o das nossas prioridades\u201d, diz trecho do comunicado de Talarico.<\/span><\/p>\n<p>Procurado pelo blog, o BRB ainda n\u00e3o confirmou oficialmente a ren\u00fancia. A Capital S\/A apurou que estaria ainda ocorrendo uma reuni\u00e3o no Conselho para eleger um presidente interino e que ser\u00e1 o conselheiro\u00a0Raphael Vianna de Menezes. Mas uma assembleia j\u00e1 foi convocada para aprovar a nomea\u00e7\u00e3o de Edison Garcia, atual presidente da CEB Holding para assumir a presid\u00eancia do Conselho, que tem nove integrantes.<\/p>\n<p>Veja a carta compartilhada por Talarico :<\/p>\n<p class=\"p1\"><span class=\"s1\">\u201cPermane\u00e7o \u00e0 disposi\u00e7\u00e3o para assegurar uma transi\u00e7\u00e3o organizada e colaborativa, preservando o ambiente institucional e garantindo que nenhum projeto seja prejudicado. Agrade\u00e7o a confian\u00e7a que me foi depositada ao longo do per\u00edodo em que exerci a presid\u00eancia e reafirmo minha disposi\u00e7\u00e3o em continuar contribuindo de maneira construtiva.<\/span><\/p>\n<p class=\"p1\"><span class=\"s1\">Desejo ao Dr. Raphael \u00eaxito na condu\u00e7\u00e3o dos trabalhos e reitero minha confian\u00e7a de que o Conselho seguir\u00e1 atuando com responsabilidade, di\u00e1logo e foco no interesse maior da institui\u00e7\u00e3o.\u201d<\/span><\/p>\n<p><strong><em>Acompanhe a Capital S\/A na TV Bras\u00edlia todas as ter\u00e7as e quintas-feiras, 18h30\u00a0<\/em><\/strong><strong><em>no JL ao vivo.<\/em><\/strong><\/p>\n<p><iframe loading=\"lazy\" title=\"ATEN\u00c7\u00c3O, CONCURSEIROS! SERVI\u00c7O DO SESC OFERECE APOIO PSICOL\u00d3GICO  | CAPITAL S\/A\" width=\"1440\" height=\"810\" src=\"https:\/\/www.youtube.com\/embed\/kIvRUquNbRk?feature=oembed\" frameborder=\"0\" allow=\"accelerometer; autoplay; clipboard-write; encrypted-media; gyroscope; picture-in-picture; web-share\" referrerpolicy=\"strict-origin-when-cross-origin\" allowfullscreen><\/iframe><\/p>\n","protected":false},"excerpt":{"rendered":"<p>Por SAMANTA SALLUM\u00a0 Em meio a um cabo de guerra dentro do BRB e depois de muita resist\u00eancia, Marcelo Talarico teria enviado um comunicado por e-mail aos integrantes do Conselho de Administrativo avisando que vai deixar a\u00a0 presid\u00eancia hoje. E que vai renunciar a vaga de conselheiro na reuni\u00e3o do final do m\u00eas.\u00a0O mandato de Talarico iria at\u00e9 abril. Na [&hellip;]<\/p>\n","protected":false},"author":125,"featured_media":21766,"comment_status":"open","ping_status":"open","sticky":false,"template":"","format":"standard","meta":{"footnotes":""},"categories":[6],"tags":[],"class_list":["post-21762","post","type-post","status-publish","format-standard","has-post-thumbnail","hentry","category-coluna-capital-s-a"],"_links":{"self":[{"href":"https:\/\/blogs.correiobraziliense.com.br\/capital-sa\/wp-json\/wp\/v2\/posts\/21762","targetHints":{"allow":["GET"]}}],"collection":[{"href":"https:\/\/blogs.correiobraziliense.com.br\/capital-sa\/wp-json\/wp\/v2\/posts"}],"about":[{"href":"https:\/\/blogs.correiobraziliense.com.br\/capital-sa\/wp-json\/wp\/v2\/types\/post"}],"author":[{"embeddable":true,"href":"https:\/\/blogs.correiobraziliense.com.br\/capital-sa\/wp-json\/wp\/v2\/users\/125"}],"replies":[{"embeddable":true,"href":"https:\/\/blogs.correiobraziliense.com.br\/capital-sa\/wp-json\/wp\/v2\/comments?post=21762"}],"version-history":[{"count":10,"href":"https:\/\/blogs.correiobraziliense.com.br\/capital-sa\/wp-json\/wp\/v2\/posts\/21762\/revisions"}],"predecessor-version":[{"id":21773,"href":"https:\/\/blogs.correiobraziliense.com.br\/capital-sa\/wp-json\/wp\/v2\/posts\/21762\/revisions\/21773"}],"wp:featuredmedia":[{"embeddable":true,"href":"https:\/\/blogs.correiobraziliense.com.br\/capital-sa\/wp-json\/wp\/v2\/media\/21766"}],"wp:attachment":[{"href":"https:\/\/blogs.correiobraziliense.com.br\/capital-sa\/wp-json\/wp\/v2\/media?parent=21762"}],"wp:term":[{"taxonomy":"category","embeddable":true,"href":"https:\/\/blogs.correiobraziliense.com.br\/capital-sa\/wp-json\/wp\/v2\/categories?post=21762"},{"taxonomy":"post_tag","embeddable":true,"href":"https:\/\/blogs.correiobraziliense.com.br\/capital-sa\/wp-json\/wp\/v2\/tags?post=21762"}],"curies":[{"name":"wp","href":"https:\/\/api.w.org\/{rel}","templated":true}]}}