{"id":21748,"date":"2026-01-14T19:21:45","date_gmt":"2026-01-14T22:21:45","guid":{"rendered":"https:\/\/blogs.correiobraziliense.com.br\/capital-sa\/?p=21748"},"modified":"2026-01-14T19:21:45","modified_gmt":"2026-01-14T22:21:45","slug":"brb-apoia-bloqueio-de-bens-de-vorcaro-na-esperanca-de-reduzir-prejuizo","status":"publish","type":"post","link":"https:\/\/blogs.correiobraziliense.com.br\/capital-sa\/2026\/01\/14\/brb-apoia-bloqueio-de-bens-de-vorcaro-na-esperanca-de-reduzir-prejuizo\/","title":{"rendered":"BRB apoia bloqueio de bens de Vorcaro na esperan\u00e7a de reduzir preju\u00edzo"},"content":{"rendered":"<p><strong>Por SAMANTA SALLUM\u00a0<\/strong><\/p>\n<p class=\"p1\"><span class=\"s1\">A segunda fase da Opera\u00e7\u00e3o Compliance Zero, deflagrada na manh\u00e3 hoje, reacendeu as expectativas do BRB de n\u00e3o levar calote nas opera\u00e7\u00f5es com carteiras de cr\u00e9dito do Banco Master. O Banco de Bras\u00edlia afirmou que o bloqueio de bens dos ex-dirigentes do Master \u201camplia as chances de devolu\u00e7\u00e3o dos recursos ao BRB, fortalecendo as medidas de recupera\u00e7\u00e3o.\u201d<\/span><\/p>\n<p class=\"p1\"><span class=\"s1\">Na segunda-feira, houve uma reuni\u00e3o com o liquidante do Master. \u201cAvan\u00e7ando nas tratativas para reaver recursos que pertencem \u00e0 institui\u00e7\u00e3o\u201d, informou o BRB.<\/span><\/p>\n<p class=\"p1\"><span class=\"s1\">Opera\u00e7\u00e3o da PF bloqueou R$ 5,3 bilh\u00f5es em bens de Daniel Vorcaro e de familiares. Cumpriu\u00a0<\/span><span class=\"s3\">mandados de busca e apreens\u00e3o<\/span><span class=\"s1\"> em v\u00e1rios endere\u00e7os da fam\u00edlia.<\/span><\/p>\n<p><img loading=\"lazy\" decoding=\"async\" class=\"aligncenter size-medium wp-image-21753\" src=\"https:\/\/blogs.correiobraziliense.com.br\/capital-sa\/wp-content\/uploads\/sites\/59\/2026\/01\/IMG_3382-300x200.jpeg\" alt=\"\" width=\"300\" height=\"200\" srcset=\"https:\/\/blogs.correiobraziliense.com.br\/capital-sa\/wp-content\/uploads\/sites\/59\/2026\/01\/IMG_3382-300x200.jpeg 300w, https:\/\/blogs.correiobraziliense.com.br\/capital-sa\/wp-content\/uploads\/sites\/59\/2026\/01\/IMG_3382-768x512.jpeg 768w, https:\/\/blogs.correiobraziliense.com.br\/capital-sa\/wp-content\/uploads\/sites\/59\/2026\/01\/IMG_3382-1024x683.jpeg 1024w, https:\/\/blogs.correiobraziliense.com.br\/capital-sa\/wp-content\/uploads\/sites\/59\/2026\/01\/IMG_3382-800x533.jpeg 800w, https:\/\/blogs.correiobraziliense.com.br\/capital-sa\/wp-content\/uploads\/sites\/59\/2026\/01\/IMG_3382-550x367.jpeg 550w, https:\/\/blogs.correiobraziliense.com.br\/capital-sa\/wp-content\/uploads\/sites\/59\/2026\/01\/IMG_3382-230x153.jpeg 230w, https:\/\/blogs.correiobraziliense.com.br\/capital-sa\/wp-content\/uploads\/sites\/59\/2026\/01\/IMG_3382.jpeg 1200w\" sizes=\"auto, (max-width: 300px) 100vw, 300px\" \/><\/p>\n<p class=\"p1\"><span class=\"s1\">Tamb\u00e9m foram alvos da opera\u00e7\u00e3o o empres\u00e1rio e investidor <\/span><span class=\"s3\">Nelson Tanure<\/span><span class=\"s1\">, <\/span><span class=\"s3\">Maur\u00edcio Quadrado<\/span><span class=\"s1\">, ex-s\u00f3cio do Master, e <\/span><span class=\"s3\">Jo\u00e3o Carlos Mansur<\/span><span class=\"s1\">, ex-presidente e fundador da gestora de fundos Reag Investimentos.<\/span><\/p>\n","protected":false},"excerpt":{"rendered":"<p>Por SAMANTA SALLUM\u00a0 A segunda fase da Opera\u00e7\u00e3o Compliance Zero, deflagrada na manh\u00e3 hoje, reacendeu as expectativas do BRB de n\u00e3o levar calote nas opera\u00e7\u00f5es com carteiras de cr\u00e9dito do Banco Master. O Banco de Bras\u00edlia afirmou que o bloqueio de bens dos ex-dirigentes do Master \u201camplia as chances de devolu\u00e7\u00e3o dos recursos ao BRB, fortalecendo as medidas de recupera\u00e7\u00e3o.\u201d [&hellip;]<\/p>\n","protected":false},"author":125,"featured_media":21752,"comment_status":"open","ping_status":"open","sticky":false,"template":"","format":"standard","meta":{"footnotes":""},"categories":[6],"tags":[],"class_list":["post-21748","post","type-post","status-publish","format-standard","has-post-thumbnail","hentry","category-coluna-capital-s-a"],"_links":{"self":[{"href":"https:\/\/blogs.correiobraziliense.com.br\/capital-sa\/wp-json\/wp\/v2\/posts\/21748","targetHints":{"allow":["GET"]}}],"collection":[{"href":"https:\/\/blogs.correiobraziliense.com.br\/capital-sa\/wp-json\/wp\/v2\/posts"}],"about":[{"href":"https:\/\/blogs.correiobraziliense.com.br\/capital-sa\/wp-json\/wp\/v2\/types\/post"}],"author":[{"embeddable":true,"href":"https:\/\/blogs.correiobraziliense.com.br\/capital-sa\/wp-json\/wp\/v2\/users\/125"}],"replies":[{"embeddable":true,"href":"https:\/\/blogs.correiobraziliense.com.br\/capital-sa\/wp-json\/wp\/v2\/comments?post=21748"}],"version-history":[{"count":4,"href":"https:\/\/blogs.correiobraziliense.com.br\/capital-sa\/wp-json\/wp\/v2\/posts\/21748\/revisions"}],"predecessor-version":[{"id":21754,"href":"https:\/\/blogs.correiobraziliense.com.br\/capital-sa\/wp-json\/wp\/v2\/posts\/21748\/revisions\/21754"}],"wp:featuredmedia":[{"embeddable":true,"href":"https:\/\/blogs.correiobraziliense.com.br\/capital-sa\/wp-json\/wp\/v2\/media\/21752"}],"wp:attachment":[{"href":"https:\/\/blogs.correiobraziliense.com.br\/capital-sa\/wp-json\/wp\/v2\/media?parent=21748"}],"wp:term":[{"taxonomy":"category","embeddable":true,"href":"https:\/\/blogs.correiobraziliense.com.br\/capital-sa\/wp-json\/wp\/v2\/categories?post=21748"},{"taxonomy":"post_tag","embeddable":true,"href":"https:\/\/blogs.correiobraziliense.com.br\/capital-sa\/wp-json\/wp\/v2\/tags?post=21748"}],"curies":[{"name":"wp","href":"https:\/\/api.w.org\/{rel}","templated":true}]}}