{"id":21713,"date":"2026-01-13T23:49:03","date_gmt":"2026-01-14T02:49:03","guid":{"rendered":"https:\/\/blogs.correiobraziliense.com.br\/capital-sa\/?p=21713"},"modified":"2026-01-14T01:01:57","modified_gmt":"2026-01-14T04:01:57","slug":"brb-convoca-assembleia-extraordinaria-para-destituir-presidente-conselho","status":"publish","type":"post","link":"https:\/\/blogs.correiobraziliense.com.br\/capital-sa\/2026\/01\/13\/brb-convoca-assembleia-extraordinaria-para-destituir-presidente-conselho\/","title":{"rendered":"BRB convoca assembleia extraordin\u00e1ria para destituir presidente do conselho"},"content":{"rendered":"<p class=\"p1\"><em>Edison Garcia, presidente da Companhia Energ\u00e9tica de Bras\u00edlia \u2013 CEB Holding, foi indicado pelo GDF para assumir a presid\u00eancia do colegiado no lugar de Marcelo Talarico<\/em><\/p>\n<p class=\"p1\"><strong><span class=\"s1\">Por SAMANTA SALLUM <\/span><\/strong><\/p>\n<p class=\"p1\"><span class=\"s1\">O BRB \u2013 Banco de Bras\u00edlia S.A soltou, na noite de hoje,\u00a0<\/span><span class=\"s1\">aviso\u00a0<\/span>aos acionistas e ao mercado em geral sobre a convoca\u00e7\u00e3o de Assembleia Geral Extraordin\u00e1ria para o dia 05 de fevereiro de 2026, \u00e0s 10h. Na pauta, a destitui\u00e7\u00e3o de dois membros do Conselho Administrativo. No dia 19 de fevereiro, ocorrer\u00e1 outra assembleia para eleger os substitutos. O comunicado foi assinado pelo presidente do banco, Nelson de Souza (foto).<\/p>\n<p class=\"p1\"><span class=\"s1\">O BRB informou ainda que recebeu oficialmente da governadora em exerc\u00edcio, Celina Le\u00e3o, as indica\u00e7\u00f5es para a nova composi\u00e7\u00e3o do Conselho. O banco est\u00e1 repassando aos investidores os nomes e os curr\u00edculos dos indicados.<br \/>\n<\/span><\/p>\n<p><img loading=\"lazy\" decoding=\"async\" class=\"aligncenter size-medium wp-image-21742\" src=\"https:\/\/blogs.correiobraziliense.com.br\/capital-sa\/wp-content\/uploads\/sites\/59\/2026\/01\/IMG_3345-300x232.jpeg\" alt=\"\" width=\"300\" height=\"232\" srcset=\"https:\/\/blogs.correiobraziliense.com.br\/capital-sa\/wp-content\/uploads\/sites\/59\/2026\/01\/IMG_3345-300x232.jpeg 300w, https:\/\/blogs.correiobraziliense.com.br\/capital-sa\/wp-content\/uploads\/sites\/59\/2026\/01\/IMG_3345-550x426.jpeg 550w, https:\/\/blogs.correiobraziliense.com.br\/capital-sa\/wp-content\/uploads\/sites\/59\/2026\/01\/IMG_3345-230x178.jpeg 230w, https:\/\/blogs.correiobraziliense.com.br\/capital-sa\/wp-content\/uploads\/sites\/59\/2026\/01\/IMG_3345.jpeg 610w\" sizes=\"auto, (max-width: 300px) 100vw, 300px\" \/><\/p>\n<p class=\"p1\"><span class=\"s1\">O acionista controlador, no caso o GDF, fez as seguintes indica\u00e7\u00f5es: Edison Garcia (foto) para a presid\u00eancia do Conselho no lugar de Marcelo Talarico, que se negou a renunciar ao mandato.<br \/>\n<\/span><\/p>\n<p>Edison Garcia est\u00e1 se confirmando como um executivo de miss\u00f5es espinhosas. Ele fez parte do Conselho de Administra\u00e7\u00e3o da Petrobras e presidiu a Comiss\u00e3o de Auditoria Estatut\u00e1ria da empresa. Garcia \u00e9 presidente da CEB Holding desde 2019. Vale lembrar que ele conduziu todo o processo de leil\u00e3o da CEB Distribuidora, que rendeu alt\u00edssimos dividendos para a empresa e para o GDF.<\/p>\n<p class=\"p1\"><span class=\"s1\">Joaquim Lima de Oliveira foi indicado em \u00a0substitui\u00e7\u00e3o a Luis Fernando de Lara Resende; e\u00a0<\/span>S\u00e9rgio Ricardo Miranda Nazar\u00e9 para ocupar uma cadeira que j\u00e1 estava vaga.<\/p>\n<blockquote>\n<p class=\"p1\"><span class=\"s1\">\u201cA Companhia seguir\u00e1 o rito de governan\u00e7a aplic\u00e1vel. As posses ocorrer\u00e3o t\u00e3o logo sejam conclu\u00eddos os tr\u00e2mites previstos\u201d, afirmou o BRB em comunicado assinado pelo presidente do banco Nelson de Souza e pelo gerente de Rela\u00e7\u00f5es com Investidores, Iure Cavalcante.<\/span><\/p>\n<\/blockquote>\n<p><strong>Perfil dos indicados\u00a0<\/strong><\/p>\n<p class=\"p1\"><span class=\"s1\">&#8211; Edison Garcia \u00e9 Presidente da Companhia Energ\u00e9tica Bras\u00edlia \u2013 Possui experi\u00eancia no mercado de capitais e no setor p\u00fablico, com atua\u00e7\u00e3o destacada na Comiss\u00e3o de Comiss\u00e3o de Valores\u00a0<\/span>Mobili\u00e1rios \u2013 CVM, na Associa\u00e7\u00e3o de Investidores no Mercado de Capitais \u2013 AMEC, na Advocacia-Geral da Uni\u00e3o e no INSS.<\/p>\n<p class=\"p1\"><span class=\"s1\">&#8211; Joaquim Lima de Oliveira possui experi\u00eancia nos setores p\u00fablico e financeiro,\u00a0<\/span>tendo exercido cargos de alta administra\u00e7\u00e3o na Caixa Econ\u00f4mica Federal, incluindo Diretor, Vice-Presidente e Presidente Interino, bem como fun\u00e7\u00f5es de lideran\u00e7a no Governo Federal.<\/p>\n<p class=\"p1\"><span class=\"s1\">&#8211; S\u00e9rgio Ricardo Miranda Nazar\u00e9 \u00e9 economista, Doutor em Ci\u00eancias Cont\u00e1beis pela\u00a0<\/span>Universidade de Bras\u00edlia (UnB),e Conselheiro de Administra\u00e7\u00e3o certificado pelo IBGC. Possui experi\u00eancia acad\u00eamica e executiva no sistema financeiro, tendo atuado no Banco do Brasil entre 2005 e 2012.<\/p>\n<p><strong><em>Acompanhe a Capital S\/A na TV Bras\u00edlia todas as ter\u00e7as e quintas-feiras, 18h,\u00a0<\/em><\/strong><strong><em>no JL ao vivo.<\/em><\/strong><\/p>\n<p><iframe loading=\"lazy\" title=\"CRIA\u00c7\u00c3O DO POLO CRIATIVO TECNOL\u00d3GICO NO SETOR COMERCIAL SUL PROMETE REVITALIZAR SETOR | CAPITAL S\/A\" width=\"1440\" height=\"810\" src=\"https:\/\/www.youtube.com\/embed\/i16dOA6fQTI?feature=oembed\" frameborder=\"0\" allow=\"accelerometer; autoplay; clipboard-write; encrypted-media; gyroscope; picture-in-picture; web-share\" referrerpolicy=\"strict-origin-when-cross-origin\" allowfullscreen><\/iframe><\/p>\n","protected":false},"excerpt":{"rendered":"<p>Edison Garcia, presidente da Companhia Energ\u00e9tica de Bras\u00edlia \u2013 CEB Holding, foi indicado pelo GDF para assumir a presid\u00eancia do colegiado no lugar de Marcelo Talarico Por SAMANTA SALLUM O BRB \u2013 Banco de Bras\u00edlia S.A soltou, na noite de hoje,\u00a0aviso\u00a0aos acionistas e ao mercado em geral sobre a convoca\u00e7\u00e3o de Assembleia Geral Extraordin\u00e1ria para o dia 05 de fevereiro [&hellip;]<\/p>\n","protected":false},"author":125,"featured_media":21737,"comment_status":"open","ping_status":"open","sticky":false,"template":"","format":"standard","meta":{"footnotes":""},"categories":[6],"tags":[],"class_list":["post-21713","post","type-post","status-publish","format-standard","has-post-thumbnail","hentry","category-coluna-capital-s-a"],"_links":{"self":[{"href":"https:\/\/blogs.correiobraziliense.com.br\/capital-sa\/wp-json\/wp\/v2\/posts\/21713","targetHints":{"allow":["GET"]}}],"collection":[{"href":"https:\/\/blogs.correiobraziliense.com.br\/capital-sa\/wp-json\/wp\/v2\/posts"}],"about":[{"href":"https:\/\/blogs.correiobraziliense.com.br\/capital-sa\/wp-json\/wp\/v2\/types\/post"}],"author":[{"embeddable":true,"href":"https:\/\/blogs.correiobraziliense.com.br\/capital-sa\/wp-json\/wp\/v2\/users\/125"}],"replies":[{"embeddable":true,"href":"https:\/\/blogs.correiobraziliense.com.br\/capital-sa\/wp-json\/wp\/v2\/comments?post=21713"}],"version-history":[{"count":32,"href":"https:\/\/blogs.correiobraziliense.com.br\/capital-sa\/wp-json\/wp\/v2\/posts\/21713\/revisions"}],"predecessor-version":[{"id":21747,"href":"https:\/\/blogs.correiobraziliense.com.br\/capital-sa\/wp-json\/wp\/v2\/posts\/21713\/revisions\/21747"}],"wp:featuredmedia":[{"embeddable":true,"href":"https:\/\/blogs.correiobraziliense.com.br\/capital-sa\/wp-json\/wp\/v2\/media\/21737"}],"wp:attachment":[{"href":"https:\/\/blogs.correiobraziliense.com.br\/capital-sa\/wp-json\/wp\/v2\/media?parent=21713"}],"wp:term":[{"taxonomy":"category","embeddable":true,"href":"https:\/\/blogs.correiobraziliense.com.br\/capital-sa\/wp-json\/wp\/v2\/categories?post=21713"},{"taxonomy":"post_tag","embeddable":true,"href":"https:\/\/blogs.correiobraziliense.com.br\/capital-sa\/wp-json\/wp\/v2\/tags?post=21713"}],"curies":[{"name":"wp","href":"https:\/\/api.w.org\/{rel}","templated":true}]}}