{"id":2164,"date":"2021-02-27T19:47:49","date_gmt":"2021-02-27T22:47:49","guid":{"rendered":"https:\/\/blogs.correiobraziliense.com.br\/capital-sa\/?p=2164"},"modified":"2021-02-28T01:34:12","modified_gmt":"2021-02-28T04:34:12","slug":"trem-descarrilhado-diz-oab-df-sobre-gestao-da-pandemia-na-capital","status":"publish","type":"post","link":"https:\/\/blogs.correiobraziliense.com.br\/capital-sa\/2021\/02\/27\/trem-descarrilhado-diz-oab-df-sobre-gestao-da-pandemia-na-capital\/","title":{"rendered":"\u201cUm trem descarrilado\u201d, diz OAB sobre a gest\u00e3o da pandemia no DF"},"content":{"rendered":"<p>Por SAMANTA SALLUM<\/p>\n<p class=\"p1\">O presidente da OAB\/DF, D\u00e9lio Lins e Silva, fez cr\u00edtica contundente \u00e0 gest\u00e3o da pandemia na capital federal. \u201cA impress\u00e3o que d\u00e1 \u00e9 que estamos num trem descarrilado. Absurdo deixar\u00a0 chegar ao ponto que chegou , de ter apenas 1 leito de UTI vago, para o GDF decretar lockdown \u201c, afirmou o advogado.<\/p>\n<p>Para Lins e Silva, faltou planejamento da secretaria de Sa\u00fade e isso provoca \u00a0 \u00a0sensa\u00e7\u00e3o de inseguran\u00e7a na popula\u00e7\u00e3o. \u201cParece que estamos num trem desgovernado.\u201d<\/p>\n<p>&nbsp;<\/p>\n","protected":false},"excerpt":{"rendered":"<p>Por SAMANTA SALLUM O presidente da OAB\/DF, D\u00e9lio Lins e Silva, fez cr\u00edtica contundente \u00e0 gest\u00e3o da pandemia na capital federal. \u201cA impress\u00e3o que d\u00e1 \u00e9 que estamos num trem descarrilado. Absurdo deixar\u00a0 chegar ao ponto que chegou , de ter apenas 1 leito de UTI vago, para o GDF decretar lockdown \u201c, afirmou o advogado. Para Lins e Silva, [&hellip;]<\/p>\n","protected":false},"author":125,"featured_media":2167,"comment_status":"open","ping_status":"open","sticky":false,"template":"","format":"standard","meta":{"footnotes":""},"categories":[6],"tags":[],"class_list":["post-2164","post","type-post","status-publish","format-standard","has-post-thumbnail","hentry","category-coluna-capital-s-a"],"_links":{"self":[{"href":"https:\/\/blogs.correiobraziliense.com.br\/capital-sa\/wp-json\/wp\/v2\/posts\/2164","targetHints":{"allow":["GET"]}}],"collection":[{"href":"https:\/\/blogs.correiobraziliense.com.br\/capital-sa\/wp-json\/wp\/v2\/posts"}],"about":[{"href":"https:\/\/blogs.correiobraziliense.com.br\/capital-sa\/wp-json\/wp\/v2\/types\/post"}],"author":[{"embeddable":true,"href":"https:\/\/blogs.correiobraziliense.com.br\/capital-sa\/wp-json\/wp\/v2\/users\/125"}],"replies":[{"embeddable":true,"href":"https:\/\/blogs.correiobraziliense.com.br\/capital-sa\/wp-json\/wp\/v2\/comments?post=2164"}],"version-history":[{"count":11,"href":"https:\/\/blogs.correiobraziliense.com.br\/capital-sa\/wp-json\/wp\/v2\/posts\/2164\/revisions"}],"predecessor-version":[{"id":2177,"href":"https:\/\/blogs.correiobraziliense.com.br\/capital-sa\/wp-json\/wp\/v2\/posts\/2164\/revisions\/2177"}],"wp:featuredmedia":[{"embeddable":true,"href":"https:\/\/blogs.correiobraziliense.com.br\/capital-sa\/wp-json\/wp\/v2\/media\/2167"}],"wp:attachment":[{"href":"https:\/\/blogs.correiobraziliense.com.br\/capital-sa\/wp-json\/wp\/v2\/media?parent=2164"}],"wp:term":[{"taxonomy":"category","embeddable":true,"href":"https:\/\/blogs.correiobraziliense.com.br\/capital-sa\/wp-json\/wp\/v2\/categories?post=2164"},{"taxonomy":"post_tag","embeddable":true,"href":"https:\/\/blogs.correiobraziliense.com.br\/capital-sa\/wp-json\/wp\/v2\/tags?post=2164"}],"curies":[{"name":"wp","href":"https:\/\/api.w.org\/{rel}","templated":true}]}}