{"id":21459,"date":"2025-12-23T19:19:52","date_gmt":"2025-12-23T22:19:52","guid":{"rendered":"https:\/\/blogs.correiobraziliense.com.br\/capital-sa\/?p=21459"},"modified":"2026-01-06T17:07:37","modified_gmt":"2026-01-06T20:07:37","slug":"distritais-aprovam-reajuste-do-ipva-em-sessao-extraordinaria","status":"publish","type":"post","link":"https:\/\/blogs.correiobraziliense.com.br\/capital-sa\/2025\/12\/23\/distritais-aprovam-reajuste-do-ipva-em-sessao-extraordinaria\/","title":{"rendered":"Distritais aprovam reajuste do IPVA, em sess\u00e3o extraordin\u00e1ria"},"content":{"rendered":"<p><em>Atualiza\u00e7\u00e3o de base c\u00e1lculo ser\u00e1 em m\u00e9dia de 1,72%. Novo projeto de lei \u00a0foi necess\u00e1rio para adequar valores de refer\u00eancia do imposto, a tabela fipe<\/em><\/p>\n<p><strong>Por SAMANTA SALLUM\u00a0<\/strong><\/p>\n<p>Cerca de 1,3 milh\u00e3o de ve\u00edculos contribuem com o IPVA e, a previs\u00e3o do GDF para 2026 \u00e9 de arrecadar cerca de R$ 2,14 bilh\u00e3o. A C\u00e2mara Legislativa do Distrito Federal (CLDF) aprovou, nesta ter\u00e7a-feira, o projeto de lei que corrige a tabela da Funda\u00e7\u00e3o Instituto de Pesquisas Econ\u00f4micas (Fipe), utilizada como refer\u00eancia para o c\u00e1lculo do Imposto sobre a Propriedade de Ve\u00edculos Automotores (IPVA) no DF. A corre\u00e7\u00e3o da\u00a0<em>base c\u00e1lculo ser\u00e1 em m\u00e9dia de 1,72%.<\/em><\/p>\n<p>\u201cAvaliamos que n\u00e3o ser\u00e1 um impacto grande para os contribuinte. As tabelas estavam corretas\u201d, explicou o presidente da CLDF, Wellington Lu\u00eds (MDB).<\/p>\n<p>Confira <a href=\"https:\/\/www.cl.df.gov.br\/proposicao\/-\/documentos\/PL_2100_2025\">neste link a tabela<\/a> do projeto.<\/p>\n<p>O GDF teve que reencaminhar um novo projeto \u00a0 ap\u00f3s a identifica\u00e7\u00e3o de um erro de campo na tabela apresentada pela entidade e aprovada pelos deputados anteriormente. Por isso, foi necess\u00e1ria uma sess\u00e3o extraordin\u00e1ria.<\/p>\n<div id=\"chunk-56hqk\" class=\"mc-column content-text\">\n<p>O projeto foi aprovado com emenda do PT. Ela estabelece que, em 2026, o IPVA <span class=\"highlight\">n\u00e3o poder\u00e1 ser maior do que o valor cobrado em 2025 para ve\u00edculos j\u00e1 emplacados no DF at\u00e9 31 de dezembro de 2024.<\/span>\u00a0No entanto, fontes do GDF adiantam que pode ser vetada pelo governador Ibaneis Rocha.<\/p>\n<\/div>\n<p>Segundo a Secretaria de Estado de Economia, a pr\u00f3pria Fipe encaminhou uma nova vers\u00e3o da tabela, com os campos devidamente corrigidos. Entre os erros identificados, havia aus\u00eancia de alguns modelos de ve\u00edculos por ano de fabrica\u00e7\u00e3o.<\/p>\n<p>O secret\u00e1rio de Economia, Daniel Izaias de Carvalho, explicou que n\u00e3o houve aumento de imposto. \u201cTrata-se de uma corre\u00e7\u00e3o estritamente t\u00e9cnica, necess\u00e1ria para assegurar que o c\u00e1lculo do IPVA seja feito com base em informa\u00e7\u00f5es corretas e atualizadas, sem impacto na carga tribut\u00e1ria do contribuinte\u201d, afirmou.<\/p>\n<p>Daniel Izaias refor\u00e7ou que as al\u00edquotas do IPVA permanecem inalteradas desde 2019 e continuar\u00e3o as mesmas para o exerc\u00edcios de 2026.<\/p>\n<p>No Distrito Federal, os percentuais praticados s\u00e3o de 3% para carros de passeio, 2% para motocicletas e 1% para ve\u00edculos de carga.<\/p>\n<p><strong>Base de C\u00e1lculo do IPTU<\/strong><\/p>\n<p>O Di\u00e1rio Oficial do Distrito Federal (DODF) publicou a tabela de refer\u00eancia dos valores venais dos im\u00f3veis do DF, que servir\u00e1 de base para o c\u00e1lculo do Imposto Predial e Territorial Urbano (IPTU).\u00a0Com o imposto, o GDF estima arrecadar cerca de R$ 1,9 bilh\u00e3o.<\/p>\n<p>As al\u00edquotas do IPTU permanecem sem altera\u00e7\u00f5es h\u00e1 de sete anos. S\u00e3o de: 0,3% para im\u00f3veis residenciais (habitacionais); 1% para im\u00f3veis comerciais ou destinados a atividades econ\u00f4micas; e 3% para terrenos vagos ou n\u00e3o edificados.<\/p>\n<p><iframe loading=\"lazy\" title=\"PARCERIA DO EX\u00c9RCITO COM EMPRESAS  EST\u00c1 FORMANDO JOVENS PARA O MERCADO DE TRABALHO | CAPITAL S\/A\" width=\"1440\" height=\"810\" src=\"https:\/\/www.youtube.com\/embed\/df-I6wH_J04?feature=oembed\" frameborder=\"0\" allow=\"accelerometer; autoplay; clipboard-write; encrypted-media; gyroscope; picture-in-picture; web-share\" referrerpolicy=\"strict-origin-when-cross-origin\" allowfullscreen><\/iframe><\/p>\n","protected":false},"excerpt":{"rendered":"<p>Atualiza\u00e7\u00e3o de base c\u00e1lculo ser\u00e1 em m\u00e9dia de 1,72%. Novo projeto de lei \u00a0foi necess\u00e1rio para adequar valores de refer\u00eancia do imposto, a tabela fipe Por SAMANTA SALLUM\u00a0 Cerca de 1,3 milh\u00e3o de ve\u00edculos contribuem com o IPVA e, a previs\u00e3o do GDF para 2026 \u00e9 de arrecadar cerca de R$ 2,14 bilh\u00e3o. A C\u00e2mara Legislativa do Distrito Federal (CLDF) [&hellip;]<\/p>\n","protected":false},"author":125,"featured_media":21472,"comment_status":"open","ping_status":"open","sticky":false,"template":"","format":"standard","meta":{"footnotes":""},"categories":[6],"tags":[],"class_list":["post-21459","post","type-post","status-publish","format-standard","has-post-thumbnail","hentry","category-coluna-capital-s-a"],"_links":{"self":[{"href":"https:\/\/blogs.correiobraziliense.com.br\/capital-sa\/wp-json\/wp\/v2\/posts\/21459","targetHints":{"allow":["GET"]}}],"collection":[{"href":"https:\/\/blogs.correiobraziliense.com.br\/capital-sa\/wp-json\/wp\/v2\/posts"}],"about":[{"href":"https:\/\/blogs.correiobraziliense.com.br\/capital-sa\/wp-json\/wp\/v2\/types\/post"}],"author":[{"embeddable":true,"href":"https:\/\/blogs.correiobraziliense.com.br\/capital-sa\/wp-json\/wp\/v2\/users\/125"}],"replies":[{"embeddable":true,"href":"https:\/\/blogs.correiobraziliense.com.br\/capital-sa\/wp-json\/wp\/v2\/comments?post=21459"}],"version-history":[{"count":21,"href":"https:\/\/blogs.correiobraziliense.com.br\/capital-sa\/wp-json\/wp\/v2\/posts\/21459\/revisions"}],"predecessor-version":[{"id":21642,"href":"https:\/\/blogs.correiobraziliense.com.br\/capital-sa\/wp-json\/wp\/v2\/posts\/21459\/revisions\/21642"}],"wp:featuredmedia":[{"embeddable":true,"href":"https:\/\/blogs.correiobraziliense.com.br\/capital-sa\/wp-json\/wp\/v2\/media\/21472"}],"wp:attachment":[{"href":"https:\/\/blogs.correiobraziliense.com.br\/capital-sa\/wp-json\/wp\/v2\/media?parent=21459"}],"wp:term":[{"taxonomy":"category","embeddable":true,"href":"https:\/\/blogs.correiobraziliense.com.br\/capital-sa\/wp-json\/wp\/v2\/categories?post=21459"},{"taxonomy":"post_tag","embeddable":true,"href":"https:\/\/blogs.correiobraziliense.com.br\/capital-sa\/wp-json\/wp\/v2\/tags?post=21459"}],"curies":[{"name":"wp","href":"https:\/\/api.w.org\/{rel}","templated":true}]}}