{"id":21410,"date":"2025-12-17T16:11:10","date_gmt":"2025-12-17T19:11:10","guid":{"rendered":"https:\/\/blogs.correiobraziliense.com.br\/capital-sa\/?p=21410"},"modified":"2025-12-17T17:30:18","modified_gmt":"2025-12-17T20:30:18","slug":"servico-de-inteligencia-de-tribunais-de-contas-vai-detectar-emendas-parlamentares-suspeitas","status":"publish","type":"post","link":"https:\/\/blogs.correiobraziliense.com.br\/capital-sa\/2025\/12\/17\/servico-de-inteligencia-de-tribunais-de-contas-vai-detectar-emendas-parlamentares-suspeitas\/","title":{"rendered":"Servi\u00e7o de Intelig\u00eancia de Tribunais de Contas vai detectar emendas parlamentares suspeitas"},"content":{"rendered":"<p class=\"p1\"><em><span class=\"s2\">Transpar\u00eancia Brasil apontou que R$ 8,2 bilh\u00f5es em emendas foram executados, em 2024, sem possibilidade de identifica\u00e7\u00e3o do parlamentar respons\u00e1vel, devido \u00e0 falta de rastreabilidade<\/span><\/em><\/p>\n<p class=\"p1\"><strong>Por SAMANTA SALLUM\u00a0<\/strong><\/p>\n<p class=\"p1\"><span class=\"s1\">A Rede de Informa\u00e7\u00f5es Estrat\u00e9gicas para o Controle Externo, o InfoContas, vai focar na fiscaliza\u00e7\u00e3o da execu\u00e7\u00e3o de emendas parlamentares em n\u00edvel estadual e tamb\u00e9m no Distrito Federal. O trabalho faz parte da atua\u00e7\u00e3o da Associa\u00e7\u00e3o dos Membros dos Tribunais de Contas do Brasil (Atricon). O coordenador nacional do grupo \u00e9 o conselheiro do TCDF, Renato Rainha. \u201cTemos esse servi\u00e7o de intelig\u00eancia que j\u00e1 atua, nos \u00faltimos anos, em diversas frentes de fiscaliza\u00e7\u00e3o. E, agora, seguindo um movimento do TCU e do STF, vamos focar nas emendas parlamentares. E ser\u00e1 poss\u00edvel j\u00e1 detectar emendas suspeitas para que recebam mais aten\u00e7\u00e3o da fiscaliza\u00e7\u00e3o antes que sejam executadas com irregularidades\u201d, explicou \u00e0 coluna Renato Rainha.<\/span><\/p>\n<p class=\"p1\"><strong><span class=\"s1\">Orienta\u00e7\u00f5es ao GDF<\/span><\/strong><\/p>\n<p class=\"p1\"><span class=\"s1\">Em n\u00edvel local, o Tribunal de Contas do Distrito Federal (TCDF) aprovou uma instru\u00e7\u00e3o normativa que estabelece regras gerais para a fiscaliza\u00e7\u00e3o e o acompanhamento das emendas parlamentares distritais. E orienta o GDF a tomar provid\u00eancias no acompanhamento da execu\u00e7\u00e3o.<\/span><\/p>\n<p><strong>Investimento dos distritais<\/strong><\/p>\n<p class=\"p1\"><span class=\"s1\">No pr\u00f3ximo ano, cada deputado distrital poder\u00e1 destinar at\u00e9 R$ 34,5 milh\u00f5es para apoiar projetos de interesse p\u00fablico. Somados, os 24 parlamentares do DF poder\u00e3o direcionar at\u00e9 R$ 828 milh\u00f5es para pol\u00edticas nas \u00e1reas de educa\u00e7\u00e3o, sa\u00fade, seguran\u00e7a.<\/span><\/p>\n<p class=\"p1\"><strong><span class=\"s1\">Decis\u00e3o do STF<\/span><\/strong><\/p>\n<p class=\"p1\"><span class=\"s1\">A decis\u00e3o do Supremo Tribunal Federal, no \u00e2mbito da ADPF n\u00ba 854, puxada pelo ministro Fl\u00e1vio Dino, declarou inconstitucionais pr\u00e1ticas de baixa transpar\u00eancia nas emendas parlamentares. E determinou que a Uni\u00e3o, os estados, o DF e os munic\u00edpios adotem regras claras de publicidade, rastreabilidade e padroniza\u00e7\u00e3o na execu\u00e7\u00e3o dessas emendas.<\/span><\/p>\n<p><strong>Falta de transpar\u00eancia<\/strong><\/p>\n<p class=\"p1\"><span class=\"s2\">Em 2024, um estudo da Transpar\u00eancia Brasil revelou que R$ 8,2 bilh\u00f5es em emendas foram executados sem possibilidade de identifica\u00e7\u00e3o do parlamentar respons\u00e1vel, devido \u00e0 falta de rastreabilidade.<\/span><\/p>\n<p><strong>Curso de capacita\u00e7\u00e3o\u00a0<\/strong><\/p>\n<p class=\"p1\"><span class=\"s1\">Um curso de<span class=\"Apple-converted-space\">\u00a0 <\/span>Capacita\u00e7\u00e3o sobre Doutrina de Intelig\u00eancia para o Controle Externo e Referencial de Produ\u00e7\u00e3o de Conhecimento foi realizado pela Atricon e pelo Instituto Rui Barbosa (IRB) em Bras\u00edlia. Destinado a servidores dos tribunais de todo pa\u00eds, teve a participa\u00e7\u00e3o do presidente da Atricon, Edilson Silva, do conselheiro Andr\u00e9 Clemente (TCDF), diretor de Desenvolvimento Institucional do IRB, que representou o presidente da entidade, Edilberto Pontes Lima, e do conselheiro Renato Rainha (TCDF), coordenador-geral da Rede InfoContas.<\/span><\/p>\n<p class=\"p1\"><strong><span class=\"s1\">Interc\u00e2mbio para governan\u00e7a<\/span><\/strong><\/p>\n<p class=\"p1\"><span class=\"s1\">Representantes da Atricon e do TCDF estiveram em reuni\u00e3o na Corte de Contas italiana (o equivalente ao TCU no Brasil). \u201cO interc\u00e2mbio Brasil-It\u00e1lia permitiu atualiza\u00e7\u00e3o de a\u00e7\u00f5es em governan\u00e7a, transpar\u00eancia e combate ao crime organizado\u201d, contou o conselheiro Andr\u00e9 Clemente. O ministro do TCU Augusto Nardes tamb\u00e9m participou da comitiva.<\/span><\/p>\n<p><strong><em>Acompanhe a Capital S\/A na TV Bras\u00edlia todas as ter\u00e7as e quintas-feiras, 18h,\u00a0<\/em><\/strong><strong><em>no JL ao vivo<\/em><\/strong><\/p>\n<p><iframe loading=\"lazy\" title=\"ARRECADA\u00c7\u00c3O TRIBUT\u00c1RIA DEVE AUMENTAR 20% EM 2026 NO DF | CAPITAL S\/A\" width=\"1440\" height=\"810\" src=\"https:\/\/www.youtube.com\/embed\/Yysds-6kIaE?feature=oembed\" frameborder=\"0\" allow=\"accelerometer; autoplay; clipboard-write; encrypted-media; gyroscope; picture-in-picture; web-share\" referrerpolicy=\"strict-origin-when-cross-origin\" allowfullscreen><\/iframe><\/p>\n<p>&nbsp;<\/p>\n","protected":false},"excerpt":{"rendered":"<p>Transpar\u00eancia Brasil apontou que R$ 8,2 bilh\u00f5es em emendas foram executados, em 2024, sem possibilidade de identifica\u00e7\u00e3o do parlamentar respons\u00e1vel, devido \u00e0 falta de rastreabilidade Por SAMANTA SALLUM\u00a0 A Rede de Informa\u00e7\u00f5es Estrat\u00e9gicas para o Controle Externo, o InfoContas, vai focar na fiscaliza\u00e7\u00e3o da execu\u00e7\u00e3o de emendas parlamentares em n\u00edvel estadual e tamb\u00e9m no Distrito Federal. O trabalho faz parte [&hellip;]<\/p>\n","protected":false},"author":125,"featured_media":21415,"comment_status":"open","ping_status":"open","sticky":false,"template":"","format":"standard","meta":{"footnotes":""},"categories":[6],"tags":[],"class_list":["post-21410","post","type-post","status-publish","format-standard","has-post-thumbnail","hentry","category-coluna-capital-s-a"],"_links":{"self":[{"href":"https:\/\/blogs.correiobraziliense.com.br\/capital-sa\/wp-json\/wp\/v2\/posts\/21410","targetHints":{"allow":["GET"]}}],"collection":[{"href":"https:\/\/blogs.correiobraziliense.com.br\/capital-sa\/wp-json\/wp\/v2\/posts"}],"about":[{"href":"https:\/\/blogs.correiobraziliense.com.br\/capital-sa\/wp-json\/wp\/v2\/types\/post"}],"author":[{"embeddable":true,"href":"https:\/\/blogs.correiobraziliense.com.br\/capital-sa\/wp-json\/wp\/v2\/users\/125"}],"replies":[{"embeddable":true,"href":"https:\/\/blogs.correiobraziliense.com.br\/capital-sa\/wp-json\/wp\/v2\/comments?post=21410"}],"version-history":[{"count":10,"href":"https:\/\/blogs.correiobraziliense.com.br\/capital-sa\/wp-json\/wp\/v2\/posts\/21410\/revisions"}],"predecessor-version":[{"id":21422,"href":"https:\/\/blogs.correiobraziliense.com.br\/capital-sa\/wp-json\/wp\/v2\/posts\/21410\/revisions\/21422"}],"wp:featuredmedia":[{"embeddable":true,"href":"https:\/\/blogs.correiobraziliense.com.br\/capital-sa\/wp-json\/wp\/v2\/media\/21415"}],"wp:attachment":[{"href":"https:\/\/blogs.correiobraziliense.com.br\/capital-sa\/wp-json\/wp\/v2\/media?parent=21410"}],"wp:term":[{"taxonomy":"category","embeddable":true,"href":"https:\/\/blogs.correiobraziliense.com.br\/capital-sa\/wp-json\/wp\/v2\/categories?post=21410"},{"taxonomy":"post_tag","embeddable":true,"href":"https:\/\/blogs.correiobraziliense.com.br\/capital-sa\/wp-json\/wp\/v2\/tags?post=21410"}],"curies":[{"name":"wp","href":"https:\/\/api.w.org\/{rel}","templated":true}]}}