{"id":21405,"date":"2025-12-16T15:11:47","date_gmt":"2025-12-16T18:11:47","guid":{"rendered":"https:\/\/blogs.correiobraziliense.com.br\/capital-sa\/?p=21405"},"modified":"2025-12-16T15:16:45","modified_gmt":"2025-12-16T18:16:45","slug":"confederacao-do-comercio-vai-ao-supremo-contra-lei-que-tributa-lucros-e-dividendos","status":"publish","type":"post","link":"https:\/\/blogs.correiobraziliense.com.br\/capital-sa\/2025\/12\/16\/confederacao-do-comercio-vai-ao-supremo-contra-lei-que-tributa-lucros-e-dividendos\/","title":{"rendered":"Confedera\u00e7\u00e3o do Com\u00e9rcio vai ao Supremo  contra lei que tributa lucros e dividendos"},"content":{"rendered":"<p class=\"p1\"><em>Entidade reconhece a import\u00e2ncia de medidas contra as desigualdades. Mas alerta para inseguran\u00e7a jur\u00eddica e impactos em empresas e empreendedores<\/em><\/p>\n<p class=\"p1\"><strong><span class=\"s1\">Por SAMANTA SALLUM <\/span><\/strong><\/p>\n<p class=\"p1\"><span class=\"s1\">Uma A\u00e7\u00e3o Direta de Inconstitucionalidade (ADI) no Supremo Tribunal Federal (STF) tem como alvo os dispositivos da Lei n\u00ba 15.270\/2025, que alteraram as regras do Imposto de Renda da Pessoa F\u00edsica (IRPF) e reintroduziram a tributa\u00e7\u00e3o sobre lucros e dividendos. A Confedera\u00e7\u00e3o Nacional do Com\u00e9rcio de Bens, Servi\u00e7os e Turismo (CNC) ajuizou hoje a a\u00e7\u00e3o.<span class=\"Apple-converted-space\">\u00a0 <\/span>Para a entidade, a nova legisla\u00e7\u00e3o \u201ccria exig\u00eancias incompat\u00edveis com a legisla\u00e7\u00e3o societ\u00e1ria e cont\u00e1bil e amplia a inseguran\u00e7a jur\u00eddica para empresas e s\u00f3cios, especialmente nos setores de com\u00e9rcio, servi\u00e7os e turismo.\u201d<\/span><\/p>\n<blockquote>\n<p class=\"p1\"><span class=\"s1\"> \u201cA CNC reconhece a import\u00e2ncia de medidas voltadas \u00e0 redu\u00e7\u00e3o das desigualdades, como a amplia\u00e7\u00e3o da faixa de isen\u00e7\u00e3o do Imposto de Renda. O problema \u00e9 quando isso vem acompanhado de regras que penalizam o empreendedor, desestimulam o investimento e criam incerteza para quem gera empregos\u201d, afirmou o presidente do Sistema CNC-Sesc-Senac, Jos\u00e9 Roberto Tadros.<\/span><\/p>\n<\/blockquote>\n<p class=\"p1\"><span class=\"s1\">Segundo a assessoria jur\u00eddica da CNC, a lei imp\u00f5e condi\u00e7\u00f5es de dif\u00edcil cumprimento pelas empresas, como a exig\u00eancia de aprova\u00e7\u00e3o antecipada da distribui\u00e7\u00e3o de lucros, al\u00e9m de prever uma tributa\u00e7\u00e3o que incide sobre o valor total recebido, e n\u00e3o apenas sobre a parcela excedente.<\/span><\/p>\n","protected":false},"excerpt":{"rendered":"<p>Entidade reconhece a import\u00e2ncia de medidas contra as desigualdades. Mas alerta para inseguran\u00e7a jur\u00eddica e impactos em empresas e empreendedores Por SAMANTA SALLUM Uma A\u00e7\u00e3o Direta de Inconstitucionalidade (ADI) no Supremo Tribunal Federal (STF) tem como alvo os dispositivos da Lei n\u00ba 15.270\/2025, que alteraram as regras do Imposto de Renda da Pessoa F\u00edsica (IRPF) e reintroduziram a tributa\u00e7\u00e3o sobre [&hellip;]<\/p>\n","protected":false},"author":125,"featured_media":21408,"comment_status":"open","ping_status":"open","sticky":false,"template":"","format":"standard","meta":{"footnotes":""},"categories":[6],"tags":[],"class_list":["post-21405","post","type-post","status-publish","format-standard","has-post-thumbnail","hentry","category-coluna-capital-s-a"],"_links":{"self":[{"href":"https:\/\/blogs.correiobraziliense.com.br\/capital-sa\/wp-json\/wp\/v2\/posts\/21405","targetHints":{"allow":["GET"]}}],"collection":[{"href":"https:\/\/blogs.correiobraziliense.com.br\/capital-sa\/wp-json\/wp\/v2\/posts"}],"about":[{"href":"https:\/\/blogs.correiobraziliense.com.br\/capital-sa\/wp-json\/wp\/v2\/types\/post"}],"author":[{"embeddable":true,"href":"https:\/\/blogs.correiobraziliense.com.br\/capital-sa\/wp-json\/wp\/v2\/users\/125"}],"replies":[{"embeddable":true,"href":"https:\/\/blogs.correiobraziliense.com.br\/capital-sa\/wp-json\/wp\/v2\/comments?post=21405"}],"version-history":[{"count":3,"href":"https:\/\/blogs.correiobraziliense.com.br\/capital-sa\/wp-json\/wp\/v2\/posts\/21405\/revisions"}],"predecessor-version":[{"id":21409,"href":"https:\/\/blogs.correiobraziliense.com.br\/capital-sa\/wp-json\/wp\/v2\/posts\/21405\/revisions\/21409"}],"wp:featuredmedia":[{"embeddable":true,"href":"https:\/\/blogs.correiobraziliense.com.br\/capital-sa\/wp-json\/wp\/v2\/media\/21408"}],"wp:attachment":[{"href":"https:\/\/blogs.correiobraziliense.com.br\/capital-sa\/wp-json\/wp\/v2\/media?parent=21405"}],"wp:term":[{"taxonomy":"category","embeddable":true,"href":"https:\/\/blogs.correiobraziliense.com.br\/capital-sa\/wp-json\/wp\/v2\/categories?post=21405"},{"taxonomy":"post_tag","embeddable":true,"href":"https:\/\/blogs.correiobraziliense.com.br\/capital-sa\/wp-json\/wp\/v2\/tags?post=21405"}],"curies":[{"name":"wp","href":"https:\/\/api.w.org\/{rel}","templated":true}]}}