{"id":214,"date":"2020-10-16T07:48:45","date_gmt":"2020-10-16T10:48:45","guid":{"rendered":"https:\/\/blogs.correiobraziliense.com.br\/capital-sa\/?p=214"},"modified":"2020-10-16T09:54:20","modified_gmt":"2020-10-16T12:54:20","slug":"esperanca-para-o-setor-de-turismo-do-df","status":"publish","type":"post","link":"https:\/\/blogs.correiobraziliense.com.br\/capital-sa\/2020\/10\/16\/esperanca-para-o-setor-de-turismo-do-df\/","title":{"rendered":"Esperan\u00e7a para o setor de turismo no DF"},"content":{"rendered":"<h6><strong>Coluna Capital S\/A<\/strong><\/h6>\n<p>O \u00edndice de vendas no m\u00eas de agosto subiu no Distrito Federal. O com\u00e9rcio, de forma geral, teve crescimento de 23,42% na compara\u00e7\u00e3o com julho e o setor de servi\u00e7os teve acr\u00e9scimo de 18,08% nas vendas. O setor de turismo, que vinha operando em queda desde o in\u00edcio da pandemia, em mar\u00e7o, teve o seu primeiro resultado positivo na capital do pa\u00eds, com eleva\u00e7\u00e3o de 1,54%. Os dados s\u00e3o da Pesquisa Conjuntural de Micro e Pequenas Empresas, realizada pelo Instituto Fecom\u00e9rcio-DF, com o apoio do Sebrae-DF. Os segmentos hotel (11,33%) e artigos de viagem (22,75%) registraram maior aumento.<\/p>\n<h3><strong>Brasilienses lotam avi\u00f5es<\/strong><\/h3>\n<p>O turismo de lazer nos feriados voltou a ter o mesmo movimento que no per\u00edodo pr\u00e9-pandemia. E nos dias normais j\u00e1 recuperou 40%. \u201cOs voos de Bras\u00edlia nos feriados de 7 de Setembro e 12 de Outubro sa\u00edram lotados\u201d, destaca o diretor comercial da Voetur Turismo, Humberto Can\u00e7ado (foto). Mas, no segmento viagens corporativas, a situa\u00e7\u00e3o permanece cr\u00edtica e sem perspectivas de uma grande retomada. Vai depender da chegada da vacina. As empresas e \u00f3rg\u00e3os de governo adotaram os protocolos que restringem ao m\u00e1ximo as viagens de funcion\u00e1rios a trabalho.<\/p>\n<h3><strong>Seguran\u00e7a nos voos<\/strong><\/h3>\n<p>As companhias a\u00e9reas garantem que o risco de contamina\u00e7\u00e3o dentro de uma aeronave \u00e9 baix\u00edssimo. Al\u00e9m dos r\u00edgidos protocolos adotados nos aeroportos, os avi\u00f5es contam com filtro de renova\u00e7\u00e3o de ar.<\/p>\n<h3><strong>44<\/strong><\/h3>\n<p>Pessoas no mundo todo comprovadamente se contaminaram por covid-19 dentro de aeronaves, segundo a IATA-International Air Transport Association<\/p>\n<h3><strong>Voetur aterrissa em SP<\/strong><\/h3>\n<p>A empresa brasiliense Voetur Turismo expande mesmo em tempos de pandemia. Nos pr\u00f3ximos dias, o grupo, que j\u00e1 se estabeleceu tamb\u00e9m no Rio de Janeiro, inaugura filial em S\u00e3o Paulo. A Voetur, criada em 1984, tem como principal cliente o setor p\u00fablico, atende quase 90% da esfera governamental. Caixa Econ\u00f4mica Federal, BNDES e Petrobras s\u00e3o alguns exemplos.<\/p>\n<h3><strong>Cons\u00f3rcio de viagem<\/strong><\/h3>\n<p>Uma das inova\u00e7\u00f5es da Voetur durante a pandemia, considerada destaque nacional do setor em iniciativa para sair da crise, foi trazer de volta um formato de venda j\u00e1 conhecido, por\u00e9m repaginado. \u201cResgatamos o cons\u00f3rcio, que, neste momento, se mostra \u00f3tima oportunidade para as pessoas que querem viajar, mas est\u00e3o com poucas condi\u00e7\u00f5es financeiras\u201d, afirma Humberto Can\u00e7ado, diretor comercial de Voetur Turismo. O Cons\u00f3rcio Viaja Brasil, em parceria com Embracom, foi lan\u00e7ado em setembro, e ajudou a reaquecer as vendas de diversas ag\u00eancias de turismo. Um pacote de R$ 20 mil, pelo cons\u00f3rcio, pode ser pago em 48 vezes de R$ 520. Mas o cliente tem a possibilidade de ser beneficiado j\u00e1 no segundo m\u00eas de pagamento.<\/p>\n<h3><strong>Consulta p\u00fablica para W3<\/strong><\/h3>\n<p>O governador Ibaneis Rocha sugeriu \u00e0 Fecom\u00e9rcio que realize pesquisa sobre a revitaliza\u00e7\u00e3o da W3. E ser\u00e1 feita. A pesquisa vai orientar como deve ser a revitaliza\u00e7\u00e3o, ouvir os moradores locais, empres\u00e1rios e popula\u00e7\u00e3o. E, assim, apontar o modelo de neg\u00f3cios que se encaixa melhor no projeto. Em 15 dias, j\u00e1 devem sair os resultados. Na pr\u00f3xima semana, a Fecom\u00e9rcio e o Sindsuper se re\u00fanem para tratar tamb\u00e9m do assunto. O sindicato dos supermercados se sente prejudicado com o fechamento da W3 aos domingos e feriados, para servir de \u00e1rea de lazer, o que impede o acesso de clientes que v\u00e3o \u00e0s compras de carro.<\/p>\n<h3><strong>Investimento para tratar a fibromialgia<\/strong><\/h3>\n<p>Depois de tr\u00eas anos acompanhando as pesquisas em torno do tratamento da fibromialgia, a empres\u00e1ria Karina Reis, da Hidrofisio, foi a primeira a adquirir, no DF, o equipamento criado pela USP de S\u00e3o Carlos (SP) que promete minimizar as dores de at\u00e9 90% dos pacientes que sofrem da s\u00edndrome. A cl\u00ednica conta com quatro unidades no DF e 80 funcion\u00e1rios. &#8220;Ser empres\u00e1rio na \u00e1rea de sa\u00fade exige um esfor\u00e7o constante na gest\u00e3o de pessoas e na busca por novas t\u00e9cnicas e tecnologias, onde quer que elas estejam, para trazer aos nossos pacientes. Estar atento \u00e0s normas de diversos \u00f3rg\u00e3os que envolvem a \u00e1rea de sa\u00fade tamb\u00e9m \u00e9 uma prioridade&#8221;, afirma Karina Reis, diretora da cl\u00ednica.<\/p>\n<p><img loading=\"lazy\" decoding=\"async\" class=\"wp-image-219 aligncenter\" src=\"https:\/\/blogs.correiobraziliense.com.br\/capital-sa\/wp-content\/uploads\/sites\/59\/2020\/10\/capital-sexta-2.jpg\" alt=\"\" width=\"137\" height=\"263\" srcset=\"https:\/\/blogs.correiobraziliense.com.br\/capital-sa\/wp-content\/uploads\/sites\/59\/2020\/10\/capital-sexta-2.jpg 800w, https:\/\/blogs.correiobraziliense.com.br\/capital-sa\/wp-content\/uploads\/sites\/59\/2020\/10\/capital-sexta-2-156x300.jpg 156w, https:\/\/blogs.correiobraziliense.com.br\/capital-sa\/wp-content\/uploads\/sites\/59\/2020\/10\/capital-sexta-2-768x1476.jpg 768w, https:\/\/blogs.correiobraziliense.com.br\/capital-sa\/wp-content\/uploads\/sites\/59\/2020\/10\/capital-sexta-2-533x1024.jpg 533w, https:\/\/blogs.correiobraziliense.com.br\/capital-sa\/wp-content\/uploads\/sites\/59\/2020\/10\/capital-sexta-2-550x1057.jpg 550w, https:\/\/blogs.correiobraziliense.com.br\/capital-sa\/wp-content\/uploads\/sites\/59\/2020\/10\/capital-sexta-2-230x442.jpg 230w\" sizes=\"auto, (max-width: 137px) 100vw, 137px\" \/><\/p>\n<h3><strong>Oba no Iguatemi<\/strong><\/h3>\n<p>O VP Varejo, Ivan Chiachio, e Raimundo Alves, s\u00f3cio\/conselho administrativo (foto), estiveram presentes \u00e0 inaugura\u00e7\u00e3o. &#8220;Chegamos \u00e0 12\u00aa unidade do Oba Hortifruti no Distrito Federal e isso enche o nosso cora\u00e7\u00e3o de alegria! Ela contar\u00e1 com delivery, manobrista e sommelier, para deixar o momento de compras ainda mais pr\u00e1tico&#8221;, conta Jana\u00edna Borges, gerente de Marketing do Oba. Atualmente, a marca possui mais de 50 lojas em S\u00e3o Paulo, no Distrito Federal e em Goi\u00e2nia.<\/p>\n<p><img loading=\"lazy\" decoding=\"async\" class=\"wp-image-220 aligncenter\" src=\"https:\/\/blogs.correiobraziliense.com.br\/capital-sa\/wp-content\/uploads\/sites\/59\/2020\/10\/capital-sexta-3.jpg\" alt=\"\" width=\"364\" height=\"242\" srcset=\"https:\/\/blogs.correiobraziliense.com.br\/capital-sa\/wp-content\/uploads\/sites\/59\/2020\/10\/capital-sexta-3.jpg 800w, https:\/\/blogs.correiobraziliense.com.br\/capital-sa\/wp-content\/uploads\/sites\/59\/2020\/10\/capital-sexta-3-300x200.jpg 300w, https:\/\/blogs.correiobraziliense.com.br\/capital-sa\/wp-content\/uploads\/sites\/59\/2020\/10\/capital-sexta-3-768x512.jpg 768w, https:\/\/blogs.correiobraziliense.com.br\/capital-sa\/wp-content\/uploads\/sites\/59\/2020\/10\/capital-sexta-3-550x366.jpg 550w, https:\/\/blogs.correiobraziliense.com.br\/capital-sa\/wp-content\/uploads\/sites\/59\/2020\/10\/capital-sexta-3-230x153.jpg 230w\" sizes=\"auto, (max-width: 364px) 100vw, 364px\" \/><\/p>\n","protected":false},"excerpt":{"rendered":"<p>Coluna Capital S\/A O \u00edndice de vendas no m\u00eas de agosto subiu no Distrito Federal. O com\u00e9rcio, de forma geral, teve crescimento de 23,42% na compara\u00e7\u00e3o com julho e o setor de servi\u00e7os teve acr\u00e9scimo de 18,08% nas vendas. O setor de turismo, que vinha operando em queda desde o in\u00edcio da pandemia, em mar\u00e7o, teve o seu primeiro resultado [&hellip;]<\/p>\n","protected":false},"author":125,"featured_media":215,"comment_status":"open","ping_status":"open","sticky":false,"template":"","format":"standard","meta":{"footnotes":""},"categories":[6],"tags":[74],"class_list":["post-214","post","type-post","status-publish","format-standard","has-post-thumbnail","hentry","category-coluna-capital-s-a","tag-setor-de-turismo"],"_links":{"self":[{"href":"https:\/\/blogs.correiobraziliense.com.br\/capital-sa\/wp-json\/wp\/v2\/posts\/214","targetHints":{"allow":["GET"]}}],"collection":[{"href":"https:\/\/blogs.correiobraziliense.com.br\/capital-sa\/wp-json\/wp\/v2\/posts"}],"about":[{"href":"https:\/\/blogs.correiobraziliense.com.br\/capital-sa\/wp-json\/wp\/v2\/types\/post"}],"author":[{"embeddable":true,"href":"https:\/\/blogs.correiobraziliense.com.br\/capital-sa\/wp-json\/wp\/v2\/users\/125"}],"replies":[{"embeddable":true,"href":"https:\/\/blogs.correiobraziliense.com.br\/capital-sa\/wp-json\/wp\/v2\/comments?post=214"}],"version-history":[{"count":13,"href":"https:\/\/blogs.correiobraziliense.com.br\/capital-sa\/wp-json\/wp\/v2\/posts\/214\/revisions"}],"predecessor-version":[{"id":230,"href":"https:\/\/blogs.correiobraziliense.com.br\/capital-sa\/wp-json\/wp\/v2\/posts\/214\/revisions\/230"}],"wp:featuredmedia":[{"embeddable":true,"href":"https:\/\/blogs.correiobraziliense.com.br\/capital-sa\/wp-json\/wp\/v2\/media\/215"}],"wp:attachment":[{"href":"https:\/\/blogs.correiobraziliense.com.br\/capital-sa\/wp-json\/wp\/v2\/media?parent=214"}],"wp:term":[{"taxonomy":"category","embeddable":true,"href":"https:\/\/blogs.correiobraziliense.com.br\/capital-sa\/wp-json\/wp\/v2\/categories?post=214"},{"taxonomy":"post_tag","embeddable":true,"href":"https:\/\/blogs.correiobraziliense.com.br\/capital-sa\/wp-json\/wp\/v2\/tags?post=214"}],"curies":[{"name":"wp","href":"https:\/\/api.w.org\/{rel}","templated":true}]}}