{"id":21378,"date":"2025-12-15T14:14:59","date_gmt":"2025-12-15T17:14:59","guid":{"rendered":"https:\/\/blogs.correiobraziliense.com.br\/capital-sa\/?p=21378"},"modified":"2025-12-15T19:36:22","modified_gmt":"2025-12-15T22:36:22","slug":"projecao-de-aumento-de-quase-20-na-arrecadacao-tributaria-do-df-para-2026","status":"publish","type":"post","link":"https:\/\/blogs.correiobraziliense.com.br\/capital-sa\/2025\/12\/15\/projecao-de-aumento-de-quase-20-na-arrecadacao-tributaria-do-df-para-2026\/","title":{"rendered":"Arrecada\u00e7\u00e3o tribut\u00e1ria do DF vai aumentar 20% em 2026"},"content":{"rendered":"<p><strong>Por SAMANTA SALLUM\u00a0<\/strong><\/p>\n<p>Com destaque para o ICMS (R$ 13,9 bilh\u00f5es), o ISS (R$ 3,8 bilh\u00f5es) e o Imposto de Renda (R$ 5,9 bilh\u00f5es), a arrecada\u00e7\u00e3o tribut\u00e1ria deve crescer 19,7%. Essa \u00e9 a proje\u00e7\u00e3o para 2026, no Distrito Federal, da Lei Or\u00e7ament\u00e1ria Anual (LOA), que define receitas e despesas da administra\u00e7\u00e3o p\u00fablica da capital. A LOA foi aprovada pelos deputados distritais, na \u00faltima sess\u00e3o legislativa do ano, com 17 votos favor\u00e1veis, quatro contr\u00e1rios e tr\u00eas aus\u00eancias.<\/p>\n<p>O crescimento de receita, segundo a Secretaria de Economia do DF, n\u00e3o se dar\u00e1 por aumento de impostos. Mas ser\u00e1 resultado de mais efici\u00eancia na arrecada\u00e7\u00e3o por meio do combate \u00e0 sonega\u00e7\u00e3o. A aplica\u00e7\u00e3o de mais ferramentas tecnol\u00f3gicas, a nota fiscal eletr\u00f4nica, a integra\u00e7\u00e3o dos sistemas estaduais e federal e mais controle da circula\u00e7\u00e3o de mercadorias s\u00e3o fatores que ajudam no recolhimento de impostos sobre o setor produtivo.<\/p>\n<p>Vale lembrar que a arrecada\u00e7\u00e3o de 2025 \u00a0foi turbinada com o aumento pelo GDF da al\u00edquota de ICMS de 18% para 20%. E o setor produtivo reivindica o recuo do percentual.<\/p>\n<p>Mais uma vez o ICMS (Imposto sobre Circula\u00e7\u00e3o de Mercadorias) aparece como a principal fonte de arrecada\u00e7\u00e3o para os cofres p\u00fablicos da capital federal. O que refor\u00e7a o setor do com\u00e9rcio como a mais forte atividade econ\u00f4mica do Distrito Federal. E, nele, os segmentos que mais movimenta receita s\u00e3o o atacadista e o de combust\u00edveis.<\/p>\n<p>R$ 74,4 bilh\u00f5es \u2014 Valor total do or\u00e7amento do DF previsto para 2026<\/p>\n<p>11,71% \u2014 \u00cdndice de crescimento em rela\u00e7\u00e3o ao ano anterior (R$ 66,6 bilh\u00f5es)<\/p>\n<p>R$ 45,9 bilh\u00f5es \u2014 O que corresponde ao Tesouro Distrital<\/p>\n<p>R$ 28,4 bilh\u00f5es \u2014 V\u00eam do Fundo Constitucional<\/p>\n<p><em>Manuten\u00e7\u00e3o da m\u00e1quina p\u00fablica<\/em><\/p>\n<p>A maior parte dos recursos ser\u00e1 destinada \u00e0 manuten\u00e7\u00e3o da m\u00e1quina p\u00fablica, com destaque para despesas com pessoal e encargos sociais, que somam R$ 46,5 bilh\u00f5es, representando 64,6% do total. Outras despesas correntes chegam a R$ 20,5 bilh\u00f5es, enquanto os investimentos ficam em R$ 1,9 bilh\u00e3o, o equivalente a 2,67% do or\u00e7amento.<\/p>\n<p><em>Seguran\u00e7a, sa\u00fade e educa\u00e7\u00e3o<\/em><\/p>\n<p>Na distribui\u00e7\u00e3o do Fundo Constitucional, a \u00e1rea de seguran\u00e7a p\u00fablica concentra 54,23% dos recursos, com R$ 15,4 bilh\u00f5es, um aumento de 34% em rela\u00e7\u00e3o a 2025. A sa\u00fade receber\u00e1 R$ 7,89 bilh\u00f5es (27,79%) e a educa\u00e7\u00e3o ficar\u00e1 com R$ 5,1 bilh\u00f5es (17,98%), ambas com redu\u00e7\u00e3o proporcional.<\/p>\n<p><strong><em>Acompanhe a Capital S\/A na TV Bras\u00edlia todas as ter\u00e7as e quintas-feiras, 18h,\u00a0<\/em><\/strong><strong><em>no JL ao vivo<\/em><\/strong><\/p>\n<p><iframe loading=\"lazy\" title=\"JL - Golpes digitais contra idosos exp\u00f5em falhas de prote\u00e7\u00e3o p\u00fablica\" width=\"1440\" height=\"810\" src=\"https:\/\/www.youtube.com\/embed\/lVtyQ9BpXQE?feature=oembed\" frameborder=\"0\" allow=\"accelerometer; autoplay; clipboard-write; encrypted-media; gyroscope; picture-in-picture; web-share\" referrerpolicy=\"strict-origin-when-cross-origin\" allowfullscreen><\/iframe><\/p>\n<p>&nbsp;<\/p>\n","protected":false},"excerpt":{"rendered":"<p>Por SAMANTA SALLUM\u00a0 Com destaque para o ICMS (R$ 13,9 bilh\u00f5es), o ISS (R$ 3,8 bilh\u00f5es) e o Imposto de Renda (R$ 5,9 bilh\u00f5es), a arrecada\u00e7\u00e3o tribut\u00e1ria deve crescer 19,7%. Essa \u00e9 a proje\u00e7\u00e3o para 2026, no Distrito Federal, da Lei Or\u00e7ament\u00e1ria Anual (LOA), que define receitas e despesas da administra\u00e7\u00e3o p\u00fablica da capital. A LOA foi aprovada pelos deputados [&hellip;]<\/p>\n","protected":false},"author":125,"featured_media":21381,"comment_status":"open","ping_status":"open","sticky":false,"template":"","format":"standard","meta":{"footnotes":""},"categories":[6],"tags":[],"class_list":["post-21378","post","type-post","status-publish","format-standard","has-post-thumbnail","hentry","category-coluna-capital-s-a"],"_links":{"self":[{"href":"https:\/\/blogs.correiobraziliense.com.br\/capital-sa\/wp-json\/wp\/v2\/posts\/21378","targetHints":{"allow":["GET"]}}],"collection":[{"href":"https:\/\/blogs.correiobraziliense.com.br\/capital-sa\/wp-json\/wp\/v2\/posts"}],"about":[{"href":"https:\/\/blogs.correiobraziliense.com.br\/capital-sa\/wp-json\/wp\/v2\/types\/post"}],"author":[{"embeddable":true,"href":"https:\/\/blogs.correiobraziliense.com.br\/capital-sa\/wp-json\/wp\/v2\/users\/125"}],"replies":[{"embeddable":true,"href":"https:\/\/blogs.correiobraziliense.com.br\/capital-sa\/wp-json\/wp\/v2\/comments?post=21378"}],"version-history":[{"count":12,"href":"https:\/\/blogs.correiobraziliense.com.br\/capital-sa\/wp-json\/wp\/v2\/posts\/21378\/revisions"}],"predecessor-version":[{"id":21403,"href":"https:\/\/blogs.correiobraziliense.com.br\/capital-sa\/wp-json\/wp\/v2\/posts\/21378\/revisions\/21403"}],"wp:featuredmedia":[{"embeddable":true,"href":"https:\/\/blogs.correiobraziliense.com.br\/capital-sa\/wp-json\/wp\/v2\/media\/21381"}],"wp:attachment":[{"href":"https:\/\/blogs.correiobraziliense.com.br\/capital-sa\/wp-json\/wp\/v2\/media?parent=21378"}],"wp:term":[{"taxonomy":"category","embeddable":true,"href":"https:\/\/blogs.correiobraziliense.com.br\/capital-sa\/wp-json\/wp\/v2\/categories?post=21378"},{"taxonomy":"post_tag","embeddable":true,"href":"https:\/\/blogs.correiobraziliense.com.br\/capital-sa\/wp-json\/wp\/v2\/tags?post=21378"}],"curies":[{"name":"wp","href":"https:\/\/api.w.org\/{rel}","templated":true}]}}