{"id":21372,"date":"2025-12-15T15:40:16","date_gmt":"2025-12-15T18:40:16","guid":{"rendered":"https:\/\/blogs.correiobraziliense.com.br\/capital-sa\/?p=21372"},"modified":"2025-12-15T16:19:19","modified_gmt":"2025-12-15T19:19:19","slug":"comercio-e-industria-tem-avaliacoes-diferentes-sobre-economia-nacional","status":"publish","type":"post","link":"https:\/\/blogs.correiobraziliense.com.br\/capital-sa\/2025\/12\/15\/comercio-e-industria-tem-avaliacoes-diferentes-sobre-economia-nacional\/","title":{"rendered":"Com\u00e9rcio e ind\u00fastria t\u00eam avalia\u00e7\u00f5es diferentes sobre economia nacional"},"content":{"rendered":"<p>\u201c<em>Sofro por causa do meu esp\u00edrito de colecionador-arque\u00f3logo. Quero p\u00f4r o bonito numa caixa com chave para abrir de vez em quando e olhar.&#8221; Ad\u00e9lia Prado<\/em><\/p>\n<p><strong>Coluna Capital S\/A de 15 de dezembro\u00a0<\/strong><\/p>\n<p><strong>Por SAMANTA SALLUM\u00a0<\/strong><\/p>\n<p>Com a chegada do final do ano, o setor produtivo faz balan\u00e7os de desempenho de 2025 e proje\u00e7\u00f5es para 2026. Enquanto setores do com\u00e9rcio e servi\u00e7os est\u00e3o\u00a0otimistas, o da ind\u00fastria demonstra muita preocupa\u00e7\u00e3o. Os primeiros projetam expans\u00e3o e apontam crescimento da economia. J\u00e1 a ind\u00fastria reclama de desacelera\u00e7\u00e3o da economia, com o \u201cfreio\u201d da alta taxa de juros.<\/p>\n<p>O impacto da conjuntura nacional est\u00e1 sendo diferenciado. O com\u00e9rcio varejista restrito deve fechar o ano com crescimento de 1,81% e avan\u00e7ar 3,66% em 2026, \u201cindicando uma trajet\u00f3ria de expans\u00e3o mais consistente para o setor\u201d, segundo a Confedera\u00e7\u00e3o Nacional do Com\u00e9rcio de Bens, Servi\u00e7os e Turismo. \u201cAs estimativas refletem um ambiente de consumo ainda moderado, mas com sinais claros de fortalecimento, \u00e0 medida que a infla\u00e7\u00e3o segue controlada e a atividade econ\u00f4mica avan\u00e7a de forma gradual&#8221;, refor\u00e7a a CNC.<\/p>\n<p><strong>Agro est\u00e1vel<\/strong><\/p>\n<p>A ind\u00fastria tende no pr\u00f3ximo ano, a perder ritmo em rela\u00e7\u00e3o a 2025, crescendo 1,1%, enquanto a agropecu\u00e1ria deve se manter est\u00e1vel. A Confedera\u00e7\u00e3o Nacional da Ind\u00fastria aponta: &#8220;os juros altos e o enfraquecimento do mercado de trabalho como os principais fatores da desacelera\u00e7\u00e3o da economia.&#8221;<\/p>\n<p><strong><em>PIB: menor crescimento em 6 anos<\/em><\/strong><\/p>\n<p>O Produto Interno Bruto (PIB) brasileiro deve crescer 1,8% em 2026, segundo proje\u00e7\u00e3o da CNI. &#8220;Este ser\u00e1 o menor crescimento do PIB em seis anos. N\u00e3o h\u00e1 como fugir da realidade: com juros nesse patamar, a economia vai desacelerar ainda mais, prejudicando todos os setores produtivos, em especial a ind\u00fastria. O impacto recai sobre a popula\u00e7\u00e3o, pois isso se reflete em menos emprego e renda. \u00c9 necess\u00e1rio que o Banco Central inicie o ciclo de cortes na taxa Selic o quanto<br \/>\nantes&#8221;, destacou a CNI.<\/p>\n<p><strong><em>Constru\u00e7\u00e3o civil fora crise<\/em><\/strong><\/p>\n<p>A constru\u00e7\u00e3o deve ter um bom desempenho em 2026, apesar de ser impactada pelos efeitos dos juros. O novo modelo de cr\u00e9dito imobili\u00e1rio, o aumento do valor m\u00e1ximo dos im\u00f3veis financiados pelo Sistema Financeiro de Habita\u00e7\u00e3o (SFH) e a disponibiliza\u00e7\u00e3o de financiamentos para a reforma de moradias de fam\u00edlias de baixa renda v\u00e3o contribuir\u00a0para que o PIB do setor cres\u00e7a 2,5%, estima a CNI.<\/p>\n<p><strong>Em inaugura\u00e7\u00e3o\u00a0de sede pr\u00f3pria,\u00a0Apex anuncia 500 novos mercados internacionais<\/strong><\/p>\n<p><img loading=\"lazy\" decoding=\"async\" class=\"aligncenter size-medium wp-image-21391\" src=\"https:\/\/blogs.correiobraziliense.com.br\/capital-sa\/wp-content\/uploads\/sites\/59\/2025\/12\/IMG_2648-300x220.jpeg\" alt=\"\" width=\"300\" height=\"220\" srcset=\"https:\/\/blogs.correiobraziliense.com.br\/capital-sa\/wp-content\/uploads\/sites\/59\/2025\/12\/IMG_2648-300x220.jpeg 300w, https:\/\/blogs.correiobraziliense.com.br\/capital-sa\/wp-content\/uploads\/sites\/59\/2025\/12\/IMG_2648-768x563.jpeg 768w, https:\/\/blogs.correiobraziliense.com.br\/capital-sa\/wp-content\/uploads\/sites\/59\/2025\/12\/IMG_2648-1024x750.jpeg 1024w, https:\/\/blogs.correiobraziliense.com.br\/capital-sa\/wp-content\/uploads\/sites\/59\/2025\/12\/IMG_2648-800x586.jpeg 800w, https:\/\/blogs.correiobraziliense.com.br\/capital-sa\/wp-content\/uploads\/sites\/59\/2025\/12\/IMG_2648-550x403.jpeg 550w, https:\/\/blogs.correiobraziliense.com.br\/capital-sa\/wp-content\/uploads\/sites\/59\/2025\/12\/IMG_2648-230x168.jpeg 230w, https:\/\/blogs.correiobraziliense.com.br\/capital-sa\/wp-content\/uploads\/sites\/59\/2025\/12\/IMG_2648.jpeg 1170w\" sizes=\"auto, (max-width: 300px) 100vw, 300px\" \/><\/p>\n<p>A Ag\u00eancia Brasileira de Promo\u00e7\u00e3o de Exporta\u00e7\u00f5es e Investimentos (ApexBrasil) realizou hoje a cerim\u00f4nia de inaugura\u00e7\u00e3o de sede pr\u00f3pria, em Bras\u00edlian na 903 Sul. Teve a presen\u00e7a do presidente da Rep\u00fablica, Luiz In\u00e1cio Lula da Silva. No evento, foi celebrado a abertura de 500 novos mercados internacionais no per\u00edodo entre 2023 e 2025, sob a lideran\u00e7a do Minist\u00e9rio da Agricultura e Pecu\u00e1ria (MAPA), e com a participa\u00e7\u00e3o da ApexBrasil, do Minist\u00e9rio das Rela\u00e7\u00f5es Exteriores (MRE) e do Minist\u00e9rio da Ind\u00fastria, Com\u00e9rcio e Servi\u00e7os (MDIC).<\/p>\n<p><strong>US$ 37,5 bilh\u00f5es:<\/strong> potencial de exporta\u00e7\u00e3o por ano em 80 pa\u00edses<\/p>\n<p><em>Expans\u00e3o de produtos brasileiros<\/em><\/p>\n<p>Segundo estimativas do MAPA. Cada pa\u00eds pode habilitar diversos tipos de produtos. Entre os itens inclu\u00eddos nessa expans\u00e3o, destacam-se carnes, algod\u00e3o, frutas,\u00a0pescados entre\u00a0outros.<\/p>\n<p><em>Mudan\u00e7a para 903 Sul<\/em><\/p>\n<p><img loading=\"lazy\" decoding=\"async\" class=\"aligncenter size-medium wp-image-21388\" src=\"https:\/\/blogs.correiobraziliense.com.br\/capital-sa\/wp-content\/uploads\/sites\/59\/2025\/12\/IMG_2637-300x194.jpeg\" alt=\"\" width=\"300\" height=\"194\" srcset=\"https:\/\/blogs.correiobraziliense.com.br\/capital-sa\/wp-content\/uploads\/sites\/59\/2025\/12\/IMG_2637-300x194.jpeg 300w, https:\/\/blogs.correiobraziliense.com.br\/capital-sa\/wp-content\/uploads\/sites\/59\/2025\/12\/IMG_2637-768x496.jpeg 768w, https:\/\/blogs.correiobraziliense.com.br\/capital-sa\/wp-content\/uploads\/sites\/59\/2025\/12\/IMG_2637-800x517.jpeg 800w, https:\/\/blogs.correiobraziliense.com.br\/capital-sa\/wp-content\/uploads\/sites\/59\/2025\/12\/IMG_2637-550x356.jpeg 550w, https:\/\/blogs.correiobraziliense.com.br\/capital-sa\/wp-content\/uploads\/sites\/59\/2025\/12\/IMG_2637-230x149.jpeg 230w, https:\/\/blogs.correiobraziliense.com.br\/capital-sa\/wp-content\/uploads\/sites\/59\/2025\/12\/IMG_2637.jpeg 908w\" sizes=\"auto, (max-width: 300px) 100vw, 300px\" \/><\/p>\n<p>Desde sua cria\u00e7\u00e3o oficial em 2003, a ApexBrasil\u00a0funcionava em im\u00f3veis alugados. Estava no centro empresarial CNC, no setor de Autarquias Norte.\u00a0 O aluguel era de cerca de R$ 1 milh\u00e3o. Na nova sede, foram investidos R$ 200\u00a0milh\u00f5es.<\/p>\n<p>\u201c\u00c9 mais que uma mudan\u00e7a f\u00edsica. Ela representa uma conquista de anos. Vai trazer uma economia estrutural, moderniza\u00e7\u00e3o institucional e a conex\u00e3o da Apex com a popula\u00e7\u00e3o\u201d, destacou Jorge Viana.<\/p>\n<p>O pr\u00e9dio foi pensado para criar um espa\u00e7o integrado \u00e0 cidade, aberto a atividades culturais,\u00a0 educativas e \u00e0 divulga\u00e7\u00e3o dos produtos brasileiros para o mundo.<br \/>\nO edif\u00edcio na 903 Sul , de arquitetura contempor\u00e2nea e paisagismo de Burle Marx, foi constru\u00eddo seguindo padr\u00f5es de sustentabilidade e est\u00e1 pr\u00f3ximo ao<br \/>\nParque da Cidade Sarah Kubitschek.<\/p>\n<p><em>Pr\u00eamios de arquitetura<\/em><\/p>\n<p>O projeto j\u00e1 recebeu duas premia\u00e7\u00f5es: o Iconic Awards 2025 \u2013 Innovative Architecture, na categoria \u201cArquitetura Vision\u00e1ria e Inacabada\u201d, dedicada a conceitos e propostas que apontam caminhos inovadores para o futuro do design arquitet\u00f4nico; e o German Design Award 2025, na categoria \u201cArquitetura Excelente \u2013 Arquitetura Conceitual\u201d.<\/p>\n<p><strong>Ibaneis veta lei do devedor contumaz<\/strong><\/p>\n<p>Os deputados distritais aprovaram recentemente Projeto de Lei\u00a0\u00a0de autoria da deputada Paula Belmonte (Cidadania) que estabelece mecanismos mais rigorosos para combater os \u201cdevedores contumazes\u201d no Distrito Federal. Mas o projeto foi vetado pelo governador Ibaneis Rocha. Paula Belmonte afirmou que vai articular apoio na C\u00e2mara Legislativa para derrubar o veto. Pauta para o ano que vem, j\u00e1 que os trabalhos na casa se encerraram.<\/p>\n<p>O objetivo do projeto \u00e9 garantir a concorr\u00eancia leal entre os agentes econ\u00f4micos e coibir pr\u00e1ticas il\u00edcitas que possam prejudicar o mercado. \u201c\u00c9 preciso mais rigor com o sonegador que se aproveita da situa\u00e7\u00e3o para atuar de forma predat\u00f3ria em rela\u00e7\u00e3o a outras empresas, que est\u00e3o em dia com suas obriga\u00e7\u00f5es. Esse dinheiro sonegado deixa de ser investimento na sa\u00fade, educa\u00e7\u00e3o e mobilidade do DF\u201d.<\/p>\n<p>Enquanto isso, no DF est\u00e1 o impasse, o Congresso Nacional aprovou lei federal com o mesmo foco.<\/p>\n<p><strong><em>Acompanhe a Capital S\/A na TV Bras\u00edlia todas as ter\u00e7as e quintas-feiras, 18h,\u00a0<\/em><\/strong><strong><em>no JL ao vivo<\/em><\/strong><\/p>\n<p><iframe loading=\"lazy\" title=\"JL - Golpes digitais contra idosos exp\u00f5em falhas de prote\u00e7\u00e3o p\u00fablica\" width=\"1440\" height=\"810\" src=\"https:\/\/www.youtube.com\/embed\/lVtyQ9BpXQE?feature=oembed\" frameborder=\"0\" allow=\"accelerometer; autoplay; clipboard-write; encrypted-media; gyroscope; picture-in-picture; web-share\" referrerpolicy=\"strict-origin-when-cross-origin\" allowfullscreen><\/iframe><\/p>\n","protected":false},"excerpt":{"rendered":"<p>\u201cSofro por causa do meu esp\u00edrito de colecionador-arque\u00f3logo. Quero p\u00f4r o bonito numa caixa com chave para abrir de vez em quando e olhar.&#8221; Ad\u00e9lia Prado Coluna Capital S\/A de 15 de dezembro\u00a0 Por SAMANTA SALLUM\u00a0 Com a chegada do final do ano, o setor produtivo faz balan\u00e7os de desempenho de 2025 e proje\u00e7\u00f5es para 2026. Enquanto setores do com\u00e9rcio [&hellip;]<\/p>\n","protected":false},"author":125,"featured_media":21386,"comment_status":"open","ping_status":"open","sticky":false,"template":"","format":"standard","meta":{"footnotes":""},"categories":[6],"tags":[],"class_list":["post-21372","post","type-post","status-publish","format-standard","has-post-thumbnail","hentry","category-coluna-capital-s-a"],"_links":{"self":[{"href":"https:\/\/blogs.correiobraziliense.com.br\/capital-sa\/wp-json\/wp\/v2\/posts\/21372","targetHints":{"allow":["GET"]}}],"collection":[{"href":"https:\/\/blogs.correiobraziliense.com.br\/capital-sa\/wp-json\/wp\/v2\/posts"}],"about":[{"href":"https:\/\/blogs.correiobraziliense.com.br\/capital-sa\/wp-json\/wp\/v2\/types\/post"}],"author":[{"embeddable":true,"href":"https:\/\/blogs.correiobraziliense.com.br\/capital-sa\/wp-json\/wp\/v2\/users\/125"}],"replies":[{"embeddable":true,"href":"https:\/\/blogs.correiobraziliense.com.br\/capital-sa\/wp-json\/wp\/v2\/comments?post=21372"}],"version-history":[{"count":13,"href":"https:\/\/blogs.correiobraziliense.com.br\/capital-sa\/wp-json\/wp\/v2\/posts\/21372\/revisions"}],"predecessor-version":[{"id":21396,"href":"https:\/\/blogs.correiobraziliense.com.br\/capital-sa\/wp-json\/wp\/v2\/posts\/21372\/revisions\/21396"}],"wp:featuredmedia":[{"embeddable":true,"href":"https:\/\/blogs.correiobraziliense.com.br\/capital-sa\/wp-json\/wp\/v2\/media\/21386"}],"wp:attachment":[{"href":"https:\/\/blogs.correiobraziliense.com.br\/capital-sa\/wp-json\/wp\/v2\/media?parent=21372"}],"wp:term":[{"taxonomy":"category","embeddable":true,"href":"https:\/\/blogs.correiobraziliense.com.br\/capital-sa\/wp-json\/wp\/v2\/categories?post=21372"},{"taxonomy":"post_tag","embeddable":true,"href":"https:\/\/blogs.correiobraziliense.com.br\/capital-sa\/wp-json\/wp\/v2\/tags?post=21372"}],"curies":[{"name":"wp","href":"https:\/\/api.w.org\/{rel}","templated":true}]}}