{"id":21343,"date":"2025-12-12T19:35:44","date_gmt":"2025-12-12T22:35:44","guid":{"rendered":"https:\/\/blogs.correiobraziliense.com.br\/capital-sa\/?p=21343"},"modified":"2025-12-13T21:02:17","modified_gmt":"2025-12-14T00:02:17","slug":"este-banco-nao-vai-quebrar-invistam-no-brb-garante-nelson-souza","status":"publish","type":"post","link":"https:\/\/blogs.correiobraziliense.com.br\/capital-sa\/2025\/12\/12\/este-banco-nao-vai-quebrar-invistam-no-brb-garante-nelson-souza\/","title":{"rendered":"\u201cEste banco n\u00e3o vai quebrar; invistam no BRB\u201d, garante Nelson Souza"},"content":{"rendered":"<p><em>Presidente do Banco Regional de Bras\u00edlia faz forte defesa de solidez da institui\u00e7\u00e3o e conclama empres\u00e1rios a manterem aplica\u00e7\u00f5es. Em encontro com Sinduscon e Ademi, afirmou ao <strong>Correio<\/strong> a meta de alcan\u00e7ar 70% do mercado de financiamento imobili\u00e1rio no DF e regi\u00e3o, o que vai ultrapassar a atua\u00e7\u00e3o da Caixa Econ\u00f4mica\u00a0<\/em><\/p>\n<p><strong>Por SAMANTA SALLUM<\/strong><\/p>\n<p>O novo presidente do Banco Regional de Bras\u00edlia, Nelson Souza, perguntado pelo <strong>Correio<\/strong> sobre as metas para 2026 afirmou que vai expandir a participa\u00e7\u00e3o do banco no mercado imobili\u00e1rio. Atualmente, a institui\u00e7\u00e3o representa \u00a064% do total de concess\u00e3o de cr\u00e9dito para compra de im\u00f3veis no Distrito Federal. \u201cA meta \u00e9 aumentarmos para 70% e superar o volume de financiamentos da Caixa Econ\u00f4mica\u201d, respondeu. O BRB, at\u00e9 agosto, ocupava a <strong>5\u00aa posi\u00e7\u00e3o no ranking nacional<\/strong>\u00a0neste segmento de financiamento.<\/p>\n<p>Experi\u00eancia no ramo, para atingir a meta, o executivo tem pois presidiu a Caixa Econ\u00f4mica Federal. Atualmente o BRB soma R$ 4,25 bilh\u00f5es concedidos em cr\u00e9dito e carteira de R$ 14,5 bilh\u00f5es.<\/p>\n<p>Nelson Souza participou hoje da reuni\u00e3o de diretorias \u00a0do Sindicato das Empresas da Constru\u00e7\u00e3o Civil (Sinduscon DF) e da Associa\u00e7\u00e3o de Empresas do Mercado Imobili\u00e1rio (Ademi\/DF), que teve a participa\u00e7\u00e3o do governador Ibaneis Rocha e da vice-governadora Celina Le\u00e3o.<\/p>\n<p><img loading=\"lazy\" decoding=\"async\" class=\"aligncenter size-medium wp-image-21349\" src=\"https:\/\/blogs.correiobraziliense.com.br\/capital-sa\/wp-content\/uploads\/sites\/59\/2025\/12\/IMG_2609-300x197.jpeg\" alt=\"\" width=\"300\" height=\"197\" srcset=\"https:\/\/blogs.correiobraziliense.com.br\/capital-sa\/wp-content\/uploads\/sites\/59\/2025\/12\/IMG_2609-300x197.jpeg 300w, https:\/\/blogs.correiobraziliense.com.br\/capital-sa\/wp-content\/uploads\/sites\/59\/2025\/12\/IMG_2609-768x505.jpeg 768w, https:\/\/blogs.correiobraziliense.com.br\/capital-sa\/wp-content\/uploads\/sites\/59\/2025\/12\/IMG_2609-800x526.jpeg 800w, https:\/\/blogs.correiobraziliense.com.br\/capital-sa\/wp-content\/uploads\/sites\/59\/2025\/12\/IMG_2609-550x362.jpeg 550w, https:\/\/blogs.correiobraziliense.com.br\/capital-sa\/wp-content\/uploads\/sites\/59\/2025\/12\/IMG_2609-230x151.jpeg 230w, https:\/\/blogs.correiobraziliense.com.br\/capital-sa\/wp-content\/uploads\/sites\/59\/2025\/12\/IMG_2609.jpeg 991w\" sizes=\"auto, (max-width: 300px) 100vw, 300px\" \/><\/p>\n<p>O presidente do BRB fez defesa veemente da seguran\u00e7a financeira da institui\u00e7\u00e3o. E conclamou os empres\u00e1rios a investirem no banco.<\/p>\n<blockquote><p>\u201cDefendam o BRB. Coloquem suas aplica\u00e7\u00f5es no BRB, invistam no BRB, porque este banco \u00e9 nosso. Este banco n\u00e3o vai quebrar. Pelo contr\u00e1rio, vai sair mais forte desta situa\u00e7\u00e3o.\u201d<\/p><\/blockquote>\n<p>O executivo afirmou que far\u00e1 uma gest\u00e3o \u201cde m\u00e3os dadas com a popula\u00e7\u00e3o\u201d. Destacou que sua miss\u00e3o \u00e9 cuidar da reputa\u00e7\u00e3o da imagem do BRB.<\/p>\n<p>\u201dTemos garantido a recupera\u00e7\u00e3o da liquidez, que j\u00e1 apresentou ganhos nas \u00faltimas semanas; o trabalho cuidadoso com o capital do banco, consolidando a estabilidade dos n\u00fameros; agrade\u00e7o profundamente tamb\u00e9m \u00e0s pessoas do BRB pela dedica\u00e7\u00e3o e empenho; al\u00e9m do refor\u00e7o na governan\u00e7a e na an\u00e1lise de risco.\u201d<\/p>\n<p><strong>Balan\u00e7o de gest\u00e3o\u00a0<\/strong><\/p>\n<p>O governador Ibaneis fez um balan\u00e7o de gest\u00e3o no setor habitacional. Apontou mais agilidade do GDF na aprova\u00e7\u00e3o de projetos, que antes demorava em torno de tr\u00eas anos. Destacou o empenho em aprovar o Plano de Preserva\u00e7\u00e3o do Conjunto Urban\u00edstico de Bras\u00edlia (Ppcub) e o Plano Diretor do Ordenamento Territorial (Pdot), marcos aguardados h\u00e1 quase 14 anos. E afirmou ainda que ser\u00e3o entregues 60 mil moradias populares nos pr\u00f3ximos dois anos.<\/p>\n<p>\u201cMeu governo valoriza o setor produtivo para o desenvolvimento econ\u00f4mico do DF, para a gera\u00e7\u00e3o de empregos. E o setor da constru\u00e7\u00e3o civil \u00e9 muito importante para mover a nossa economia\u201d, refor\u00e7ou o governador.<\/p>\n<p>Nelson Souza destacou tamb\u00e9m a for\u00e7a da constru\u00e7\u00e3o civil, segmento que mais gera emprego no Brasil. \u201cO BRB tem uma hist\u00f3ria de parceria com este setor, em uma rela\u00e7\u00e3o s\u00f3lida e respeitosa. Vamos trabalhar para ampli\u00e1-la ainda mais\u201d.<\/p>\n<p>O presidente do Sinduscon, Adalberto Valad\u00e3o \u00a0Jr, manifestou apoio ao BRB defendendo a import\u00e2ncia da institui\u00e7\u00e3o ao fomento do setor produtivo. \u201cEstamos confiantes na gest\u00e3o. Acreditamos que o BRB vai \u00a0superar essa situa\u00e7\u00e3o. Nossa parceria sempre gerou resultados para o DF no acesso \u00e0 casa pr\u00f3pria e continuar\u00e1 assim.\u201d<\/p>\n<p>Fracon J\u00fanior, presidente da ADEMI DF, completou: \u201c2025 foi um ano muito desafiador, uma das preocupa\u00e7\u00f5es do setor, disse, \u00e9 com a oferta e acesso a recursos para financiar a produ\u00e7\u00e3o e aquisi\u00e7\u00e3o da casa pr\u00f3pria. Precisamos de estabilidade e sinais de que o funding n\u00e3o vai faltar.\u201d<\/p>\n<p><strong><em>Acompanhe a Capital S\/A na TV Bras\u00edlia todas as ter\u00e7as e quintas-feiras, 18h\u00a0<\/em><\/strong><strong><em>no JL ao vivo<\/em><\/strong><\/p>\n<p><iframe loading=\"lazy\" title=\"ZEMA DIZ QUE LULA CONDUZ ECONOMIA COM \u201cANABOLIZANTES\u201d E REAFIRMA CANDIDATURA \u00c0 PRESID\u00caNCIA\" width=\"1440\" height=\"810\" src=\"https:\/\/www.youtube.com\/embed\/VNCBrlatQnM?feature=oembed\" frameborder=\"0\" allow=\"accelerometer; autoplay; clipboard-write; encrypted-media; gyroscope; picture-in-picture; web-share\" referrerpolicy=\"strict-origin-when-cross-origin\" allowfullscreen><\/iframe><\/p>\n","protected":false},"excerpt":{"rendered":"<p>Presidente do Banco Regional de Bras\u00edlia faz forte defesa de solidez da institui\u00e7\u00e3o e conclama empres\u00e1rios a manterem aplica\u00e7\u00f5es. Em encontro com Sinduscon e Ademi, afirmou ao Correio a meta de alcan\u00e7ar 70% do mercado de financiamento imobili\u00e1rio no DF e regi\u00e3o, o que vai ultrapassar a atua\u00e7\u00e3o da Caixa Econ\u00f4mica\u00a0 Por SAMANTA SALLUM O novo presidente do Banco Regional [&hellip;]<\/p>\n","protected":false},"author":125,"featured_media":21348,"comment_status":"open","ping_status":"open","sticky":false,"template":"","format":"standard","meta":{"footnotes":""},"categories":[6],"tags":[],"class_list":["post-21343","post","type-post","status-publish","format-standard","has-post-thumbnail","hentry","category-coluna-capital-s-a"],"_links":{"self":[{"href":"https:\/\/blogs.correiobraziliense.com.br\/capital-sa\/wp-json\/wp\/v2\/posts\/21343","targetHints":{"allow":["GET"]}}],"collection":[{"href":"https:\/\/blogs.correiobraziliense.com.br\/capital-sa\/wp-json\/wp\/v2\/posts"}],"about":[{"href":"https:\/\/blogs.correiobraziliense.com.br\/capital-sa\/wp-json\/wp\/v2\/types\/post"}],"author":[{"embeddable":true,"href":"https:\/\/blogs.correiobraziliense.com.br\/capital-sa\/wp-json\/wp\/v2\/users\/125"}],"replies":[{"embeddable":true,"href":"https:\/\/blogs.correiobraziliense.com.br\/capital-sa\/wp-json\/wp\/v2\/comments?post=21343"}],"version-history":[{"count":20,"href":"https:\/\/blogs.correiobraziliense.com.br\/capital-sa\/wp-json\/wp\/v2\/posts\/21343\/revisions"}],"predecessor-version":[{"id":21371,"href":"https:\/\/blogs.correiobraziliense.com.br\/capital-sa\/wp-json\/wp\/v2\/posts\/21343\/revisions\/21371"}],"wp:featuredmedia":[{"embeddable":true,"href":"https:\/\/blogs.correiobraziliense.com.br\/capital-sa\/wp-json\/wp\/v2\/media\/21348"}],"wp:attachment":[{"href":"https:\/\/blogs.correiobraziliense.com.br\/capital-sa\/wp-json\/wp\/v2\/media?parent=21343"}],"wp:term":[{"taxonomy":"category","embeddable":true,"href":"https:\/\/blogs.correiobraziliense.com.br\/capital-sa\/wp-json\/wp\/v2\/categories?post=21343"},{"taxonomy":"post_tag","embeddable":true,"href":"https:\/\/blogs.correiobraziliense.com.br\/capital-sa\/wp-json\/wp\/v2\/tags?post=21343"}],"curies":[{"name":"wp","href":"https:\/\/api.w.org\/{rel}","templated":true}]}}