{"id":21296,"date":"2025-12-09T15:07:13","date_gmt":"2025-12-09T18:07:13","guid":{"rendered":"https:\/\/blogs.correiobraziliense.com.br\/capital-sa\/?p=21296"},"modified":"2025-12-09T15:21:48","modified_gmt":"2025-12-09T18:21:48","slug":"expectativa-do-comercio-para-o-natal-tem-queda-em-relacao-ao-ano-passadoo","status":"publish","type":"post","link":"https:\/\/blogs.correiobraziliense.com.br\/capital-sa\/2025\/12\/09\/expectativa-do-comercio-para-o-natal-tem-queda-em-relacao-ao-ano-passadoo\/","title":{"rendered":"Expectativa do com\u00e9rcio para o Natal tem queda em rela\u00e7\u00e3o ao ano passado"},"content":{"rendered":"<p><strong>Coluna Capital S\/A de 9 de dezembro\u00a0<\/strong><\/p>\n<p class=\"p1\"><strong>Por SAMANTA SALLUM\u00a0<\/strong><\/p>\n<p class=\"p1\"><span class=\"s1\">O com\u00e9rcio do DF espera movimentar R$ 981 milh\u00f5es nas vendas natalinas, montante 1,1% inferior ao do ano passado (R$ 992 milh\u00f5es). Embora a maior parte dos comerciantes projete aumento nas vendas, alguns indicadores importantes recuaram, como o ticket m\u00e9dio e a inten\u00e7\u00e3o de compra dos consumidores. Pesquisa do Instituto Fecom\u00e9rcio-DF aponta que a expectativa dos lojistas e consumidores com o Natal deste ano est\u00e1, com esse cen\u00e1rio, ligeiramente abaixo da observada em 2024.<\/span><\/p>\n<p class=\"p1\"><em><span class=\"s1\">Redu\u00e7\u00e3o de 12% no gasto m\u00e9dio<\/span><\/em><\/p>\n<p class=\"p1\"><span class=\"s1\">A percep\u00e7\u00e3o sobre o ticket m\u00e9dio do lojista revela cautela. A previs\u00e3o m\u00e9dia caiu de R$ 269 para R$ 234, o que representa redu\u00e7\u00e3o de 12,9%. Entre os empres\u00e1rios consultados, 76,6% esperam um desempenho superior ao de 2024. O percentual \u00e9 pr\u00f3ximo ao registrado na pesquisa anterior, que havia alcan\u00e7ado 77%, mas, agora, registra um aumento no grupo que projeta estabilidade, que passou de 18,8% para 20,6%. Apenas 2,8% dos entrevistados estimam queda nas vendas.<\/span><\/p>\n<p class=\"p1\"><em><span class=\"s1\">Inten\u00e7\u00e3o de consumo mais baixa<\/span><\/em><\/p>\n<p class=\"p1\"><span class=\"s1\">Do lado dos consumidores, o cen\u00e1rio tamb\u00e9m aponta retra\u00e7\u00e3o. A inten\u00e7\u00e3o de compras caiu 8,2%. Em 2024, 85,9% pretendiam presentear. Este ano, o \u00edndice ficou em 78,8%.<\/span><\/p>\n<p class=\"p1\"><em><span class=\"s1\">Fatores negativos<\/span><\/em><\/p>\n<p class=\"p1\"><span class=\"s1\">Os juros altos, dificuldade de acesso ao cr\u00e9dito e at\u00e9 mesmo o bom desempenho das vendas durante a Black Friday est\u00e3o entre as raz\u00f5es para o resultado da pesquisa. \u201c\u00c9 poss\u00edvel que grande parte dos consumidores tenha aproveitado as ofertas e antecipado as compras de Natal\u201d, avalia o presidente da Fecom\u00e9rcio-DF, Jos\u00e9 Aparecido Freire.<\/span><\/p>\n<p class=\"p1\"><em><span class=\"s1\">Endividamento no DF <\/span><\/em><\/p>\n<p class=\"p1\"><span class=\"s1\">Levantamento da CNC mostra\u00a0que mais de 76% das fam\u00edlias do DF \u2014 cerca de 820 mil \u2014 possuem algum tipo de d\u00edvida. Dessas, cerca 42% (445 mil) est\u00e3o com pagamentos em atraso e 18% (196 mil) n\u00e3o t\u00eam condi\u00e7\u00f5es de quitar o d\u00e9bito.<\/span><\/p>\n<p class=\"p1\"><strong><span class=\"s1\">Parceria entre Minist\u00e9rio do Empreendedorismo e TikTok Brasil em apoio \u00e0 produ\u00e7\u00e3o regional<\/span><\/strong><\/p>\n<p class=\"p1\"><span class=\"s1\">Uma coopera\u00e7\u00e3o in\u00e9dita ser\u00e1 voltada \u00e0 cria\u00e7\u00e3o de um produto digital de promo\u00e7\u00e3o do Vale do Catimbau (PE) \u2014 territ\u00f3rio que re\u00fane patrim\u00f4nio arqueol\u00f3gico singular, rica diversidade cultural e forte potencial de turismo sustent\u00e1vel. O Minist\u00e9rio do Empreendedorismo (MEMP) realiza, hoje, em Bras\u00edlia, a solenidade oficial de lan\u00e7amento da parceria firmada com o TikTok Brasil e o Centro de Cultura e Estudos \u00c9tnicos Anaj\u00f4. A iniciativa busca ampliar oportunidades de renda e fortalecer pequenos neg\u00f3cios do sert\u00e3o pernambucano. A parceria prev\u00ea a\u00e7\u00f5es integradas de comunica\u00e7\u00e3o, participa\u00e7\u00e3o de influenciadores, capacita\u00e7\u00f5es em marketing digital e apoio \u00e0 presen\u00e7a on-line de microempreendedores da regi\u00e3o.<\/span><\/p>\n<p class=\"p1\"><em><span class=\"s1\">Tecnologia e participa\u00e7\u00e3o social<\/span><\/em><\/p>\n<p class=\"p1\"><span class=\"s1\">\u201c\u00c9 um passo importante de uma trajet\u00f3ria que vamos construir com di\u00e1logo, tecnologia, inova\u00e7\u00e3o e participa\u00e7\u00e3o social. O Vale do Catimbau tem potencial para ser um grande polo de desenvolvimento sustent\u00e1vel, e o MEMP est\u00e1 comprometido em transformar esse potencial em oportunidades concretas para quem vive ali\u201d, disse o secret\u00e1rio-executivo do minist\u00e9rio, Tadeu Alencar.<\/span><\/p>\n<p class=\"p1\"><strong><span class=\"s1\">Nova frente parlamentar em defesa do setor produtivo\u00a0<\/span><\/strong><\/p>\n<p><img loading=\"lazy\" decoding=\"async\" class=\"aligncenter size-medium wp-image-21306\" src=\"https:\/\/blogs.correiobraziliense.com.br\/capital-sa\/wp-content\/uploads\/sites\/59\/2025\/12\/IMG_2491-300x200.jpeg\" alt=\"\" width=\"300\" height=\"200\" srcset=\"https:\/\/blogs.correiobraziliense.com.br\/capital-sa\/wp-content\/uploads\/sites\/59\/2025\/12\/IMG_2491-300x200.jpeg 300w, https:\/\/blogs.correiobraziliense.com.br\/capital-sa\/wp-content\/uploads\/sites\/59\/2025\/12\/IMG_2491-768x512.jpeg 768w, https:\/\/blogs.correiobraziliense.com.br\/capital-sa\/wp-content\/uploads\/sites\/59\/2025\/12\/IMG_2491-1024x683.jpeg 1024w, https:\/\/blogs.correiobraziliense.com.br\/capital-sa\/wp-content\/uploads\/sites\/59\/2025\/12\/IMG_2491-1440x960.jpeg 1440w, https:\/\/blogs.correiobraziliense.com.br\/capital-sa\/wp-content\/uploads\/sites\/59\/2025\/12\/IMG_2491-800x533.jpeg 800w, https:\/\/blogs.correiobraziliense.com.br\/capital-sa\/wp-content\/uploads\/sites\/59\/2025\/12\/IMG_2491-550x367.jpeg 550w, https:\/\/blogs.correiobraziliense.com.br\/capital-sa\/wp-content\/uploads\/sites\/59\/2025\/12\/IMG_2491-230x153.jpeg 230w, https:\/\/blogs.correiobraziliense.com.br\/capital-sa\/wp-content\/uploads\/sites\/59\/2025\/12\/IMG_2491.jpeg 1536w\" sizes=\"auto, (max-width: 300px) 100vw, 300px\" \/><\/p>\n<p class=\"p1\"><span class=\"s1\">Foi rec\u00e9m-criada a Frente Parlamentar Mista do Ambiente de Neg\u00f3cios (FPN), em Bras\u00edlia. O evento reuniu parlamentares do Congresso Nacional, representantes do setor produtivo, lideran\u00e7as empresariais e do Instituto Unidos Brasil (IUB), refor\u00e7ando a import\u00e2ncia do di\u00e1logo permanente entre Congresso Nacional e setor privado.<\/span><\/p>\n<p class=\"p1\"><strong><span class=\"s1\">Apoio da CNC<\/span><\/strong><\/p>\n<p class=\"p1\"><span class=\"s1\">Em mensagem de v\u00eddeo, o presidente do Sistema CNC-Sesc-Senac, Jos\u00e9 Roberto Tadros, destacou a relev\u00e2ncia da iniciativa. \u201cN\u00f3s temos um compromisso com o desenvolvimento do pa\u00eds. Um ambiente que favore\u00e7a o empreendedorismo \u00e9 condi\u00e7\u00e3o b\u00e1sica para sustentar os avan\u00e7os sociais e educacionais promovidos pelo Sesc e pelo Senac\u201d, destacou.<\/span><\/p>\n<p class=\"p1\"><span class=\"s1\"><em>Representatividade<\/em>\u00a0<\/span><\/p>\n<p class=\"p1\"><span class=\"s1\">A CNC foi representada no evento pelo 2\u00ba vice-presidente e coordenador das C\u00e2maras Brasileiras do Com\u00e9rcio e Servi\u00e7os da Confedera\u00e7\u00e3o, Luiz Carlos Bohn, e por Nara de Deus, diretora de rela\u00e7\u00f5es institucionais da entidade. O presidente da FPN \u00e9 o deputado Mendon\u00e7a Filho (Uni\u00e3o-PE) e o vice-presidente da FPN, senador Efraim Filho (Uni\u00e3o-PB).\u00a0<\/span><\/p>\n<p class=\"p1\"><em><span class=\"s1\">Principais objetivos da FPN<\/span><\/em><\/p>\n<p class=\"p1\"><span class=\"s1\">\u00bb Reduzir entraves ao empreendedorismo e \u00e0 gera\u00e7\u00e3o de empregos;<\/span><\/p>\n<p class=\"p1\"><span class=\"s1\">\u00bb Modernizar marcos regulat\u00f3rios e simplificar normas;<\/span><\/p>\n<p class=\"p1\"><span class=\"s1\">\u00bb Promover debates pluripartid\u00e1rios e monitoramento legislativo cont\u00ednuo; e<\/span><\/p>\n<p class=\"p1\"><span class=\"s1\">\u00bb Fortalecer a integra\u00e7\u00e3o entre setor p\u00fablico e privado em uma agenda de crescimento sustent\u00e1vel.<\/span><\/p>\n","protected":false},"excerpt":{"rendered":"<p>Coluna Capital S\/A de 9 de dezembro\u00a0 Por SAMANTA SALLUM\u00a0 O com\u00e9rcio do DF espera movimentar R$ 981 milh\u00f5es nas vendas natalinas, montante 1,1% inferior ao do ano passado (R$ 992 milh\u00f5es). Embora a maior parte dos comerciantes projete aumento nas vendas, alguns indicadores importantes recuaram, como o ticket m\u00e9dio e a inten\u00e7\u00e3o de compra dos consumidores. Pesquisa do Instituto [&hellip;]<\/p>\n","protected":false},"author":125,"featured_media":21305,"comment_status":"open","ping_status":"open","sticky":false,"template":"","format":"standard","meta":{"footnotes":""},"categories":[6],"tags":[],"class_list":["post-21296","post","type-post","status-publish","format-standard","has-post-thumbnail","hentry","category-coluna-capital-s-a"],"_links":{"self":[{"href":"https:\/\/blogs.correiobraziliense.com.br\/capital-sa\/wp-json\/wp\/v2\/posts\/21296","targetHints":{"allow":["GET"]}}],"collection":[{"href":"https:\/\/blogs.correiobraziliense.com.br\/capital-sa\/wp-json\/wp\/v2\/posts"}],"about":[{"href":"https:\/\/blogs.correiobraziliense.com.br\/capital-sa\/wp-json\/wp\/v2\/types\/post"}],"author":[{"embeddable":true,"href":"https:\/\/blogs.correiobraziliense.com.br\/capital-sa\/wp-json\/wp\/v2\/users\/125"}],"replies":[{"embeddable":true,"href":"https:\/\/blogs.correiobraziliense.com.br\/capital-sa\/wp-json\/wp\/v2\/comments?post=21296"}],"version-history":[{"count":8,"href":"https:\/\/blogs.correiobraziliense.com.br\/capital-sa\/wp-json\/wp\/v2\/posts\/21296\/revisions"}],"predecessor-version":[{"id":21307,"href":"https:\/\/blogs.correiobraziliense.com.br\/capital-sa\/wp-json\/wp\/v2\/posts\/21296\/revisions\/21307"}],"wp:featuredmedia":[{"embeddable":true,"href":"https:\/\/blogs.correiobraziliense.com.br\/capital-sa\/wp-json\/wp\/v2\/media\/21305"}],"wp:attachment":[{"href":"https:\/\/blogs.correiobraziliense.com.br\/capital-sa\/wp-json\/wp\/v2\/media?parent=21296"}],"wp:term":[{"taxonomy":"category","embeddable":true,"href":"https:\/\/blogs.correiobraziliense.com.br\/capital-sa\/wp-json\/wp\/v2\/categories?post=21296"},{"taxonomy":"post_tag","embeddable":true,"href":"https:\/\/blogs.correiobraziliense.com.br\/capital-sa\/wp-json\/wp\/v2\/tags?post=21296"}],"curies":[{"name":"wp","href":"https:\/\/api.w.org\/{rel}","templated":true}]}}