{"id":21246,"date":"2025-12-03T15:38:26","date_gmt":"2025-12-03T18:38:26","guid":{"rendered":"https:\/\/blogs.correiobraziliense.com.br\/capital-sa\/?p=21246"},"modified":"2025-12-03T15:53:41","modified_gmt":"2025-12-03T18:53:41","slug":"programa-acredita-para-pequenos-negocios-alcancara-r-10-bilhoes-em-credito","status":"publish","type":"post","link":"https:\/\/blogs.correiobraziliense.com.br\/capital-sa\/2025\/12\/03\/programa-acredita-para-pequenos-negocios-alcancara-r-10-bilhoes-em-credito\/","title":{"rendered":"Programa Acredita para pequenos neg\u00f3cios alcan\u00e7ar\u00e1 R$ 10 bilh\u00f5es em cr\u00e9dito"},"content":{"rendered":"<p><strong>Por SAMANTA SALLUM\u00a0<\/strong><\/p>\n<p>Lan\u00e7ado em maio de 2024, o Programa Acredita chegar\u00e1 ao fim de dezembro com mais de R$ 10 bilh\u00f5es em empr\u00e9stimos realizados com as garantias do Fundo de Aval \u00e0s Micro e Pequenas Empresas (Fampe), coordenado pelo Sebrae. No total, cerca de 117 mil opera\u00e7\u00f5es de cr\u00e9dito foram realizadas junto aos pequenos neg\u00f3cios no per\u00edodo. O cr\u00e9dito assistido do Sebrae \u00e9 um diferencial oferecido gratuitamente para os pequenos neg\u00f3cios que contam com as garantias do Fampe.<\/p>\n<p>Em 2025, foram realizados mais de meio milh\u00e3o de atendimentos com foco em cr\u00e9dito.<\/p>\n<p>&#8211; 373 mil<br \/>\nN\u00famero de pequenos neg\u00f3cios atendidos<\/p>\n<p>145 mil &#8211; Total de horas em consultoria<\/p>\n<p><strong>Encontro nacional entre bancos e empres\u00e1rios<\/strong><\/p>\n<p>Nos dias 10 e 11 de dezembro, a institui\u00e7\u00e3o promove o Encontro Nacional do Acredita Sebrae, em S\u00e3o Paulo. No acasi\u00e3o, ser\u00e1 feito balan\u00e7o das a\u00e7\u00f5es realizadas, e promovida a troca de experi\u00eancias e de converg\u00eancia dos esfor\u00e7os para aprimorar a atua\u00e7\u00e3o junto aos empreendedores de todo o pa\u00eds. O evento reunir\u00e1 institui\u00e7\u00f5es banc\u00e1rias parceiras, representantes estaduais da entidade e empres\u00e1rios.<\/p>\n<p><em>Sonho de empreender<\/em><\/p>\n<p>&#8220;O Acredita representa a mudan\u00e7a de vida das fam\u00edlias e dos pequenos neg\u00f3cios. Somos uma porta para sonhos realizados de milh\u00f5es de brasileiros&#8221;, ressalta o presidente do Sebrae, D\u00e9cio Lima.<\/p>\n<p><strong>Associa\u00e7\u00f5es comerciais pressionam Hugo Motta a pautar atualiza\u00e7\u00e3o do Simples Nacional<\/strong><\/p>\n<p><img loading=\"lazy\" decoding=\"async\" class=\"aligncenter size-medium wp-image-21252\" src=\"https:\/\/blogs.correiobraziliense.com.br\/capital-sa\/wp-content\/uploads\/sites\/59\/2025\/12\/IMG_2410-300x219.jpeg\" alt=\"\" width=\"300\" height=\"219\" srcset=\"https:\/\/blogs.correiobraziliense.com.br\/capital-sa\/wp-content\/uploads\/sites\/59\/2025\/12\/IMG_2410-300x219.jpeg 300w, https:\/\/blogs.correiobraziliense.com.br\/capital-sa\/wp-content\/uploads\/sites\/59\/2025\/12\/IMG_2410-768x561.jpeg 768w, https:\/\/blogs.correiobraziliense.com.br\/capital-sa\/wp-content\/uploads\/sites\/59\/2025\/12\/IMG_2410-800x584.jpeg 800w, https:\/\/blogs.correiobraziliense.com.br\/capital-sa\/wp-content\/uploads\/sites\/59\/2025\/12\/IMG_2410-550x401.jpeg 550w, https:\/\/blogs.correiobraziliense.com.br\/capital-sa\/wp-content\/uploads\/sites\/59\/2025\/12\/IMG_2410-230x168.jpeg 230w, https:\/\/blogs.correiobraziliense.com.br\/capital-sa\/wp-content\/uploads\/sites\/59\/2025\/12\/IMG_2410.jpeg 955w\" sizes=\"auto, (max-width: 300px) 100vw, 300px\" \/><\/p>\n<p>A urg\u00eancia da atualiza\u00e7\u00e3o dos valores do Simples Nacional, prevista no Projeto de Lei Complementar (PLP) 108\/2021, foi tema de destaque no Summit da Micro e Pequena Empresa, realizado em Bras\u00edlia pela Confedara\u00e7\u00e3o das Associa\u00e7\u00f5es Comerciais do Brasil. A entidade pediu ao presidente da C\u00e2mara dos Deputados, Hugo Motta, que priorize a pauta ainda em 2025. De autoria do Senado Federal, apresentado pelo senador Jayme Campos (DEM\/MT), o PLP 108\/21 prop\u00f5e a atualiza\u00e7\u00e3o dos limites de faturamento do Simples Nacional com base no \u00cdndice de Pre\u00e7os ao Consumidor Amplo (IPCA), corrigindo valores defasados h\u00e1 mais de sete anos.<\/p>\n<p>As lideran\u00e7as empresariais refor\u00e7aram que n\u00e3o h\u00e1 amplia\u00e7\u00e3o de benef\u00edcios, mas, sim, a necessidade de alinhamento dos tetos ao impacto inflacion\u00e1rio acumulado desde 2018.<\/p>\n<p>A proposta:<\/p>\n<p>MEI: limite anual passa de R$ 81 mil para<br \/>\nR$ 144.913,00, com permiss\u00e3o para contrata\u00e7\u00e3o de at\u00e9 dois empregados (atualmente \u00e9 apenas um);<\/p>\n<p>Microempresas: teto sobe de R$ 360 mil para R$ 869 mil ao ano;<\/p>\n<p>Empresas de Pequeno Porte: limite de faturamento passa de R$ 4,8 milh\u00f5es para cerca de R$ 8,7 milh\u00f5es; Atualiza\u00e7\u00e3o anual autom\u00e1tica dos valores, de acordo com o IPCA.<\/p>\n<p><strong>Codese-DF e GDF realizam reuni\u00e3o de Governan\u00e7a<\/strong><\/p>\n<p>O Conselho de Desenvolvimento Econ\u00f4mico, Sustent\u00e1vel e Estrat\u00e9gico do Distrito Federal (Codese-DF) realizar\u00e1 a 6\u00aa Reuni\u00e3o de Governan\u00e7a, no audit\u00f3rio do Sinduscon, a partir das 9h, j\u00e1 com a nova diretoria presidida por Dionyzio Klavdianos. O evento reafirma o compromisso da entidade e do Governo do Distrito Federal (GDF), com a implementa\u00e7\u00e3o das a\u00e7\u00f5es estruturantes previstas no documento &#8220;O DF que a gente quer em 2040&#8221;, publicado pelo Codese-DF em 2022. A reuni\u00e3o ser\u00e1 realizada j\u00e1 com a nova diretoria presidida por Dionyzio Klavdianos.<\/p>\n<p><em>Eixos de trabalho<\/em><\/p>\n<p>Na ocasi\u00e3o, o governador do Distrito Federal, Ibaneis Rocha, que abrir\u00e1 o evento, al\u00e9m do secret\u00e1rio de Governo, Jos\u00e9 Humberto Pires, secret\u00e1rios de Estado e outras autoridades locais se reunir\u00e3o com l\u00edderes e gestores do Codese-DF para apresentar o andamento das 210 metas de desenvolvimento e a\u00e7\u00f5es propostas no documento. Destas, 92% foram acatadas pelo GDF para a Gest\u00e3o 2023-2026. Mobilidade, Sa\u00fade, Educa\u00e7\u00e3o, Seguran\u00e7a P\u00fablica, Economia, Sustentabilidade e Inova\u00e7\u00e3o est\u00e3o entre os eixos de trabalho.<\/p>\n<p><strong><em>Acompanhe a Capital S\/A na TV Bras\u00edlia todas as ter\u00e7as e quintas-feiras, 18h\u00a0<\/em><\/strong><strong><em>no JL ao vivo<\/em><\/strong><\/p>\n<p><iframe loading=\"lazy\" title=\"SENAC-DF ABRE INSCRI\u00c7\u00d5ES PARA GRADUA\u00c7\u00c3O, P\u00d3S-GRADUA\u00c7\u00c3O, CURSOS T\u00c9CNICOS E LIVRES | CAPITAL S\/A\" width=\"1440\" height=\"810\" src=\"https:\/\/www.youtube.com\/embed\/ln68kt_QgAU?feature=oembed\" frameborder=\"0\" allow=\"accelerometer; autoplay; clipboard-write; encrypted-media; gyroscope; picture-in-picture; web-share\" referrerpolicy=\"strict-origin-when-cross-origin\" allowfullscreen><\/iframe><\/p>\n","protected":false},"excerpt":{"rendered":"<p>Por SAMANTA SALLUM\u00a0 Lan\u00e7ado em maio de 2024, o Programa Acredita chegar\u00e1 ao fim de dezembro com mais de R$ 10 bilh\u00f5es em empr\u00e9stimos realizados com as garantias do Fundo de Aval \u00e0s Micro e Pequenas Empresas (Fampe), coordenado pelo Sebrae. No total, cerca de 117 mil opera\u00e7\u00f5es de cr\u00e9dito foram realizadas junto aos pequenos neg\u00f3cios no per\u00edodo. O cr\u00e9dito [&hellip;]<\/p>\n","protected":false},"author":125,"featured_media":21250,"comment_status":"open","ping_status":"open","sticky":false,"template":"","format":"standard","meta":{"footnotes":""},"categories":[6],"tags":[],"class_list":["post-21246","post","type-post","status-publish","format-standard","has-post-thumbnail","hentry","category-coluna-capital-s-a"],"_links":{"self":[{"href":"https:\/\/blogs.correiobraziliense.com.br\/capital-sa\/wp-json\/wp\/v2\/posts\/21246","targetHints":{"allow":["GET"]}}],"collection":[{"href":"https:\/\/blogs.correiobraziliense.com.br\/capital-sa\/wp-json\/wp\/v2\/posts"}],"about":[{"href":"https:\/\/blogs.correiobraziliense.com.br\/capital-sa\/wp-json\/wp\/v2\/types\/post"}],"author":[{"embeddable":true,"href":"https:\/\/blogs.correiobraziliense.com.br\/capital-sa\/wp-json\/wp\/v2\/users\/125"}],"replies":[{"embeddable":true,"href":"https:\/\/blogs.correiobraziliense.com.br\/capital-sa\/wp-json\/wp\/v2\/comments?post=21246"}],"version-history":[{"count":7,"href":"https:\/\/blogs.correiobraziliense.com.br\/capital-sa\/wp-json\/wp\/v2\/posts\/21246\/revisions"}],"predecessor-version":[{"id":21255,"href":"https:\/\/blogs.correiobraziliense.com.br\/capital-sa\/wp-json\/wp\/v2\/posts\/21246\/revisions\/21255"}],"wp:featuredmedia":[{"embeddable":true,"href":"https:\/\/blogs.correiobraziliense.com.br\/capital-sa\/wp-json\/wp\/v2\/media\/21250"}],"wp:attachment":[{"href":"https:\/\/blogs.correiobraziliense.com.br\/capital-sa\/wp-json\/wp\/v2\/media?parent=21246"}],"wp:term":[{"taxonomy":"category","embeddable":true,"href":"https:\/\/blogs.correiobraziliense.com.br\/capital-sa\/wp-json\/wp\/v2\/categories?post=21246"},{"taxonomy":"post_tag","embeddable":true,"href":"https:\/\/blogs.correiobraziliense.com.br\/capital-sa\/wp-json\/wp\/v2\/tags?post=21246"}],"curies":[{"name":"wp","href":"https:\/\/api.w.org\/{rel}","templated":true}]}}