{"id":21235,"date":"2025-12-01T20:08:04","date_gmt":"2025-12-01T23:08:04","guid":{"rendered":"https:\/\/blogs.correiobraziliense.com.br\/capital-sa\/?p=21235"},"modified":"2025-12-01T23:15:59","modified_gmt":"2025-12-02T02:15:59","slug":"instalei-hoje-auditoria-externa-e-independente-diz-presidente-do-brb-em-reuniao-com-empresarios-do-df","status":"publish","type":"post","link":"https:\/\/blogs.correiobraziliense.com.br\/capital-sa\/2025\/12\/01\/instalei-hoje-auditoria-externa-e-independente-diz-presidente-do-brb-em-reuniao-com-empresarios-do-df\/","title":{"rendered":"\u201cInstalei hoje auditoria externa e independente\u201d, diz presidente do BRB em reuni\u00e3o com empres\u00e1rios do DF"},"content":{"rendered":"<p class=\"p1\"><strong>Por SAMANTA SALLUM\u00a0<\/strong><\/p>\n<p class=\"p1\"><span class=\"s1\">Acompanhando do governador Ibaneis Rocha, o novo presidente do BRB, Nelson Souza, participou de reuni\u00e3o na Federa\u00e7\u00e3o do Com\u00e9rcio de Bens, Servi\u00e7os e Turismo do Distrito Federal. O encontro durou algumas horas e terminou no in\u00edcio da noite.\u00a0<\/span>Ele foi apresentado aos representantes do setor produtivo pelo governador,<\/p>\n<p>Nelson afirmou que o BRB instalou nesta segunda-feira uma auditoria. \u201cEstamos instalando uma auditoria externa e independente, conduzida por uma empresa de advocacia e investiga\u00e7\u00e3o, para garantir governan\u00e7a, pessoas competentes e resultados claros. Estamos comprometidos em agir com transpar\u00eancia, manter o di\u00e1logo com o setor empresarial e dar as m\u00e3os para atravessarmos juntos esta fase\u201d, contou o novo presidente.<\/p>\n<p>Ele participou de uma reuni\u00e3o com toda a diretoria da Fecom\u00e9rcio formada por presidentes de 26 sindicatos empresariais. O convite foi feito pelo presidente do Sistema Fecom\u00e9rcio-DF, Jos\u00e9 Aparecido Freire, para falar aos empres\u00e1rios e tranquiliz\u00e1-los sobre a situa\u00e7\u00e3o do banco. Souza destacou que as prioridades de sua gest\u00e3o ser\u00e3o governan\u00e7a, pessoas e resultados.<\/p>\n<p class=\"p1\"><strong><span class=\"s1\">Import\u00e2ncia do microcr\u00e9dito <\/span><\/strong><\/p>\n<p class=\"p1\"><span class=\"s1\">Souza tamb\u00e9m refor\u00e7ou<span class=\"Apple-converted-space\">\u00a0 <\/span>aos empres\u00e1rios que seguir\u00e1 fomentando o mercado imobili\u00e1rio, a cultura, o turismo local e o microcr\u00e9dito. O presidente da Fecom\u00e9rcio disse que<span class=\"Apple-converted-space\">\u00a0 <\/span>o momento \u00e9 importante para setor empresarial estreitar la\u00e7os, alinhar estrat\u00e9gias e discutir formas de fortalecer a economia local e ampliar o acesso ao cr\u00e9dito para nossas empresas. \u201cSobre o microcr\u00e9dito para os pequenos empres\u00e1rios, ficamos satisfeitos, pois grande parte do nosso empresariado \u00e9 optante do Simples Nacional\u201d, disse.<\/span><\/p>\n<p class=\"p1\"><strong><span class=\"s1\">Apoio para atravessar a crise <\/span><\/strong><\/p>\n<p class=\"p1\"><span class=\"s1\">Na abertura da reuni\u00e3o, o governador Ibaneis afirmou que o Banco de Bras\u00edlia precisa do apoio dos empres\u00e1rios para continuar crescendo e cumprindo seu papel de fomentar a economia local. \u201cNosso objetivo \u00e9 unir o potencial do setor empresarial da cidade com o BRB, criando oportunidades, fomentando neg\u00f3cios e fortalecendo a economia do Distrito Federal como um todo.\u201d<\/span><\/p>\n<p><strong><em>Acompanhe a Capital S\/A na TV Bras\u00edlia todas as ter\u00e7as e quintas-feiras, 18h, no JL\u00a0<\/em><\/strong><\/p>\n<p><iframe loading=\"lazy\" title=\"5G BRASILEIRO CHEGA \u00c0 ANT\u00c1RTIDA E PROMETE ACELERAR PESQUISAS | CAPITAL S\/A\" width=\"1440\" height=\"810\" src=\"https:\/\/www.youtube.com\/embed\/YCIL7XiefSY?feature=oembed\" frameborder=\"0\" allow=\"accelerometer; autoplay; clipboard-write; encrypted-media; gyroscope; picture-in-picture; web-share\" referrerpolicy=\"strict-origin-when-cross-origin\" allowfullscreen><\/iframe><\/p>\n","protected":false},"excerpt":{"rendered":"<p>Por SAMANTA SALLUM\u00a0 Acompanhando do governador Ibaneis Rocha, o novo presidente do BRB, Nelson Souza, participou de reuni\u00e3o na Federa\u00e7\u00e3o do Com\u00e9rcio de Bens, Servi\u00e7os e Turismo do Distrito Federal. O encontro durou algumas horas e terminou no in\u00edcio da noite.\u00a0Ele foi apresentado aos representantes do setor produtivo pelo governador, Nelson afirmou que o BRB instalou nesta segunda-feira uma auditoria. [&hellip;]<\/p>\n","protected":false},"author":125,"featured_media":21239,"comment_status":"open","ping_status":"open","sticky":false,"template":"","format":"standard","meta":{"footnotes":""},"categories":[6],"tags":[],"class_list":["post-21235","post","type-post","status-publish","format-standard","has-post-thumbnail","hentry","category-coluna-capital-s-a"],"_links":{"self":[{"href":"https:\/\/blogs.correiobraziliense.com.br\/capital-sa\/wp-json\/wp\/v2\/posts\/21235","targetHints":{"allow":["GET"]}}],"collection":[{"href":"https:\/\/blogs.correiobraziliense.com.br\/capital-sa\/wp-json\/wp\/v2\/posts"}],"about":[{"href":"https:\/\/blogs.correiobraziliense.com.br\/capital-sa\/wp-json\/wp\/v2\/types\/post"}],"author":[{"embeddable":true,"href":"https:\/\/blogs.correiobraziliense.com.br\/capital-sa\/wp-json\/wp\/v2\/users\/125"}],"replies":[{"embeddable":true,"href":"https:\/\/blogs.correiobraziliense.com.br\/capital-sa\/wp-json\/wp\/v2\/comments?post=21235"}],"version-history":[{"count":6,"href":"https:\/\/blogs.correiobraziliense.com.br\/capital-sa\/wp-json\/wp\/v2\/posts\/21235\/revisions"}],"predecessor-version":[{"id":21243,"href":"https:\/\/blogs.correiobraziliense.com.br\/capital-sa\/wp-json\/wp\/v2\/posts\/21235\/revisions\/21243"}],"wp:featuredmedia":[{"embeddable":true,"href":"https:\/\/blogs.correiobraziliense.com.br\/capital-sa\/wp-json\/wp\/v2\/media\/21239"}],"wp:attachment":[{"href":"https:\/\/blogs.correiobraziliense.com.br\/capital-sa\/wp-json\/wp\/v2\/media?parent=21235"}],"wp:term":[{"taxonomy":"category","embeddable":true,"href":"https:\/\/blogs.correiobraziliense.com.br\/capital-sa\/wp-json\/wp\/v2\/categories?post=21235"},{"taxonomy":"post_tag","embeddable":true,"href":"https:\/\/blogs.correiobraziliense.com.br\/capital-sa\/wp-json\/wp\/v2\/tags?post=21235"}],"curies":[{"name":"wp","href":"https:\/\/api.w.org\/{rel}","templated":true}]}}