{"id":21179,"date":"2025-11-18T07:33:17","date_gmt":"2025-11-18T10:33:17","guid":{"rendered":"https:\/\/blogs.correiobraziliense.com.br\/capital-sa\/?p=21179"},"modified":"2025-11-18T07:48:02","modified_gmt":"2025-11-18T10:48:02","slug":"ambev-bebidas-sem-acucar-registram-mais-crescimento-de-vendas","status":"publish","type":"post","link":"https:\/\/blogs.correiobraziliense.com.br\/capital-sa\/2025\/11\/18\/ambev-bebidas-sem-acucar-registram-mais-crescimento-de-vendas\/","title":{"rendered":"Ambev: bebidas sem a\u00e7\u00facar registram mais crescimento de vendas"},"content":{"rendered":"<p><em>Consumo mais consciente: segmento zero \u00e1lcool e zero gl\u00faten s\u00e3o tend\u00eancias fortes\u00a0<\/em><\/p>\n<p class=\"p1\"><strong>Por SAMANTA SALLUM\u00a0<\/strong><\/p>\n<p class=\"p1\">A Ambev registou R$ 3.8 bi de Lucro L\u00edquido Ajustado Resultado no 3o trimestre do ano. Teve crescimento de 7.6% em rela\u00e7\u00e3o ao mesmo per\u00edodo do ano passado. E o segmento de refrigerantes sem a\u00e7\u00facar segue em trajet\u00f3ria acelerada de crescimento em 2025. Destaque para o desempenho de Guaran\u00e1 Antarctica Zero, que teve aumento de mais de 30% em volume de vendas. Lan\u00e7ado no fim de 2023, a\u00a0 f\u00f3rmula passou por mais de 100 testes. J\u00e1 Pepsi Black, teve alta de mais de 35% em volume no trimestre.<\/p>\n<p class=\"p1\"><strong><span class=\"s1\">Marca centen\u00e1ria<\/span><\/strong><\/p>\n<p><img loading=\"lazy\" decoding=\"async\" class=\"aligncenter size-medium wp-image-21185\" src=\"https:\/\/blogs.correiobraziliense.com.br\/capital-sa\/wp-content\/uploads\/sites\/59\/2025\/11\/IMG_1855-300x200.jpeg\" alt=\"\" width=\"300\" height=\"200\" srcset=\"https:\/\/blogs.correiobraziliense.com.br\/capital-sa\/wp-content\/uploads\/sites\/59\/2025\/11\/IMG_1855-300x200.jpeg 300w, https:\/\/blogs.correiobraziliense.com.br\/capital-sa\/wp-content\/uploads\/sites\/59\/2025\/11\/IMG_1855-550x367.jpeg 550w, https:\/\/blogs.correiobraziliense.com.br\/capital-sa\/wp-content\/uploads\/sites\/59\/2025\/11\/IMG_1855-230x153.jpeg 230w, https:\/\/blogs.correiobraziliense.com.br\/capital-sa\/wp-content\/uploads\/sites\/59\/2025\/11\/IMG_1855.jpeg 678w\" sizes=\"auto, (max-width: 300px) 100vw, 300px\" \/><\/p>\n<p class=\"p1\"><span class=\"s1\"> \u201cGuaran\u00e1 Antarctica \u00e9 uma marca centen\u00e1ria que atravessa gera\u00e7\u00f5es, e o sucesso da vers\u00e3o Zero refor\u00e7a nossa capacidade de inovar sem perder a ess\u00eancia. Alcan\u00e7amos, pela primeira vez, mais de um milh\u00e3o de pontos de venda em 2024, evidenciando a for\u00e7a e o alcance da marca no Brasil, e seguimos crescendo neste trimestre\u201d, destacou Daniela Cachich, presidente da Unidade deNeg\u00f3cios Beyond Co na Ambev +.<\/span><\/p>\n<p><img loading=\"lazy\" decoding=\"async\" class=\"aligncenter size-medium wp-image-21188\" src=\"https:\/\/blogs.correiobraziliense.com.br\/capital-sa\/wp-content\/uploads\/sites\/59\/2025\/11\/IMG_1857-300x300.jpeg\" alt=\"\" width=\"300\" height=\"300\" srcset=\"https:\/\/blogs.correiobraziliense.com.br\/capital-sa\/wp-content\/uploads\/sites\/59\/2025\/11\/IMG_1857-300x300.jpeg 300w, https:\/\/blogs.correiobraziliense.com.br\/capital-sa\/wp-content\/uploads\/sites\/59\/2025\/11\/IMG_1857-150x150.jpeg 150w, https:\/\/blogs.correiobraziliense.com.br\/capital-sa\/wp-content\/uploads\/sites\/59\/2025\/11\/IMG_1857-768x770.jpeg 768w, https:\/\/blogs.correiobraziliense.com.br\/capital-sa\/wp-content\/uploads\/sites\/59\/2025\/11\/IMG_1857-1021x1024.jpeg 1021w, https:\/\/blogs.correiobraziliense.com.br\/capital-sa\/wp-content\/uploads\/sites\/59\/2025\/11\/IMG_1857-800x802.jpeg 800w, https:\/\/blogs.correiobraziliense.com.br\/capital-sa\/wp-content\/uploads\/sites\/59\/2025\/11\/IMG_1857-550x551.jpeg 550w, https:\/\/blogs.correiobraziliense.com.br\/capital-sa\/wp-content\/uploads\/sites\/59\/2025\/11\/IMG_1857-230x231.jpeg 230w, https:\/\/blogs.correiobraziliense.com.br\/capital-sa\/wp-content\/uploads\/sites\/59\/2025\/11\/IMG_1857.jpeg 1170w\" sizes=\"auto, (max-width: 300px) 100vw, 300px\" \/><\/p>\n<p><strong>Balan\u00e7o: zero \u00e1lcool e zero gl\u00faten\u00a0<\/strong><\/p>\n<p>Segundo a Ambev, no balan\u00e7o geral o terceiro trimestre permaneceu din\u00e2mico, com a performance da ind\u00fastria impactada por fatores conjunturais, como o clima mais frio e o menor poder de compra do consumidor.<\/p>\n<p>\u201cSeguimos vendo tend\u00eancias importantes ganhando for\u00e7a, como o avan\u00e7o de um comportamento de consumo que busca escolhas mais equilibradas, com op\u00e7\u00f5es zero \u00e1lcool, de menor caloria e sem gl\u00faten, como Stella Pure Gold; o fortalecimento do segmento premium. E tamb\u00e9m a evolu\u00e7\u00e3o de um p\u00fablico \u201csweet seekers\u201d, formado por pessoas menos habituadas ao paladar amargo, que atendemos cada vez melhor com marcas como Beats e, mais recentemente, com o lan\u00e7amento de Flying Fish, uma cerveja com sabor que responde a essa demanda\u201d, apontou \u00a0Guilherme Fleury, CFO Ambev.<\/p>\n","protected":false},"excerpt":{"rendered":"<p>Consumo mais consciente: segmento zero \u00e1lcool e zero gl\u00faten s\u00e3o tend\u00eancias fortes\u00a0 Por SAMANTA SALLUM\u00a0 A Ambev registou R$ 3.8 bi de Lucro L\u00edquido Ajustado Resultado no 3o trimestre do ano. Teve crescimento de 7.6% em rela\u00e7\u00e3o ao mesmo per\u00edodo do ano passado. E o segmento de refrigerantes sem a\u00e7\u00facar segue em trajet\u00f3ria acelerada de crescimento em 2025. Destaque para [&hellip;]<\/p>\n","protected":false},"author":125,"featured_media":21191,"comment_status":"open","ping_status":"open","sticky":false,"template":"","format":"standard","meta":{"footnotes":""},"categories":[6],"tags":[],"class_list":["post-21179","post","type-post","status-publish","format-standard","has-post-thumbnail","hentry","category-coluna-capital-s-a"],"_links":{"self":[{"href":"https:\/\/blogs.correiobraziliense.com.br\/capital-sa\/wp-json\/wp\/v2\/posts\/21179","targetHints":{"allow":["GET"]}}],"collection":[{"href":"https:\/\/blogs.correiobraziliense.com.br\/capital-sa\/wp-json\/wp\/v2\/posts"}],"about":[{"href":"https:\/\/blogs.correiobraziliense.com.br\/capital-sa\/wp-json\/wp\/v2\/types\/post"}],"author":[{"embeddable":true,"href":"https:\/\/blogs.correiobraziliense.com.br\/capital-sa\/wp-json\/wp\/v2\/users\/125"}],"replies":[{"embeddable":true,"href":"https:\/\/blogs.correiobraziliense.com.br\/capital-sa\/wp-json\/wp\/v2\/comments?post=21179"}],"version-history":[{"count":8,"href":"https:\/\/blogs.correiobraziliense.com.br\/capital-sa\/wp-json\/wp\/v2\/posts\/21179\/revisions"}],"predecessor-version":[{"id":21192,"href":"https:\/\/blogs.correiobraziliense.com.br\/capital-sa\/wp-json\/wp\/v2\/posts\/21179\/revisions\/21192"}],"wp:featuredmedia":[{"embeddable":true,"href":"https:\/\/blogs.correiobraziliense.com.br\/capital-sa\/wp-json\/wp\/v2\/media\/21191"}],"wp:attachment":[{"href":"https:\/\/blogs.correiobraziliense.com.br\/capital-sa\/wp-json\/wp\/v2\/media?parent=21179"}],"wp:term":[{"taxonomy":"category","embeddable":true,"href":"https:\/\/blogs.correiobraziliense.com.br\/capital-sa\/wp-json\/wp\/v2\/categories?post=21179"},{"taxonomy":"post_tag","embeddable":true,"href":"https:\/\/blogs.correiobraziliense.com.br\/capital-sa\/wp-json\/wp\/v2\/tags?post=21179"}],"curies":[{"name":"wp","href":"https:\/\/api.w.org\/{rel}","templated":true}]}}