{"id":21174,"date":"2025-11-18T06:58:53","date_gmt":"2025-11-18T09:58:53","guid":{"rendered":"https:\/\/blogs.correiobraziliense.com.br\/capital-sa\/?p=21174"},"modified":"2025-11-18T07:36:55","modified_gmt":"2025-11-18T10:36:55","slug":"ia-especializada-em-gestao-de-obras-publicas","status":"publish","type":"post","link":"https:\/\/blogs.correiobraziliense.com.br\/capital-sa\/2025\/11\/18\/ia-especializada-em-gestao-de-obras-publicas\/","title":{"rendered":"IA especializada em gest\u00e3o de obras p\u00fablicas"},"content":{"rendered":"<p class=\"p1\"><strong>Por SAMANTA SALLUM\u00a0<\/strong><\/p>\n<p class=\"p1\"><span class=\"s1\">Uma ferramenta por Intelig\u00eancia Artificial \u00e9 capaz de interpretar medi\u00e7\u00f5es f\u00edsico-financeiras, contratos e cronogramas diretamente a partir dos sistemas oficiais utilizados pelos \u00f3rg\u00e3os p\u00fablicos. Com isso, o gestor pode, por exemplo, perguntar se uma obra est\u00e1 dentro do prazo ou se o valor executado corresponde ao planejado \u2014 e receber a resposta de forma imediata, clara e fundamentada. Foi o que a Softplan apresentou em\u00a0<\/span>um dos principais f\u00f3runs sobre conserva\u00e7\u00e3o rodovi\u00e1ria da Am\u00e9rica Latina, a Softtplan para a condu\u00e7\u00e3o de contratos de obras e infraestrutura.<\/p>\n<p class=\"p1\">A empresa \u00e9 uma\u00a0das maiores de tecnologia para o setor p\u00fablico no Brasil e realizou o lan\u00e7amento oficial da Iris Obras, sua nova intelig\u00eancia artificial. O an\u00fancio ocorreu na 27\u00aa edi\u00e7\u00e3o do ENACOR (Encontro Nacional de Conserva\u00e7\u00e3o\u00a0 Rodovi\u00e1ria \/ 50\u00aa RAPv), em Belo Horizonte.<\/p>\n<p class=\"p1\"><strong>Expans\u00e3o Internacional com expertise no setor judici\u00e1rio<\/strong><\/p>\n<p><img loading=\"lazy\" decoding=\"async\" class=\"aligncenter size-medium wp-image-21177\" src=\"https:\/\/blogs.correiobraziliense.com.br\/capital-sa\/wp-content\/uploads\/sites\/59\/2025\/11\/IMG_1852-300x212.jpeg\" alt=\"\" width=\"300\" height=\"212\" srcset=\"https:\/\/blogs.correiobraziliense.com.br\/capital-sa\/wp-content\/uploads\/sites\/59\/2025\/11\/IMG_1852-300x212.jpeg 300w, https:\/\/blogs.correiobraziliense.com.br\/capital-sa\/wp-content\/uploads\/sites\/59\/2025\/11\/IMG_1852-768x544.jpeg 768w, https:\/\/blogs.correiobraziliense.com.br\/capital-sa\/wp-content\/uploads\/sites\/59\/2025\/11\/IMG_1852-1024x725.jpeg 1024w, https:\/\/blogs.correiobraziliense.com.br\/capital-sa\/wp-content\/uploads\/sites\/59\/2025\/11\/IMG_1852-800x566.jpeg 800w, https:\/\/blogs.correiobraziliense.com.br\/capital-sa\/wp-content\/uploads\/sites\/59\/2025\/11\/IMG_1852-550x389.jpeg 550w, https:\/\/blogs.correiobraziliense.com.br\/capital-sa\/wp-content\/uploads\/sites\/59\/2025\/11\/IMG_1852-230x163.jpeg 230w, https:\/\/blogs.correiobraziliense.com.br\/capital-sa\/wp-content\/uploads\/sites\/59\/2025\/11\/IMG_1852.jpeg 1170w\" sizes=\"auto, (max-width: 300px) 100vw, 300px\" \/><\/p>\n<p><em><span class=\"s1\">Foto:\u00a0<\/span>Rafael Stabile, diretor de Novos Neg\u00f3cios da Softplan; Juiz Ramiro Bustamante Zegarra; Janet Tello Gilardi, Presidente do Poder Judici\u00e1rio do Peru;Clemente de Lima Baena Soares, embaixador do Peru no Brasil e M\u00e1rcio Santana, CEO da Softplan<\/em><\/p>\n<p class=\"p1\"><span class=\"s1\">Com 35 anos de atua\u00e7\u00e3o junto ao setor p\u00fablico, a Softplan \u00e9 pioneira na transforma\u00e7\u00e3o digital da Justi\u00e7a brasileira. Em 2025, a empresa deu mais um passo importante ao assinar um contrato de R$ 130 milh\u00f5es com o Poder Judicial do Peru, resultado de uma licita\u00e7\u00e3o internacional. O projeto prev\u00ea a implementa\u00e7\u00e3o do SAJ Tribunais, plataforma tecnol\u00f3gica que vai modernizar a tramita\u00e7\u00e3o de processos n\u00e3o criminais em todo o territ\u00f3rio peruano.<\/span><\/p>\n<p class=\"p1\"><span class=\"s1\"> A solu\u00e7\u00e3o j\u00e1 \u00e9 utilizada amplamente no Brasil &#8211; com mais de 27 milh\u00f5es de processos em andamento e outros 100 milh\u00f5es conclu\u00eddos &#8211; e tamb\u00e9m na Col\u00f4mbia. A empresa tamb\u00e9m foi uma das parceiras na organiza\u00e7\u00e3o da Expojud em Bras\u00edlia, realizada em outubro.<\/span><\/p>\n","protected":false},"excerpt":{"rendered":"<p>Por SAMANTA SALLUM\u00a0 Uma ferramenta por Intelig\u00eancia Artificial \u00e9 capaz de interpretar medi\u00e7\u00f5es f\u00edsico-financeiras, contratos e cronogramas diretamente a partir dos sistemas oficiais utilizados pelos \u00f3rg\u00e3os p\u00fablicos. Com isso, o gestor pode, por exemplo, perguntar se uma obra est\u00e1 dentro do prazo ou se o valor executado corresponde ao planejado \u2014 e receber a resposta de forma imediata, clara e [&hellip;]<\/p>\n","protected":false},"author":125,"featured_media":21176,"comment_status":"open","ping_status":"open","sticky":false,"template":"","format":"standard","meta":{"footnotes":""},"categories":[6],"tags":[],"class_list":["post-21174","post","type-post","status-publish","format-standard","has-post-thumbnail","hentry","category-coluna-capital-s-a"],"_links":{"self":[{"href":"https:\/\/blogs.correiobraziliense.com.br\/capital-sa\/wp-json\/wp\/v2\/posts\/21174","targetHints":{"allow":["GET"]}}],"collection":[{"href":"https:\/\/blogs.correiobraziliense.com.br\/capital-sa\/wp-json\/wp\/v2\/posts"}],"about":[{"href":"https:\/\/blogs.correiobraziliense.com.br\/capital-sa\/wp-json\/wp\/v2\/types\/post"}],"author":[{"embeddable":true,"href":"https:\/\/blogs.correiobraziliense.com.br\/capital-sa\/wp-json\/wp\/v2\/users\/125"}],"replies":[{"embeddable":true,"href":"https:\/\/blogs.correiobraziliense.com.br\/capital-sa\/wp-json\/wp\/v2\/comments?post=21174"}],"version-history":[{"count":4,"href":"https:\/\/blogs.correiobraziliense.com.br\/capital-sa\/wp-json\/wp\/v2\/posts\/21174\/revisions"}],"predecessor-version":[{"id":21187,"href":"https:\/\/blogs.correiobraziliense.com.br\/capital-sa\/wp-json\/wp\/v2\/posts\/21174\/revisions\/21187"}],"wp:featuredmedia":[{"embeddable":true,"href":"https:\/\/blogs.correiobraziliense.com.br\/capital-sa\/wp-json\/wp\/v2\/media\/21176"}],"wp:attachment":[{"href":"https:\/\/blogs.correiobraziliense.com.br\/capital-sa\/wp-json\/wp\/v2\/media?parent=21174"}],"wp:term":[{"taxonomy":"category","embeddable":true,"href":"https:\/\/blogs.correiobraziliense.com.br\/capital-sa\/wp-json\/wp\/v2\/categories?post=21174"},{"taxonomy":"post_tag","embeddable":true,"href":"https:\/\/blogs.correiobraziliense.com.br\/capital-sa\/wp-json\/wp\/v2\/tags?post=21174"}],"curies":[{"name":"wp","href":"https:\/\/api.w.org\/{rel}","templated":true}]}}