{"id":21170,"date":"2025-11-17T10:52:49","date_gmt":"2025-11-17T13:52:49","guid":{"rendered":"https:\/\/blogs.correiobraziliense.com.br\/capital-sa\/?p=21170"},"modified":"2025-11-17T10:54:09","modified_gmt":"2025-11-17T13:54:09","slug":"geap-saude-firma-convenio-com-a-procuradoria-geral-do-df","status":"publish","type":"post","link":"https:\/\/blogs.correiobraziliense.com.br\/capital-sa\/2025\/11\/17\/geap-saude-firma-convenio-com-a-procuradoria-geral-do-df\/","title":{"rendered":"Geap Sa\u00fade firma conv\u00eanio com a Procuradoria-Geral do DF"},"content":{"rendered":"<p><strong>Por SAMANTA SALLUM<\/strong><\/p>\n<p>A Geap Sa\u00fade firmou conv\u00eanio com a Procuradoria-Geral do Distrito Federal (PGDF) para oferecer planos de sa\u00fade aos procuradores, servidores e dependentes legais do \u00f3rg\u00e3o. Com a parceria, a Geap amplia o atendimento entre servidores p\u00fablicos e passa a atender cerca de 1,8 mil pessoas, com isen\u00e7\u00e3o total de car\u00eancia at\u00e9 6 de dezembro.<\/p>\n<p>O procurador-geral do DF, M\u00e1rcio Wanderley, destacou que o conv\u00eanio garante aos servidores um plano de abrang\u00eancia nacional, atendendo a uma demanda antiga do \u00f3rg\u00e3o. \u201cEstamos felizes com o acordo e esperamos que essa interlocu\u00e7\u00e3o continue com agilidade no atendimento\u201d, afirmou.<\/p>\n<p>\u201cQueremos honrar a confian\u00e7a depositada na Geap entregando um servi\u00e7o de m\u00e1xima qualidade\u201d, destacou o diretor de Relacionamento e Produtos da Geap, Jo\u00e3o Lucas Monteiro. A Geap atende atualmente 44 \u00f3rg\u00e3os do Judici\u00e1rio ou que atuam nele.<\/p>\n","protected":false},"excerpt":{"rendered":"<p>Por SAMANTA SALLUM A Geap Sa\u00fade firmou conv\u00eanio com a Procuradoria-Geral do Distrito Federal (PGDF) para oferecer planos de sa\u00fade aos procuradores, servidores e dependentes legais do \u00f3rg\u00e3o. Com a parceria, a Geap amplia o atendimento entre servidores p\u00fablicos e passa a atender cerca de 1,8 mil pessoas, com isen\u00e7\u00e3o total de car\u00eancia at\u00e9 6 de dezembro. O procurador-geral do [&hellip;]<\/p>\n","protected":false},"author":125,"featured_media":21173,"comment_status":"open","ping_status":"open","sticky":false,"template":"","format":"standard","meta":{"footnotes":""},"categories":[6],"tags":[],"class_list":["post-21170","post","type-post","status-publish","format-standard","has-post-thumbnail","hentry","category-coluna-capital-s-a"],"_links":{"self":[{"href":"https:\/\/blogs.correiobraziliense.com.br\/capital-sa\/wp-json\/wp\/v2\/posts\/21170","targetHints":{"allow":["GET"]}}],"collection":[{"href":"https:\/\/blogs.correiobraziliense.com.br\/capital-sa\/wp-json\/wp\/v2\/posts"}],"about":[{"href":"https:\/\/blogs.correiobraziliense.com.br\/capital-sa\/wp-json\/wp\/v2\/types\/post"}],"author":[{"embeddable":true,"href":"https:\/\/blogs.correiobraziliense.com.br\/capital-sa\/wp-json\/wp\/v2\/users\/125"}],"replies":[{"embeddable":true,"href":"https:\/\/blogs.correiobraziliense.com.br\/capital-sa\/wp-json\/wp\/v2\/comments?post=21170"}],"version-history":[{"count":2,"href":"https:\/\/blogs.correiobraziliense.com.br\/capital-sa\/wp-json\/wp\/v2\/posts\/21170\/revisions"}],"predecessor-version":[{"id":21172,"href":"https:\/\/blogs.correiobraziliense.com.br\/capital-sa\/wp-json\/wp\/v2\/posts\/21170\/revisions\/21172"}],"wp:featuredmedia":[{"embeddable":true,"href":"https:\/\/blogs.correiobraziliense.com.br\/capital-sa\/wp-json\/wp\/v2\/media\/21173"}],"wp:attachment":[{"href":"https:\/\/blogs.correiobraziliense.com.br\/capital-sa\/wp-json\/wp\/v2\/media?parent=21170"}],"wp:term":[{"taxonomy":"category","embeddable":true,"href":"https:\/\/blogs.correiobraziliense.com.br\/capital-sa\/wp-json\/wp\/v2\/categories?post=21170"},{"taxonomy":"post_tag","embeddable":true,"href":"https:\/\/blogs.correiobraziliense.com.br\/capital-sa\/wp-json\/wp\/v2\/tags?post=21170"}],"curies":[{"name":"wp","href":"https:\/\/api.w.org\/{rel}","templated":true}]}}