{"id":21165,"date":"2025-11-13T17:59:48","date_gmt":"2025-11-13T20:59:48","guid":{"rendered":"https:\/\/blogs.correiobraziliense.com.br\/capital-sa\/?p=21165"},"modified":"2025-11-27T12:32:41","modified_gmt":"2025-11-27T15:32:41","slug":"abrasel-df-da-posse-a-nova-diretoria-para-o-trienio-2025-2028","status":"publish","type":"post","link":"https:\/\/blogs.correiobraziliense.com.br\/capital-sa\/2025\/11\/13\/abrasel-df-da-posse-a-nova-diretoria-para-o-trienio-2025-2028\/","title":{"rendered":"Abrasel-DF d\u00e1 posse \u00e0 nova diretoria para o tri\u00eanio 2025\u20132028"},"content":{"rendered":"<p><em>Thales Furtado, do Restaurante Gordeixos, assume a presid\u00eancia regional da entidade\u00a0<\/em><\/p>\n<p><strong>Por SAMANTA SALLUM\u00a0<\/strong><\/p>\n<p>A Associa\u00e7\u00e3o dos Bares e Restaurantes do Distrito Federal empossou a nova diretoria para o tri\u00eanio novembro de 2025 a novembro de 2028, em uma solenidade com a participa\u00e7\u00e3o de empres\u00e1rios, associados e autoridades do Distrito Federal. O evento ocorreu no Coco Bambu do Lago Sul.<\/p>\n<p>Quem assume agora a lideran\u00e7a da Abrasel-DF \u00e9 Thales Furtado, do Restaurante Gordeixos. Entre os objetivos estabelecidos para o primeiro ano de gest\u00e3o est\u00e1 atingir 100 novos associados at\u00e9 o fim de dezembro, ampliando o alcance da entidade.<\/p>\n<p>Com a nova diretoria, a Abrasel-DF projeta um ciclo voltado ao fortalecimento do ambiente de neg\u00f3cios, \u00e0 aproxima\u00e7\u00e3o com o poder p\u00fablico e est\u00edmulo \u00e0 inova\u00e7\u00e3o.<\/p>\n<p><strong><em>Despedida de Beto Pinheiro\u00a0<\/em><\/strong><\/p>\n<p>Depois de dois mandatos \u00e0 frente da Abrasel-DF, o empres\u00e1rio Beto Pinheiro encerrou a gest\u00e3o sendo homenageado pelos associados. \u00a0Lembrou que assumiu a entidade h\u00e1 seis anos com 199 associados e encerra sua trajet\u00f3ria com 905 associados.<\/p>\n<p>Ele deixa a presid\u00eancia, mas permanece na diretoria da entidade e ressaltou que continuar\u00e1 trabalhando para ampliar o relacionamento com o governo e defender as pautas essenciais do setor.<\/p>\n<p>\u00c0 frente do novo ciclo est\u00e1 o Conselho de Administra\u00e7\u00e3o, composto por lideran\u00e7as que representam a diversidade gastron\u00f4mica do Distrito Federal e assumem o papel de construir pontes entre o setor produtivo e as pol\u00edticas p\u00fablicas. Integram o colegiado:<\/p>\n<p>&#8211; Presidente Abrasel-DF: Thales Furtado \u2013 Restaurante Gordeixos<br \/>\n&#8211; Beto Pinheiro \u2013 Restaurante Coco Bambu<br \/>\n&#8211; H\u00e9lio Meiners \u2013 Mania de Churrasco e Koni<br \/>\n&#8211; Wesley Moreira \u2013 Don Romano Cantina e Pizzaria<br \/>\n&#8211; Diego Monteiro \u2013 Villa Carioca Bar<br \/>\n&#8211; Vinicius Vasconcelos \u2013 Caminito Parrilha<br \/>\n&#8211; Caio Lovato \u2013 Grupo Aben\u00e7oado<br \/>\n&#8211; Andrei Prates \u2013 Cantucci Osteria<br \/>\n&#8211; Alexandre \u201cGel\u00e9ia\u201d Santos \u2013 Gel\u00e9ia Burguer<br \/>\n&#8211; Felipe Vieira \u2013 Noru Sushi<\/p>\n<p><strong>Conselho Fiscal\u00a0<\/strong><\/p>\n<p>Os integrantes do Conselho Fiscal tamb\u00e9m tomou posse e ser\u00e1 formado por:<\/p>\n<p>&#8211; Francisco Em\u00edlio \u2013 Bar Beirute<br \/>\n&#8211; Aylton Trist\u00e3o \u2013 Bar Godofredo<br \/>\n&#8211; Cristiane Lima \u2013 Restaurante Sabor Brasileiro<br \/>\n&#8211; Jales Marinho \u2013 Sushiloko<br \/>\n&#8211; Luiz Jabour \u2013 Grupo Almeria<br \/>\n&#8211; Ticiana Werner \u2013 Ticiana Werner Restaurante e Wine Bar<\/p>\n<p>Os conselheiros destacaram \u00a0o compromisso de fortalecer a governan\u00e7a e assegurar que as a\u00e7\u00f5es da entidade sigam alinhadas \u00e0s boas pr\u00e1ticas de transpar\u00eancia, efici\u00eancia e responsabilidade institucional.<\/p>\n","protected":false},"excerpt":{"rendered":"<p>Thales Furtado, do Restaurante Gordeixos, assume a presid\u00eancia regional da entidade\u00a0 Por SAMANTA SALLUM\u00a0 A Associa\u00e7\u00e3o dos Bares e Restaurantes do Distrito Federal empossou a nova diretoria para o tri\u00eanio novembro de 2025 a novembro de 2028, em uma solenidade com a participa\u00e7\u00e3o de empres\u00e1rios, associados e autoridades do Distrito Federal. O evento ocorreu no Coco Bambu do Lago Sul. [&hellip;]<\/p>\n","protected":false},"author":125,"featured_media":21168,"comment_status":"open","ping_status":"open","sticky":false,"template":"","format":"standard","meta":{"footnotes":""},"categories":[6],"tags":[],"class_list":["post-21165","post","type-post","status-publish","format-standard","has-post-thumbnail","hentry","category-coluna-capital-s-a"],"_links":{"self":[{"href":"https:\/\/blogs.correiobraziliense.com.br\/capital-sa\/wp-json\/wp\/v2\/posts\/21165","targetHints":{"allow":["GET"]}}],"collection":[{"href":"https:\/\/blogs.correiobraziliense.com.br\/capital-sa\/wp-json\/wp\/v2\/posts"}],"about":[{"href":"https:\/\/blogs.correiobraziliense.com.br\/capital-sa\/wp-json\/wp\/v2\/types\/post"}],"author":[{"embeddable":true,"href":"https:\/\/blogs.correiobraziliense.com.br\/capital-sa\/wp-json\/wp\/v2\/users\/125"}],"replies":[{"embeddable":true,"href":"https:\/\/blogs.correiobraziliense.com.br\/capital-sa\/wp-json\/wp\/v2\/comments?post=21165"}],"version-history":[{"count":3,"href":"https:\/\/blogs.correiobraziliense.com.br\/capital-sa\/wp-json\/wp\/v2\/posts\/21165\/revisions"}],"predecessor-version":[{"id":21212,"href":"https:\/\/blogs.correiobraziliense.com.br\/capital-sa\/wp-json\/wp\/v2\/posts\/21165\/revisions\/21212"}],"wp:featuredmedia":[{"embeddable":true,"href":"https:\/\/blogs.correiobraziliense.com.br\/capital-sa\/wp-json\/wp\/v2\/media\/21168"}],"wp:attachment":[{"href":"https:\/\/blogs.correiobraziliense.com.br\/capital-sa\/wp-json\/wp\/v2\/media?parent=21165"}],"wp:term":[{"taxonomy":"category","embeddable":true,"href":"https:\/\/blogs.correiobraziliense.com.br\/capital-sa\/wp-json\/wp\/v2\/categories?post=21165"},{"taxonomy":"post_tag","embeddable":true,"href":"https:\/\/blogs.correiobraziliense.com.br\/capital-sa\/wp-json\/wp\/v2\/tags?post=21165"}],"curies":[{"name":"wp","href":"https:\/\/api.w.org\/{rel}","templated":true}]}}