{"id":21144,"date":"2025-11-11T14:20:18","date_gmt":"2025-11-11T17:20:18","guid":{"rendered":"https:\/\/blogs.correiobraziliense.com.br\/capital-sa\/?p=21144"},"modified":"2025-11-27T12:34:46","modified_gmt":"2025-11-27T15:34:46","slug":"21-mil-vagas-para-cursos-de-educacao-profissional-com-descontos-de-ate-50","status":"publish","type":"post","link":"https:\/\/blogs.correiobraziliense.com.br\/capital-sa\/2025\/11\/11\/21-mil-vagas-para-cursos-de-educacao-profissional-com-descontos-de-ate-50\/","title":{"rendered":"21 mil vagas para cursos de educa\u00e7\u00e3o profissional, com descontos de at\u00e9 50%"},"content":{"rendered":"<p><strong>Coluna de 11 de novembro\u00a0<\/strong><\/p>\n<p><strong>Por SAMANTA SALLUM\u00a0<\/strong><\/p>\n<p>A partir de hoje, o Senac-DF vai abrir inscri\u00e7\u00f5es para cerca de 21 mil vagas em 210 cursos t\u00e9cnicos, livres, de gradua\u00e7\u00e3o e de p\u00f3s-gradua\u00e7\u00e3o, com in\u00edcio em 2026. \u00c9 a oportunidade para quem quer dar um passo na carreira, mudar de \u00e1rea ou se atualizar profissionalmente em um mercado cada vez mais competitivo.<\/p>\n<p><strong>5.415<br \/>\n<\/strong>\u00c9 o n\u00famero de bolsas de estudo integrais para cursos livres e t\u00e9cnicos<\/p>\n<p class=\"p1\"><em><span class=\"s1\">Novas op\u00e7\u00f5es: economia criativa e fotografia para gastronomia <\/span><\/em><\/p>\n<p class=\"p1\"><span class=\"s1\">Neste novo ciclo, o Senac-DF amplia sua grade com 27 novos cursos. Entre as novidades est\u00e3o: Programa\u00e7\u00e3o Python e Python II; em Economia Criativa, os cursos de Fotografia de Gastronomia e Fotografia com uso de drone; na area de beleza, os cursos de Gerenciamento de Sal\u00f5es de Beleza e Constru\u00e7\u00e3o de Carreira para Profissionais de Beleza; na sa\u00fade, o curso de T\u00e9cnico em Sa\u00fade Bucal.<br \/>\n<\/span><\/p>\n<p class=\"p1\"><span class=\"s1\">As matr\u00edculas podem ser feitas nas unidades do Senac ou pelo site da institui\u00e7\u00e3o.<\/span><\/p>\n<p class=\"p1\"><strong><span class=\"s1\">Per\u00edodo promocional <\/span><\/strong><\/p>\n<p class=\"p1\"><span class=\"s1\">Para cursos t\u00e9cnicos e de gradua\u00e7\u00e3o, as matr\u00edculas realizadas at\u00e9 23 de novembro garantem 50% de desconto no primeiro semestre. J\u00e1 os cursos livres, de p\u00f3s-gradua\u00e7\u00e3o e especializa\u00e7\u00e3o contam com 20% de desconto dentro do mesmo per\u00edodo promocional.<\/span><\/p>\n<p><strong>CLDF faz homenagem \u00e0 lideran\u00e7a do Sesc\/DF<\/strong><\/p>\n<p>A C\u00e2mara Legislativa do Distrito Federal concede hoje o T\u00edtulo de Cidad\u00e3o Honor\u00e1rio de Bras\u00edlia a Valcides de Ara\u00fajo, diretor regional do Servi\u00e7o Social do Com\u00e9rcio (Sesc-DF). A homenagem \u00e9 uma iniciativa do deputado Wellington Luiz (MDB). Nascido em Umarizal, munic\u00edpio do Rio Grande do Norte, Valcides vive na capital desde 1970 e morou boa parte da juventude em Ceil\u00e2ndia. \u00c9 graduado em direito pelo Centro Universit\u00e1rio Unieuro e p\u00f3s-graduado em gest\u00e3o empreendedora de neg\u00f3cios pelo Senac-DF. Ao longo de sua trajet\u00f3ria profissional, foi diretor de opera\u00e7\u00f5es do Senac, chefe de gabinete da presid\u00eancia do Sebrae Nacional e superintendente de articula\u00e7\u00e3o institucional e programas do Conselho Nacional do Sesi.<\/p>\n<p><strong>Pr\u00eamio M\u00e9rito Comerci\u00e1rio<\/strong><\/p>\n<p><img loading=\"lazy\" decoding=\"async\" class=\"aligncenter size-medium wp-image-21151\" src=\"https:\/\/blogs.correiobraziliense.com.br\/capital-sa\/wp-content\/uploads\/sites\/59\/2025\/11\/34e85fba-7b2d-4bcf-98f7-4fcd3bb07ec0-300x200.jpeg\" alt=\"\" width=\"300\" height=\"200\" srcset=\"https:\/\/blogs.correiobraziliense.com.br\/capital-sa\/wp-content\/uploads\/sites\/59\/2025\/11\/34e85fba-7b2d-4bcf-98f7-4fcd3bb07ec0-300x200.jpeg 300w, https:\/\/blogs.correiobraziliense.com.br\/capital-sa\/wp-content\/uploads\/sites\/59\/2025\/11\/34e85fba-7b2d-4bcf-98f7-4fcd3bb07ec0-768x512.jpeg 768w, https:\/\/blogs.correiobraziliense.com.br\/capital-sa\/wp-content\/uploads\/sites\/59\/2025\/11\/34e85fba-7b2d-4bcf-98f7-4fcd3bb07ec0-1024x682.jpeg 1024w, https:\/\/blogs.correiobraziliense.com.br\/capital-sa\/wp-content\/uploads\/sites\/59\/2025\/11\/34e85fba-7b2d-4bcf-98f7-4fcd3bb07ec0-800x533.jpeg 800w, https:\/\/blogs.correiobraziliense.com.br\/capital-sa\/wp-content\/uploads\/sites\/59\/2025\/11\/34e85fba-7b2d-4bcf-98f7-4fcd3bb07ec0-550x367.jpeg 550w, https:\/\/blogs.correiobraziliense.com.br\/capital-sa\/wp-content\/uploads\/sites\/59\/2025\/11\/34e85fba-7b2d-4bcf-98f7-4fcd3bb07ec0-230x153.jpeg 230w, https:\/\/blogs.correiobraziliense.com.br\/capital-sa\/wp-content\/uploads\/sites\/59\/2025\/11\/34e85fba-7b2d-4bcf-98f7-4fcd3bb07ec0.jpeg 1280w\" sizes=\"auto, (max-width: 300px) 100vw, 300px\" \/><\/p>\n<p>O Sesc\/DF promoveu ontem a premia\u00e7\u00e3o dedicada ao reconhecimento e \u00e0 valoriza\u00e7\u00e3o dos trabalhadores do com\u00e9rcio. O evento no Clube de Engenharia teve a presen\u00e7a da vice-governadora, Celina Le\u00e3o, do presidente do Sistema Fecom\u00e9rcio-DF, Jos\u00e9 Aparecido da Costa Freire, entre autoridades e convidados.<\/p>\n<p><strong>Mais coopera\u00e7\u00e3o para internacionalizar empresas brasileiras<\/strong><\/p>\n<p><img loading=\"lazy\" decoding=\"async\" class=\"aligncenter size-medium wp-image-21153\" src=\"https:\/\/blogs.correiobraziliense.com.br\/capital-sa\/wp-content\/uploads\/sites\/59\/2025\/11\/a5a26b8f-58fe-4c32-9e41-773208fa3cb0-300x217.jpeg\" alt=\"\" width=\"300\" height=\"217\" srcset=\"https:\/\/blogs.correiobraziliense.com.br\/capital-sa\/wp-content\/uploads\/sites\/59\/2025\/11\/a5a26b8f-58fe-4c32-9e41-773208fa3cb0-300x217.jpeg 300w, https:\/\/blogs.correiobraziliense.com.br\/capital-sa\/wp-content\/uploads\/sites\/59\/2025\/11\/a5a26b8f-58fe-4c32-9e41-773208fa3cb0-768x556.jpeg 768w, https:\/\/blogs.correiobraziliense.com.br\/capital-sa\/wp-content\/uploads\/sites\/59\/2025\/11\/a5a26b8f-58fe-4c32-9e41-773208fa3cb0-1024x741.jpeg 1024w, https:\/\/blogs.correiobraziliense.com.br\/capital-sa\/wp-content\/uploads\/sites\/59\/2025\/11\/a5a26b8f-58fe-4c32-9e41-773208fa3cb0-1440x1042.jpeg 1440w, https:\/\/blogs.correiobraziliense.com.br\/capital-sa\/wp-content\/uploads\/sites\/59\/2025\/11\/a5a26b8f-58fe-4c32-9e41-773208fa3cb0-800x579.jpeg 800w, https:\/\/blogs.correiobraziliense.com.br\/capital-sa\/wp-content\/uploads\/sites\/59\/2025\/11\/a5a26b8f-58fe-4c32-9e41-773208fa3cb0-550x398.jpeg 550w, https:\/\/blogs.correiobraziliense.com.br\/capital-sa\/wp-content\/uploads\/sites\/59\/2025\/11\/a5a26b8f-58fe-4c32-9e41-773208fa3cb0-230x166.jpeg 230w, https:\/\/blogs.correiobraziliense.com.br\/capital-sa\/wp-content\/uploads\/sites\/59\/2025\/11\/a5a26b8f-58fe-4c32-9e41-773208fa3cb0.jpeg 1600w\" sizes=\"auto, (max-width: 300px) 100vw, 300px\" \/><\/p>\n<p>A nova gest\u00e3o do Cons\u00f3rcio EEN Brasil tomou posse, no Instituto Rio Branco, em Bras\u00edlia, com a miss\u00e3o de internacionaliza\u00e7\u00e3o de empresas brasileiras e o fortalecimento da coopera\u00e7\u00e3o com os 27 pa\u00edses membros da Uni\u00e3o Europeia. Com estrutura ampliada e novo formato de governan\u00e7a, a Enterprise Europe Network re\u00fane 13 institui\u00e7\u00f5es em todo o pa\u00eds, refor\u00e7ando a colabora\u00e7\u00e3o entre setores p\u00fablicos e privados, h\u00e1 13 anos. Marcos Vinicius da Cruz Coelho, atual presidente da Funda\u00e7\u00e3o de Apoio \u00e0 Pesquisa, ao Ensino e \u00e0 Cultura (Fapec), assumiu a presid\u00eancia da EEN Brasil.<\/p>\n<p>A vice-presid\u00eancia do cons\u00f3rcio ficar\u00e1 a cargo de Cec\u00edlia Leite, coordenadora-geral de Informa\u00e7\u00e3o e Tecnologia do Instituto Brasileiro de Informa\u00e7\u00e3o em Ci\u00eancia e Tecnologia (Ibict), do Minist\u00e9rio da Ci\u00eancia, Tecnologia e Inova\u00e7\u00e3o (foto).<\/p>\n","protected":false},"excerpt":{"rendered":"<p>Coluna de 11 de novembro\u00a0 Por SAMANTA SALLUM\u00a0 A partir de hoje, o Senac-DF vai abrir inscri\u00e7\u00f5es para cerca de 21 mil vagas em 210 cursos t\u00e9cnicos, livres, de gradua\u00e7\u00e3o e de p\u00f3s-gradua\u00e7\u00e3o, com in\u00edcio em 2026. \u00c9 a oportunidade para quem quer dar um passo na carreira, mudar de \u00e1rea ou se atualizar profissionalmente em um mercado cada vez [&hellip;]<\/p>\n","protected":false},"author":125,"featured_media":21150,"comment_status":"open","ping_status":"open","sticky":false,"template":"","format":"standard","meta":{"footnotes":""},"categories":[6],"tags":[],"class_list":["post-21144","post","type-post","status-publish","format-standard","has-post-thumbnail","hentry","category-coluna-capital-s-a"],"_links":{"self":[{"href":"https:\/\/blogs.correiobraziliense.com.br\/capital-sa\/wp-json\/wp\/v2\/posts\/21144","targetHints":{"allow":["GET"]}}],"collection":[{"href":"https:\/\/blogs.correiobraziliense.com.br\/capital-sa\/wp-json\/wp\/v2\/posts"}],"about":[{"href":"https:\/\/blogs.correiobraziliense.com.br\/capital-sa\/wp-json\/wp\/v2\/types\/post"}],"author":[{"embeddable":true,"href":"https:\/\/blogs.correiobraziliense.com.br\/capital-sa\/wp-json\/wp\/v2\/users\/125"}],"replies":[{"embeddable":true,"href":"https:\/\/blogs.correiobraziliense.com.br\/capital-sa\/wp-json\/wp\/v2\/comments?post=21144"}],"version-history":[{"count":8,"href":"https:\/\/blogs.correiobraziliense.com.br\/capital-sa\/wp-json\/wp\/v2\/posts\/21144\/revisions"}],"predecessor-version":[{"id":21213,"href":"https:\/\/blogs.correiobraziliense.com.br\/capital-sa\/wp-json\/wp\/v2\/posts\/21144\/revisions\/21213"}],"wp:featuredmedia":[{"embeddable":true,"href":"https:\/\/blogs.correiobraziliense.com.br\/capital-sa\/wp-json\/wp\/v2\/media\/21150"}],"wp:attachment":[{"href":"https:\/\/blogs.correiobraziliense.com.br\/capital-sa\/wp-json\/wp\/v2\/media?parent=21144"}],"wp:term":[{"taxonomy":"category","embeddable":true,"href":"https:\/\/blogs.correiobraziliense.com.br\/capital-sa\/wp-json\/wp\/v2\/categories?post=21144"},{"taxonomy":"post_tag","embeddable":true,"href":"https:\/\/blogs.correiobraziliense.com.br\/capital-sa\/wp-json\/wp\/v2\/tags?post=21144"}],"curies":[{"name":"wp","href":"https:\/\/api.w.org\/{rel}","templated":true}]}}