{"id":21122,"date":"2025-11-10T14:27:31","date_gmt":"2025-11-10T17:27:31","guid":{"rendered":"https:\/\/blogs.correiobraziliense.com.br\/capital-sa\/?p=21122"},"modified":"2025-11-10T14:35:34","modified_gmt":"2025-11-10T17:35:34","slug":"distritais-apresentam-mais-de-600-emendas-ao-pdot","status":"publish","type":"post","link":"https:\/\/blogs.correiobraziliense.com.br\/capital-sa\/2025\/11\/10\/distritais-apresentam-mais-de-600-emendas-ao-pdot\/","title":{"rendered":"Distritais apresentam mais de 600 emendas ao PDOT"},"content":{"rendered":"<p class=\"p1\"><strong>Por SAMANTA SALLUM\u00a0<\/strong><\/p>\n<p class=\"p1\"><span class=\"s1\">Apesar de esperadas e em grande n\u00famero, a quantidade de emendas apresentadas ao Plano Diretor de Ordenamento Territorial do Distrito Federal (PDOT) foi considerada muito elevada, segundo fontes da C\u00e2mara Legislativa e do GDF. A coluna apurou que os distritais protocolaram cerca de 640 emendas ao PDOT, que tem 345 artigos. Elas est\u00e3o sendo analisadas pela Comiss\u00e3o de Assuntos Fundi\u00e1rios (CAF) e tamb\u00e9m pela de Constitui\u00e7\u00e3o e Justi\u00e7a.<br \/>\n<\/span><\/p>\n<p class=\"p1\"><span class=\"s1\">H\u00e1 a previs\u00e3o de que muitas sejam rejeitadas antes mesmo de irem a plen\u00e1rio, por v\u00edcio de origem, inconstitucionalidade ou por repeti\u00e7\u00e3o de objeto. A estimativa \u00e9 que 50% podem cair.\u00a0<\/span>A vota\u00e7\u00e3o da pauta no plen\u00e1rio est\u00e1 prevista para 18 de novembro. A data foi definida ap\u00f3s um acordo entre os parlamentares.<\/p>\n<p>Os deputados t\u00eam ainda prerrogativa de apresentar emendas em plen\u00e1rio, na hora da vota\u00e7\u00e3o, o que sinaliza preocupa\u00e7\u00e3o para o GDF. Mas h\u00e1, tamb\u00e9m, a possibilidade de acordo entre os parlamentares e o governo para que seja evitada essa medida e n\u00e3o haver risco de aprova\u00e7\u00e3o de propostas que, depois, podem ser vetadas pelo Pal\u00e1cio do Buriti.<\/p>\n<p class=\"p1\"><strong><span class=\"s1\">Parecer na quinta-feira<\/span><\/strong><\/p>\n<p class=\"p1\"><span class=\"s1\">Somente a Lei Or\u00e7ament\u00e1ria tem tantas propostas de emendas. O PPCUB teve cerca de 130. A presidente da CAF, deputada Jaqueline Silva (MDB), vai apresentar o parecer final, acatando ou rejeitando as emendas, na pr\u00f3xima quinta-feira. A equipe t\u00e9cnica passou o fim de semana fazendo a an\u00e1lise delas.<\/span><\/p>\n<p class=\"p1\"><strong><span class=\"s1\">Prazo maior<\/span><\/strong><\/p>\n<p class=\"p1\"><span class=\"s1\">Para que n\u00e3o ocorressem futuras reclama\u00e7\u00f5es de parlamentares, por falta de tempo para as sugest\u00f5es ao projeto de lei de autoria do Executivo, foi dobrado o prazo para a participa\u00e7\u00e3o de integrantes do Legislativo local. Passou de cinco para 10 dias, encerrados em 24 de outubro.<\/span><\/p>\n<p class=\"p1\"><span class=\"s1\">OAB\/DF, Fecom\u00e9rcio, Fibra e Minist\u00e9rio P\u00fablico acompanham de perto a tramita\u00e7\u00e3o do projeto. O GDF, para evitar denuncias de atropelo e falta de debate sobre a proposta, abriu a participa\u00e7\u00e3o dos deputados ao projeto de lei antes mesmo de ser enviado \u00e0 C\u00e2mara Legislativa.<\/span><\/p>\n<p><strong><em>Acompanhe a Capital S\/A na TV Bras\u00edlia todas as ter\u00e7as e quintas-feiras, 18h15\u00a0<\/em><\/strong><strong><em>no JL ao vivo. \ud83d\udc47<\/em><\/strong><\/p>\n<p><iframe loading=\"lazy\" title=\"COM\u00c9RCIO NO DF VAI ABRIR 3,8 MIL VAGAS TEMPOR\u00c1RIAS E CONTRATA\u00c7\u00d5ES J\u00c1 COME\u00c7ARAM | CAPITAL S\/A\" width=\"1440\" height=\"810\" src=\"https:\/\/www.youtube.com\/embed\/CSgn1G8gx0I?feature=oembed\" frameborder=\"0\" allow=\"accelerometer; autoplay; clipboard-write; encrypted-media; gyroscope; picture-in-picture; web-share\" referrerpolicy=\"strict-origin-when-cross-origin\" allowfullscreen><\/iframe><\/p>\n","protected":false},"excerpt":{"rendered":"<p>Por SAMANTA SALLUM\u00a0 Apesar de esperadas e em grande n\u00famero, a quantidade de emendas apresentadas ao Plano Diretor de Ordenamento Territorial do Distrito Federal (PDOT) foi considerada muito elevada, segundo fontes da C\u00e2mara Legislativa e do GDF. A coluna apurou que os distritais protocolaram cerca de 640 emendas ao PDOT, que tem 345 artigos. Elas est\u00e3o sendo analisadas pela Comiss\u00e3o [&hellip;]<\/p>\n","protected":false},"author":125,"featured_media":21126,"comment_status":"open","ping_status":"open","sticky":false,"template":"","format":"standard","meta":{"footnotes":""},"categories":[6],"tags":[],"class_list":["post-21122","post","type-post","status-publish","format-standard","has-post-thumbnail","hentry","category-coluna-capital-s-a"],"_links":{"self":[{"href":"https:\/\/blogs.correiobraziliense.com.br\/capital-sa\/wp-json\/wp\/v2\/posts\/21122","targetHints":{"allow":["GET"]}}],"collection":[{"href":"https:\/\/blogs.correiobraziliense.com.br\/capital-sa\/wp-json\/wp\/v2\/posts"}],"about":[{"href":"https:\/\/blogs.correiobraziliense.com.br\/capital-sa\/wp-json\/wp\/v2\/types\/post"}],"author":[{"embeddable":true,"href":"https:\/\/blogs.correiobraziliense.com.br\/capital-sa\/wp-json\/wp\/v2\/users\/125"}],"replies":[{"embeddable":true,"href":"https:\/\/blogs.correiobraziliense.com.br\/capital-sa\/wp-json\/wp\/v2\/comments?post=21122"}],"version-history":[{"count":5,"href":"https:\/\/blogs.correiobraziliense.com.br\/capital-sa\/wp-json\/wp\/v2\/posts\/21122\/revisions"}],"predecessor-version":[{"id":21134,"href":"https:\/\/blogs.correiobraziliense.com.br\/capital-sa\/wp-json\/wp\/v2\/posts\/21122\/revisions\/21134"}],"wp:featuredmedia":[{"embeddable":true,"href":"https:\/\/blogs.correiobraziliense.com.br\/capital-sa\/wp-json\/wp\/v2\/media\/21126"}],"wp:attachment":[{"href":"https:\/\/blogs.correiobraziliense.com.br\/capital-sa\/wp-json\/wp\/v2\/media?parent=21122"}],"wp:term":[{"taxonomy":"category","embeddable":true,"href":"https:\/\/blogs.correiobraziliense.com.br\/capital-sa\/wp-json\/wp\/v2\/categories?post=21122"},{"taxonomy":"post_tag","embeddable":true,"href":"https:\/\/blogs.correiobraziliense.com.br\/capital-sa\/wp-json\/wp\/v2\/tags?post=21122"}],"curies":[{"name":"wp","href":"https:\/\/api.w.org\/{rel}","templated":true}]}}