{"id":21049,"date":"2025-11-04T16:55:08","date_gmt":"2025-11-04T19:55:08","guid":{"rendered":"https:\/\/blogs.correiobraziliense.com.br\/capital-sa\/?p=21049"},"modified":"2025-11-04T17:22:24","modified_gmt":"2025-11-04T20:22:24","slug":"manhattan-shopping-um-novo-hub-multiuso-em-aguas-claras","status":"publish","type":"post","link":"https:\/\/blogs.correiobraziliense.com.br\/capital-sa\/2025\/11\/04\/manhattan-shopping-um-novo-hub-multiuso-em-aguas-claras\/","title":{"rendered":"Manhattan Shopping: um novo hub multiuso em \u00c1guas Claras"},"content":{"rendered":"<p class=\"p1\"><strong>Por SAMANTA SALLUM\u00a0<\/strong><\/p>\n<p class=\"p1\"><span class=\"s1\">Com um projeto que une consumo, lazer, moradia e hospedagem, foi inaugurado o Manhattan Shopping: o novo complexo da PaulOOctavio, em \u00c1guas Claras.\u00a0<\/span>Na constru\u00e7\u00e3o, foram investidos cerca de R$ 400 milh\u00f5es para erguer uma \u00e1rea superior a 64 mil metros quadrados.<\/p>\n<p class=\"p1\">O shopping nasce tendo como destaques um polo gastron\u00f4mico in\u00e9dito, o Manhattan Taste, uma torre residencial de alto padr\u00e3o, uma torre comercial e o Soho Hotel, integrados em um hub multiuso.<\/p>\n<p class=\"p1\"><span class=\"s1\">Como a coluna adiantou, contar\u00e1 com 60 opera\u00e7\u00f5es de marcas j\u00e1 bem conhecidas do consumidor. Empres\u00e1rios e lojistas das marcas participaram do evento. \u00a0<\/span><\/p>\n<p><img loading=\"lazy\" decoding=\"async\" class=\"aligncenter size-medium wp-image-21060\" src=\"https:\/\/blogs.correiobraziliense.com.br\/capital-sa\/wp-content\/uploads\/sites\/59\/2025\/11\/b63f6b08-6d00-4826-b1eb-ff9716a6a8c6-300x279.jpeg\" alt=\"\" width=\"300\" height=\"279\" srcset=\"https:\/\/blogs.correiobraziliense.com.br\/capital-sa\/wp-content\/uploads\/sites\/59\/2025\/11\/b63f6b08-6d00-4826-b1eb-ff9716a6a8c6-300x279.jpeg 300w, https:\/\/blogs.correiobraziliense.com.br\/capital-sa\/wp-content\/uploads\/sites\/59\/2025\/11\/b63f6b08-6d00-4826-b1eb-ff9716a6a8c6-768x714.jpeg 768w, https:\/\/blogs.correiobraziliense.com.br\/capital-sa\/wp-content\/uploads\/sites\/59\/2025\/11\/b63f6b08-6d00-4826-b1eb-ff9716a6a8c6-1024x953.jpeg 1024w, https:\/\/blogs.correiobraziliense.com.br\/capital-sa\/wp-content\/uploads\/sites\/59\/2025\/11\/b63f6b08-6d00-4826-b1eb-ff9716a6a8c6-800x744.jpeg 800w, https:\/\/blogs.correiobraziliense.com.br\/capital-sa\/wp-content\/uploads\/sites\/59\/2025\/11\/b63f6b08-6d00-4826-b1eb-ff9716a6a8c6-550x512.jpeg 550w, https:\/\/blogs.correiobraziliense.com.br\/capital-sa\/wp-content\/uploads\/sites\/59\/2025\/11\/b63f6b08-6d00-4826-b1eb-ff9716a6a8c6-230x214.jpeg 230w, https:\/\/blogs.correiobraziliense.com.br\/capital-sa\/wp-content\/uploads\/sites\/59\/2025\/11\/b63f6b08-6d00-4826-b1eb-ff9716a6a8c6.jpeg 1119w\" sizes=\"auto, (max-width: 300px) 100vw, 300px\" \/><\/p>\n<p class=\"p1\"><strong><span class=\"s1\">Empregos e faturamento<\/span><\/strong><\/p>\n<p class=\"p1\"><span class=\"s1\">Cerca de mil empregos foram gerados durante as obras, e a expectativa \u00e9 que at\u00e9 1,2 mil vagas diretas sejam abertas com a opera\u00e7\u00e3o das lojas. O empreendimento deve movimentar R$ 90 milh\u00f5es por ano em faturamento, impactando positivamente a arrecada\u00e7\u00e3o e a valoriza\u00e7\u00e3o imobili\u00e1ria de \u00c1guas Claras.<\/span><\/p>\n<p><img loading=\"lazy\" decoding=\"async\" class=\"aligncenter size-medium wp-image-21075\" src=\"https:\/\/blogs.correiobraziliense.com.br\/capital-sa\/wp-content\/uploads\/sites\/59\/2025\/11\/IMG_1283-2-296x300.jpeg\" alt=\"\" width=\"296\" height=\"300\" srcset=\"https:\/\/blogs.correiobraziliense.com.br\/capital-sa\/wp-content\/uploads\/sites\/59\/2025\/11\/IMG_1283-2-296x300.jpeg 296w, https:\/\/blogs.correiobraziliense.com.br\/capital-sa\/wp-content\/uploads\/sites\/59\/2025\/11\/IMG_1283-2-768x778.jpeg 768w, https:\/\/blogs.correiobraziliense.com.br\/capital-sa\/wp-content\/uploads\/sites\/59\/2025\/11\/IMG_1283-2-1011x1024.jpeg 1011w, https:\/\/blogs.correiobraziliense.com.br\/capital-sa\/wp-content\/uploads\/sites\/59\/2025\/11\/IMG_1283-2-800x810.jpeg 800w, https:\/\/blogs.correiobraziliense.com.br\/capital-sa\/wp-content\/uploads\/sites\/59\/2025\/11\/IMG_1283-2-550x557.jpeg 550w, https:\/\/blogs.correiobraziliense.com.br\/capital-sa\/wp-content\/uploads\/sites\/59\/2025\/11\/IMG_1283-2-230x233.jpeg 230w, https:\/\/blogs.correiobraziliense.com.br\/capital-sa\/wp-content\/uploads\/sites\/59\/2025\/11\/IMG_1283-2.jpeg 1170w\" sizes=\"auto, (max-width: 296px) 100vw, 296px\" \/><\/p>\n<p class=\"p1\"><strong><span class=\"s1\">Moda, gastronomia, esporte e cultura\u00a0<\/span><\/strong><\/p>\n<p class=\"p1\"><span class=\"s1\">Entre as empresas do shopping est\u00e3o:<\/span>Youcom, Reserva, Natura, Santa Lolla, Jorge Bischoff, Lupo Sport, Livraria da Vila, L\u2019occitane Au Br\u00e9sil, Kopenhagen, Cacau Show, Serafina (primeira unidade no Centro-Oeste), Fratello Uno, Confraria do Camar\u00e3o, A\u00e7ougue do Berg, Bu.t\u00e9.quim e Bacio di Latte. A Smart Fit integra o espa\u00e7o Wellness.<\/p>\n<p><img loading=\"lazy\" decoding=\"async\" class=\"aligncenter size-medium wp-image-21063\" src=\"https:\/\/blogs.correiobraziliense.com.br\/capital-sa\/wp-content\/uploads\/sites\/59\/2025\/11\/IMG_1282-235x300.jpeg\" alt=\"\" width=\"235\" height=\"300\" srcset=\"https:\/\/blogs.correiobraziliense.com.br\/capital-sa\/wp-content\/uploads\/sites\/59\/2025\/11\/IMG_1282-235x300.jpeg 235w, https:\/\/blogs.correiobraziliense.com.br\/capital-sa\/wp-content\/uploads\/sites\/59\/2025\/11\/IMG_1282-768x979.jpeg 768w, https:\/\/blogs.correiobraziliense.com.br\/capital-sa\/wp-content\/uploads\/sites\/59\/2025\/11\/IMG_1282-804x1024.jpeg 804w, https:\/\/blogs.correiobraziliense.com.br\/capital-sa\/wp-content\/uploads\/sites\/59\/2025\/11\/IMG_1282-800x1019.jpeg 800w, https:\/\/blogs.correiobraziliense.com.br\/capital-sa\/wp-content\/uploads\/sites\/59\/2025\/11\/IMG_1282-550x701.jpeg 550w, https:\/\/blogs.correiobraziliense.com.br\/capital-sa\/wp-content\/uploads\/sites\/59\/2025\/11\/IMG_1282-230x293.jpeg 230w, https:\/\/blogs.correiobraziliense.com.br\/capital-sa\/wp-content\/uploads\/sites\/59\/2025\/11\/IMG_1282.jpeg 1170w\" sizes=\"auto, (max-width: 235px) 100vw, 235px\" \/><\/p>\n<p class=\"p1\">Durante a cerim\u00f4nia de inaugura\u00e7\u00e3o, a vice-governadora Celina Le\u00e3o destacou a import\u00e2ncia do empreendimento para o desenvolvimento do Distrito Federal.<\/p>\n<p class=\"p1\"><span class=\"s1\">O secret\u00e1rio da Juventude, Andr\u00e9 Kubitschek, e o administrador de \u00c1guas Claras, Gilvando Galdino, estavam entre os presentes ao evento, que teve apresenta\u00e7\u00e3o da orquestra do Teatro Nacional Cl\u00e1udio Santoro pelo maestro Cl\u00e1udio Cohen.<\/span><\/p>\n<p class=\"p1\"><span class=\"s1\">&#8220;Houve muito trabalho, muita luta, nestes tr\u00eas anos, neste projeto ousado, mas \u00c1guas Claras merecia. Eu e a Celina, que vimos o nascimento dessa cidade, que hoje mostra a for\u00e7a de Bras\u00edlia, a for\u00e7a da popula\u00e7\u00e3o da cidade. Esse shopping veio justamente para coroar o centro de \u00c1guas Claras, celebrou o empres\u00e1rio Paulo Oct\u00e1vio.<\/span><\/p>\n<p><strong><em>Acompanhe a Capital S\/A na TV Bras\u00edlia todas as ter\u00e7as e quintas-feiras, 18h30\u00a0<\/em><\/strong><strong><em>no JL ao vivo. \ud83d\udc47<\/em><\/strong><\/p>\n<p><iframe loading=\"lazy\" frameborder=\"0\" width=\"1440\" height=\"803\" src=\"https:\/\/geo.dailymotion.com\/player.html?video=x9pc3m4&#038;\" allowfullscreen allow=\"autoplay; fullscreen; picture-in-picture; web-share\"><\/iframe><\/p>\n","protected":false},"excerpt":{"rendered":"<p>Por SAMANTA SALLUM\u00a0 Com um projeto que une consumo, lazer, moradia e hospedagem, foi inaugurado o Manhattan Shopping: o novo complexo da PaulOOctavio, em \u00c1guas Claras.\u00a0Na constru\u00e7\u00e3o, foram investidos cerca de R$ 400 milh\u00f5es para erguer uma \u00e1rea superior a 64 mil metros quadrados. O shopping nasce tendo como destaques um polo gastron\u00f4mico in\u00e9dito, o Manhattan Taste, uma torre residencial [&hellip;]<\/p>\n","protected":false},"author":125,"featured_media":21069,"comment_status":"open","ping_status":"open","sticky":false,"template":"","format":"standard","meta":{"footnotes":""},"categories":[6],"tags":[],"class_list":["post-21049","post","type-post","status-publish","format-standard","has-post-thumbnail","hentry","category-coluna-capital-s-a"],"_links":{"self":[{"href":"https:\/\/blogs.correiobraziliense.com.br\/capital-sa\/wp-json\/wp\/v2\/posts\/21049","targetHints":{"allow":["GET"]}}],"collection":[{"href":"https:\/\/blogs.correiobraziliense.com.br\/capital-sa\/wp-json\/wp\/v2\/posts"}],"about":[{"href":"https:\/\/blogs.correiobraziliense.com.br\/capital-sa\/wp-json\/wp\/v2\/types\/post"}],"author":[{"embeddable":true,"href":"https:\/\/blogs.correiobraziliense.com.br\/capital-sa\/wp-json\/wp\/v2\/users\/125"}],"replies":[{"embeddable":true,"href":"https:\/\/blogs.correiobraziliense.com.br\/capital-sa\/wp-json\/wp\/v2\/comments?post=21049"}],"version-history":[{"count":15,"href":"https:\/\/blogs.correiobraziliense.com.br\/capital-sa\/wp-json\/wp\/v2\/posts\/21049\/revisions"}],"predecessor-version":[{"id":21076,"href":"https:\/\/blogs.correiobraziliense.com.br\/capital-sa\/wp-json\/wp\/v2\/posts\/21049\/revisions\/21076"}],"wp:featuredmedia":[{"embeddable":true,"href":"https:\/\/blogs.correiobraziliense.com.br\/capital-sa\/wp-json\/wp\/v2\/media\/21069"}],"wp:attachment":[{"href":"https:\/\/blogs.correiobraziliense.com.br\/capital-sa\/wp-json\/wp\/v2\/media?parent=21049"}],"wp:term":[{"taxonomy":"category","embeddable":true,"href":"https:\/\/blogs.correiobraziliense.com.br\/capital-sa\/wp-json\/wp\/v2\/categories?post=21049"},{"taxonomy":"post_tag","embeddable":true,"href":"https:\/\/blogs.correiobraziliense.com.br\/capital-sa\/wp-json\/wp\/v2\/tags?post=21049"}],"curies":[{"name":"wp","href":"https:\/\/api.w.org\/{rel}","templated":true}]}}