{"id":20893,"date":"2025-10-17T14:03:04","date_gmt":"2025-10-17T17:03:04","guid":{"rendered":"https:\/\/blogs.correiobraziliense.com.br\/capital-sa\/?p=20893"},"modified":"2025-10-28T07:33:02","modified_gmt":"2025-10-28T10:33:02","slug":"bares-e-restaurantes-no-combate-ao-desperdicio-de-alimentos","status":"publish","type":"post","link":"https:\/\/blogs.correiobraziliense.com.br\/capital-sa\/2025\/10\/17\/bares-e-restaurantes-no-combate-ao-desperdicio-de-alimentos\/","title":{"rendered":"Bares e restaurantes no combate ao desperd\u00edcio de alimentos"},"content":{"rendered":"<p><strong>Coluna Capital S\/A de 17 de outubro\u00a0<\/strong><\/p>\n<p><strong>Por SAMANTA SALLUM\u00a0<\/strong><\/p>\n<p>No in\u00edcio do m\u00eas, o governo federal instituiu a Lei n\u00ba 15.224, referente \u00e0 Pol\u00edtica Nacional de Combate \u00e0 Perda e ao Desperd\u00edcio de Alimentos (PNCPDA). A medida busca ampliar a atua\u00e7\u00e3o entre governo, sociedade e iniciativa privada para promo\u00e7\u00e3o da seguran\u00e7a alimentar no pa\u00eds. Com o prop\u00f3sito de orientar o setor, a Abrasel criou a cartilha \u201cComo evitar desperd\u00edcio de alimentos e economizar no seu bar ou restaurante\u201d, que re\u00fane procedimentos pr\u00e1ticos para reduzir perdas na opera\u00e7\u00e3o.<\/p>\n<p>O material \u00e9 gratuito e aborda desde o armazenamento adequado at\u00e9 o reaproveitamento respons\u00e1vel de alimentos, orientando empreendedores a transformar a gest\u00e3o em aliada da sustentabilidade. O material est\u00e1 dispon\u00edvel em http:\/\/bit.ly\/3KZbDr7.<\/p>\n<p><strong>Valor social<\/strong><\/p>\n<p>\u201cA sustentabilidade come\u00e7a dentro da cozinha. Quando o empres\u00e1rio controla o estoque, planeja o card\u00e1pio e treina sua equipe, ele n\u00e3o est\u00e1 s\u00f3 evitando desperd\u00edcio, mas tamb\u00e9m fortalecendo a sa\u00fade financeira do neg\u00f3cio. Contudo, mesmo em opera\u00e7\u00f5es bem planejadas, sobras podem acontecer. Nesse momento, pode ser feita a doa\u00e7\u00e3o segura e simplificada, e o excedente deixa de ser perda e passa a ser oportunidade de gerar valor social\u201d, refor\u00e7a Adriana Lara, l\u00edder de Educa\u00e7\u00e3o e Produtividade da Abrasel.<\/p>\n<p><img loading=\"lazy\" decoding=\"async\" class=\"aligncenter size-medium wp-image-20900\" src=\"https:\/\/blogs.correiobraziliense.com.br\/capital-sa\/wp-content\/uploads\/sites\/59\/2025\/10\/IMG_0733-243x300.jpeg\" alt=\"\" width=\"243\" height=\"300\" srcset=\"https:\/\/blogs.correiobraziliense.com.br\/capital-sa\/wp-content\/uploads\/sites\/59\/2025\/10\/IMG_0733-243x300.jpeg 243w, https:\/\/blogs.correiobraziliense.com.br\/capital-sa\/wp-content\/uploads\/sites\/59\/2025\/10\/IMG_0733-230x285.jpeg 230w, https:\/\/blogs.correiobraziliense.com.br\/capital-sa\/wp-content\/uploads\/sites\/59\/2025\/10\/IMG_0733.jpeg 291w\" sizes=\"auto, (max-width: 243px) 100vw, 243px\" \/><\/p>\n<p><strong><em>Parceria Heineken para COP30<\/em><\/strong><\/p>\n<p>Em cerim\u00f4nia realizada na Embaixada dos Pa\u00edses Baixos, em Bras\u00edlia, o Grupo Heineken e o Governo Federal celebraram as entregas da companhia no Par\u00e1, que somam cerca de R$ 10 milh\u00f5es em investimentos e marcam a presen\u00e7a da empresa na COP30. Entre as contribui\u00e7\u00f5es, est\u00e3o o acesso \u00e0 \u00e1gua pot\u00e1vel para comunidades amaz\u00f4nicas, implementa\u00e7\u00e3o de floresta urbana em Bel\u00e9m, inclus\u00e3o produtiva de jovens e apoio \u00e0 cultura local.<\/p>\n<p>O evento contou com a presen\u00e7a da CEO e diretora executiva da COP30, Ana Toni, secret\u00e1ria de Economia Verde do MDIC, Julia Cruz, e o embaixador dos Pa\u00edses Baixos Aldrik Gierveld, al\u00e9m do Mauro Homem, vice-presidente de Sustentabilidade &amp; Assuntos Corporativos do Grupo Heineken.<\/p>\n<p><img loading=\"lazy\" decoding=\"async\" class=\"aligncenter size-medium wp-image-20901\" src=\"https:\/\/blogs.correiobraziliense.com.br\/capital-sa\/wp-content\/uploads\/sites\/59\/2025\/10\/08378d4a-510e-40b9-b5a7-1e6625c61117-300x202.jpeg\" alt=\"\" width=\"300\" height=\"202\" srcset=\"https:\/\/blogs.correiobraziliense.com.br\/capital-sa\/wp-content\/uploads\/sites\/59\/2025\/10\/08378d4a-510e-40b9-b5a7-1e6625c61117-300x202.jpeg 300w, https:\/\/blogs.correiobraziliense.com.br\/capital-sa\/wp-content\/uploads\/sites\/59\/2025\/10\/08378d4a-510e-40b9-b5a7-1e6625c61117-768x517.jpeg 768w, https:\/\/blogs.correiobraziliense.com.br\/capital-sa\/wp-content\/uploads\/sites\/59\/2025\/10\/08378d4a-510e-40b9-b5a7-1e6625c61117-1024x689.jpeg 1024w, https:\/\/blogs.correiobraziliense.com.br\/capital-sa\/wp-content\/uploads\/sites\/59\/2025\/10\/08378d4a-510e-40b9-b5a7-1e6625c61117-800x538.jpeg 800w, https:\/\/blogs.correiobraziliense.com.br\/capital-sa\/wp-content\/uploads\/sites\/59\/2025\/10\/08378d4a-510e-40b9-b5a7-1e6625c61117-550x370.jpeg 550w, https:\/\/blogs.correiobraziliense.com.br\/capital-sa\/wp-content\/uploads\/sites\/59\/2025\/10\/08378d4a-510e-40b9-b5a7-1e6625c61117-230x155.jpeg 230w, https:\/\/blogs.correiobraziliense.com.br\/capital-sa\/wp-content\/uploads\/sites\/59\/2025\/10\/08378d4a-510e-40b9-b5a7-1e6625c61117.jpeg 1296w\" sizes=\"auto, (max-width: 300px) 100vw, 300px\" \/><\/p>\n<p>\u201cAs iniciativas materializam o que acreditamos: sustentabilidade feita em colabora\u00e7\u00e3o e com impacto positivo nas pessoas e nos territ\u00f3rios onde estamos presentes\u201d, destacou.<\/p>\n<p><strong>Educa\u00e7\u00e3o financeira para crian\u00e7as e adolescentes<\/strong><\/p>\n<p><img loading=\"lazy\" decoding=\"async\" class=\"aligncenter size-medium wp-image-20902\" src=\"https:\/\/blogs.correiobraziliense.com.br\/capital-sa\/wp-content\/uploads\/sites\/59\/2025\/10\/100e2dfd-326c-4a73-98ad-503053004212-300x225.jpeg\" alt=\"\" width=\"300\" height=\"225\" srcset=\"https:\/\/blogs.correiobraziliense.com.br\/capital-sa\/wp-content\/uploads\/sites\/59\/2025\/10\/100e2dfd-326c-4a73-98ad-503053004212-300x225.jpeg 300w, https:\/\/blogs.correiobraziliense.com.br\/capital-sa\/wp-content\/uploads\/sites\/59\/2025\/10\/100e2dfd-326c-4a73-98ad-503053004212-768x576.jpeg 768w, https:\/\/blogs.correiobraziliense.com.br\/capital-sa\/wp-content\/uploads\/sites\/59\/2025\/10\/100e2dfd-326c-4a73-98ad-503053004212-1024x768.jpeg 1024w, https:\/\/blogs.correiobraziliense.com.br\/capital-sa\/wp-content\/uploads\/sites\/59\/2025\/10\/100e2dfd-326c-4a73-98ad-503053004212-1440x1080.jpeg 1440w, https:\/\/blogs.correiobraziliense.com.br\/capital-sa\/wp-content\/uploads\/sites\/59\/2025\/10\/100e2dfd-326c-4a73-98ad-503053004212-800x600.jpeg 800w, https:\/\/blogs.correiobraziliense.com.br\/capital-sa\/wp-content\/uploads\/sites\/59\/2025\/10\/100e2dfd-326c-4a73-98ad-503053004212-550x413.jpeg 550w, https:\/\/blogs.correiobraziliense.com.br\/capital-sa\/wp-content\/uploads\/sites\/59\/2025\/10\/100e2dfd-326c-4a73-98ad-503053004212-230x173.jpeg 230w, https:\/\/blogs.correiobraziliense.com.br\/capital-sa\/wp-content\/uploads\/sites\/59\/2025\/10\/100e2dfd-326c-4a73-98ad-503053004212.jpeg 1600w\" sizes=\"auto, (max-width: 300px) 100vw, 300px\" \/><\/p>\n<p>A Confedera\u00e7\u00e3o Nacional das Seguradoras (CNseg) e o Fundo das Na\u00e7\u00f5es Unidas para a Inf\u00e2ncia (Unicef) firmaram parceria para fortalecer a qualidade da educa\u00e7\u00e3o de crian\u00e7as e adolescentes no Brasil e promover habilidades fundamentais para a transi\u00e7\u00e3o para o mundo do trabalho, com foco na tem\u00e1tica da educa\u00e7\u00e3o financeira.<\/p>\n<p>A colabora\u00e7\u00e3o, que se estender\u00e1 at\u00e9 dezembro de 2026, utilizar\u00e1 as plataformas dos programas Trajet\u00f3rias de Sucesso Escolar (TSE) e Um Milh\u00e3o de Oportunidades (1MiO) do Unicef para atuar em sete territ\u00f3rios priorit\u00e1rios: Acre, Amap\u00e1, Distrito Federal, Esp\u00edrito Santo, Rio de Janeiro, Rio Grande do Norte e Sergipe.<\/p>\n<p><em>Evitar fracasso escolar<\/em><\/p>\n<p>O objetivo \u00e9 ajudar a romper com ciclos de exclus\u00e3o, principalmente de estudantes em situa\u00e7\u00e3o de maior vulnerabilidade, muitos dos quais est\u00e3o em situa\u00e7\u00e3o de fracasso escolar. Assinaram o termo de coopera\u00e7\u00e3o Joaquin Goz\u00e1lez-Aleman, representante do Unicef no Brasil, e o presidente da CNseg, Dyogo Oliveira.<\/p>\n<p><strong>Amigos do Sesi Lab poder\u00e3o ter abatimento do Imposto de Renda<\/strong><\/p>\n<p>O Sesi Lab lan\u00e7a, na pr\u00f3xima segunda-feira, o programa Amigo do Sesi Lab, voltado para qualquer pessoa interessada em ter benef\u00edcios exclusivos, como entrada ilimitada ao museu, acesso antecipado a exposi\u00e7\u00f5es e participa\u00e7\u00e3o em eventos especiais.<\/p>\n<p>Um dos grandes diferenciais desse programa \u00e9 a possibilidade de abatimento da contribui\u00e7\u00e3o no imposto de renda. Pela Lei Federal de Incentivo \u00e0 Cultura, pessoas f\u00edsicas que fazem a declara\u00e7\u00e3o completa do Imposto de Renda podem destinar at\u00e9 6% do imposto devido para projetos culturais.<\/p>\n<p>As doa\u00e7\u00f5es podem ser feitas a partir de R$ 250 anuais para ter os benef\u00edcios de amigo do Sesi Lab. \u201cO programa refor\u00e7a o v\u00ednculo entre o p\u00fablico e o museu, ao mesmo tempo em que contribui para a manuten\u00e7\u00e3o das atividades\u201d, afirma Claudia Ramalho, superintendente de Cultura do Sesi.<\/p>\n<p><img loading=\"lazy\" decoding=\"async\" class=\"aligncenter size-medium wp-image-20908\" src=\"https:\/\/blogs.correiobraziliense.com.br\/capital-sa\/wp-content\/uploads\/sites\/59\/2025\/10\/IMG_0746-300x192.jpeg\" alt=\"\" width=\"300\" height=\"192\" srcset=\"https:\/\/blogs.correiobraziliense.com.br\/capital-sa\/wp-content\/uploads\/sites\/59\/2025\/10\/IMG_0746-300x192.jpeg 300w, https:\/\/blogs.correiobraziliense.com.br\/capital-sa\/wp-content\/uploads\/sites\/59\/2025\/10\/IMG_0746-768x492.jpeg 768w, https:\/\/blogs.correiobraziliense.com.br\/capital-sa\/wp-content\/uploads\/sites\/59\/2025\/10\/IMG_0746-1024x656.jpeg 1024w, https:\/\/blogs.correiobraziliense.com.br\/capital-sa\/wp-content\/uploads\/sites\/59\/2025\/10\/IMG_0746-800x512.jpeg 800w, https:\/\/blogs.correiobraziliense.com.br\/capital-sa\/wp-content\/uploads\/sites\/59\/2025\/10\/IMG_0746-550x352.jpeg 550w, https:\/\/blogs.correiobraziliense.com.br\/capital-sa\/wp-content\/uploads\/sites\/59\/2025\/10\/IMG_0746-230x147.jpeg 230w, https:\/\/blogs.correiobraziliense.com.br\/capital-sa\/wp-content\/uploads\/sites\/59\/2025\/10\/IMG_0746.jpeg 1170w\" sizes=\"auto, (max-width: 300px) 100vw, 300px\" \/><\/p>\n<p><strong>Fazenda da Matta entra em nova fase com mais s\u00f3cios<\/strong><\/p>\n<p><img loading=\"lazy\" decoding=\"async\" class=\"aligncenter size-medium wp-image-20903\" src=\"https:\/\/blogs.correiobraziliense.com.br\/capital-sa\/wp-content\/uploads\/sites\/59\/2025\/10\/4fa54cad-a2b6-46b5-b4b6-e116e2c8d825-300x273.jpeg\" alt=\"\" width=\"300\" height=\"273\" srcset=\"https:\/\/blogs.correiobraziliense.com.br\/capital-sa\/wp-content\/uploads\/sites\/59\/2025\/10\/4fa54cad-a2b6-46b5-b4b6-e116e2c8d825-300x273.jpeg 300w, https:\/\/blogs.correiobraziliense.com.br\/capital-sa\/wp-content\/uploads\/sites\/59\/2025\/10\/4fa54cad-a2b6-46b5-b4b6-e116e2c8d825-768x698.jpeg 768w, https:\/\/blogs.correiobraziliense.com.br\/capital-sa\/wp-content\/uploads\/sites\/59\/2025\/10\/4fa54cad-a2b6-46b5-b4b6-e116e2c8d825-550x500.jpeg 550w, https:\/\/blogs.correiobraziliense.com.br\/capital-sa\/wp-content\/uploads\/sites\/59\/2025\/10\/4fa54cad-a2b6-46b5-b4b6-e116e2c8d825-230x209.jpeg 230w, https:\/\/blogs.correiobraziliense.com.br\/capital-sa\/wp-content\/uploads\/sites\/59\/2025\/10\/4fa54cad-a2b6-46b5-b4b6-e116e2c8d825.jpeg 777w\" sizes=\"auto, (max-width: 300px) 100vw, 300px\" \/><\/p>\n<p>O sofisticado empreendimento Fazenda da Matta, em Piren\u00f3polis (GO), acaba de ganhar novo impulso com a entrada dos empres\u00e1rios Leandro Vaz, Jean Oliveira e Ravell Nava em sua estrutura societ\u00e1ria. O trio, conhecido pela atua\u00e7\u00e3o nos setores de sa\u00fade, educa\u00e7\u00e3o e mercado imobili\u00e1rio, passa a integrar o projeto ao lado dos idealizadores Felipe e Marcelo Maldonado, refor\u00e7ando o capital, a gest\u00e3o e a vis\u00e3o estrat\u00e9gica da incorporadora.<\/p>\n<p>A movimenta\u00e7\u00e3o marca o in\u00edcio de nova fase para o condom\u00ednio de luxo, que combina natureza e arquitetura autoral. Leandro, nome de prest\u00edgio no meio m\u00e9dico e empresarial de Bras\u00edlia, une for\u00e7as a Jean, ex-diretor da Brasal e fundador da HOME, e a Ravell, CEO da BRL. O empreendimento tem assinatura de Denise Zuba, paisagismo de Depierie haras desenvolvido por Doda Miranda.<\/p>\n<p><strong>Mais duas concession\u00e1rias Omoda &amp; Jaecoo<\/strong><\/p>\n<p>Ap\u00f3s a primeira concession\u00e1ria Omoda &amp; Jaecoo, inaugurada em abril \u00faltimo no Aeroporto de Bras\u00edlia, a Primavia, revendedora exclusiva das marcas no Distrito Federal, anunciou a inaugura\u00e7\u00e3o de mais duas lojas. Ser\u00e3o no SIA, no final deste m\u00eas, e no Park Sul, em novembro.<\/p>\n<p>O an\u00fancio reflete as boas vendas realizadas at\u00e9 o momento, acima das expectativas do grupo, e foi feito no lan\u00e7amento oficial no Brasil dos novos modelos SUVs, o Omoda 5 h\u00edbrido e o Omoda 7 h\u00edbrido plug-in, realizado em Bras\u00edlia (na CASACOR Bras\u00edlia) e que contou com a presen\u00e7a do diretor da divis\u00e3o brasileira da Omoda e da Jaecoo no Brasil, Hu Peng, com Thiago Marques, Jos\u00e9 Carlos Dourado e Marcos Chaim.<\/p>\n<p><img loading=\"lazy\" decoding=\"async\" class=\"aligncenter size-medium wp-image-20910\" src=\"https:\/\/blogs.correiobraziliense.com.br\/capital-sa\/wp-content\/uploads\/sites\/59\/2025\/10\/5bf63861-c2fe-4576-b3f2-3237c50012de-300x200.jpeg\" alt=\"\" width=\"300\" height=\"200\" srcset=\"https:\/\/blogs.correiobraziliense.com.br\/capital-sa\/wp-content\/uploads\/sites\/59\/2025\/10\/5bf63861-c2fe-4576-b3f2-3237c50012de-300x200.jpeg 300w, https:\/\/blogs.correiobraziliense.com.br\/capital-sa\/wp-content\/uploads\/sites\/59\/2025\/10\/5bf63861-c2fe-4576-b3f2-3237c50012de-768x512.jpeg 768w, https:\/\/blogs.correiobraziliense.com.br\/capital-sa\/wp-content\/uploads\/sites\/59\/2025\/10\/5bf63861-c2fe-4576-b3f2-3237c50012de-1024x682.jpeg 1024w, https:\/\/blogs.correiobraziliense.com.br\/capital-sa\/wp-content\/uploads\/sites\/59\/2025\/10\/5bf63861-c2fe-4576-b3f2-3237c50012de-800x533.jpeg 800w, https:\/\/blogs.correiobraziliense.com.br\/capital-sa\/wp-content\/uploads\/sites\/59\/2025\/10\/5bf63861-c2fe-4576-b3f2-3237c50012de-550x367.jpeg 550w, https:\/\/blogs.correiobraziliense.com.br\/capital-sa\/wp-content\/uploads\/sites\/59\/2025\/10\/5bf63861-c2fe-4576-b3f2-3237c50012de-230x153.jpeg 230w, https:\/\/blogs.correiobraziliense.com.br\/capital-sa\/wp-content\/uploads\/sites\/59\/2025\/10\/5bf63861-c2fe-4576-b3f2-3237c50012de.jpeg 1280w\" sizes=\"auto, (max-width: 300px) 100vw, 300px\" \/><\/p>\n<p><strong><em>Acompanhe a Capital S\/A na TV Bras\u00edlia todas as ter\u00e7as e quintas-feiras, 18h30\u00a0<\/em><\/strong><strong><em>no JL ao vivo.\ud83d\udc47<\/em><\/strong><\/p>\n<p><iframe loading=\"lazy\" title=\"QUEM \u00c9 ADA LOVELACE, MULHER QUE D\u00c1 NOME AO MAIS NOVO SUPERCOMPUTADOR DA PETROBRAS?\" width=\"1440\" height=\"810\" src=\"https:\/\/www.youtube.com\/embed\/fq1LcFzqBHA?feature=oembed\" frameborder=\"0\" allow=\"accelerometer; autoplay; clipboard-write; encrypted-media; gyroscope; picture-in-picture; web-share\" referrerpolicy=\"strict-origin-when-cross-origin\" allowfullscreen><\/iframe><\/p>\n<p>&nbsp;<\/p>\n","protected":false},"excerpt":{"rendered":"<p>Coluna Capital S\/A de 17 de outubro\u00a0 Por SAMANTA SALLUM\u00a0 No in\u00edcio do m\u00eas, o governo federal instituiu a Lei n\u00ba 15.224, referente \u00e0 Pol\u00edtica Nacional de Combate \u00e0 Perda e ao Desperd\u00edcio de Alimentos (PNCPDA). A medida busca ampliar a atua\u00e7\u00e3o entre governo, sociedade e iniciativa privada para promo\u00e7\u00e3o da seguran\u00e7a alimentar no pa\u00eds. Com o prop\u00f3sito de orientar [&hellip;]<\/p>\n","protected":false},"author":125,"featured_media":20899,"comment_status":"open","ping_status":"open","sticky":false,"template":"","format":"standard","meta":{"footnotes":""},"categories":[6],"tags":[712,3244,2195,2532,3245,326,3246],"class_list":["post-20893","post","type-post","status-publish","format-standard","has-post-thumbnail","hentry","category-coluna-capital-s-a","tag-abrasel","tag-adrianalara","tag-cnseg","tag-desperdicio","tag-heiniken","tag-sustentabilidade","tag-unicef"],"_links":{"self":[{"href":"https:\/\/blogs.correiobraziliense.com.br\/capital-sa\/wp-json\/wp\/v2\/posts\/20893","targetHints":{"allow":["GET"]}}],"collection":[{"href":"https:\/\/blogs.correiobraziliense.com.br\/capital-sa\/wp-json\/wp\/v2\/posts"}],"about":[{"href":"https:\/\/blogs.correiobraziliense.com.br\/capital-sa\/wp-json\/wp\/v2\/types\/post"}],"author":[{"embeddable":true,"href":"https:\/\/blogs.correiobraziliense.com.br\/capital-sa\/wp-json\/wp\/v2\/users\/125"}],"replies":[{"embeddable":true,"href":"https:\/\/blogs.correiobraziliense.com.br\/capital-sa\/wp-json\/wp\/v2\/comments?post=20893"}],"version-history":[{"count":12,"href":"https:\/\/blogs.correiobraziliense.com.br\/capital-sa\/wp-json\/wp\/v2\/posts\/20893\/revisions"}],"predecessor-version":[{"id":20912,"href":"https:\/\/blogs.correiobraziliense.com.br\/capital-sa\/wp-json\/wp\/v2\/posts\/20893\/revisions\/20912"}],"wp:featuredmedia":[{"embeddable":true,"href":"https:\/\/blogs.correiobraziliense.com.br\/capital-sa\/wp-json\/wp\/v2\/media\/20899"}],"wp:attachment":[{"href":"https:\/\/blogs.correiobraziliense.com.br\/capital-sa\/wp-json\/wp\/v2\/media?parent=20893"}],"wp:term":[{"taxonomy":"category","embeddable":true,"href":"https:\/\/blogs.correiobraziliense.com.br\/capital-sa\/wp-json\/wp\/v2\/categories?post=20893"},{"taxonomy":"post_tag","embeddable":true,"href":"https:\/\/blogs.correiobraziliense.com.br\/capital-sa\/wp-json\/wp\/v2\/tags?post=20893"}],"curies":[{"name":"wp","href":"https:\/\/api.w.org\/{rel}","templated":true}]}}