{"id":20859,"date":"2025-10-14T17:17:00","date_gmt":"2025-10-14T20:17:00","guid":{"rendered":"https:\/\/blogs.correiobraziliense.com.br\/capital-sa\/?p=20859"},"modified":"2025-10-14T19:04:45","modified_gmt":"2025-10-14T22:04:45","slug":"distritais-fecham-acordo-e-definem-data-de-votacao-do-pdot","status":"publish","type":"post","link":"https:\/\/blogs.correiobraziliense.com.br\/capital-sa\/2025\/10\/14\/distritais-fecham-acordo-e-definem-data-de-votacao-do-pdot\/","title":{"rendered":"Distritais fecham acordo e definem data de vota\u00e7\u00e3o do PDOT"},"content":{"rendered":"<p class=\"p1\"><strong>Coluna Capital S\/A de 14 de outubro<\/strong><\/p>\n<p class=\"p1\"><strong><span class=\"s1\">Por SAMANTA SALLUM <\/span><\/strong><\/p>\n<p class=\"p1\"><span class=\"s1\">Come\u00e7ou na segunda-feira o prazo para apresenta\u00e7\u00e3o de emendas ao PDOT, que vai at\u00e9 24 de outubro. A vota\u00e7\u00e3o da pauta no plen\u00e1rio est\u00e1 prevista para 18 de novembro. A data foi definida ap\u00f3s um acordo entre os deputados distritais. A informa\u00e7\u00e3o foi confirmada ao blog pelo presidente da C\u00e2mara Legislativa do DF, deputado Wellington Lu\u00eds (MDB). <\/span><\/p>\n<p class=\"p1\"><span class=\"s1\"> A Comiss\u00e3o de Assuntos Fundi\u00e1rios (CAF)\u00a0<\/span>realizou audi\u00eancia p\u00fablica no s\u00e1bado para discutir o projeto de lei que atualiza o Plano Diretor de Ordenamento Territorial do Distrito Federal (PDOT). O objetivo foi conhecer as cr\u00edticas e reivindica\u00e7\u00f5es da popula\u00e7\u00e3o com rela\u00e7\u00e3o ao texto elaborado pelo governo, de forma a subsidiar a apresenta\u00e7\u00e3o de emendas parlamentares.<\/p>\n<p class=\"p1\"><span class=\"s1\">A presidente da CAF, deputada Jaqueline Silva (MDB), afirmou que os distritais querem a participa\u00e7\u00e3o popular. \u201cTodos n\u00f3s\u00a0<\/span>estamos debru\u00e7ados sobre essa pauta. E o que a gente tem tentado aqui \u00e9 fazer com que voc\u00eas sejam ouvidos\u201d, garantiu.<\/p>\n<p class=\"p1\">A secret\u00e1ria-adjunta de Desenvolvimento Urbano e Habita\u00e7\u00e3o,Tereza Lodder, destacou que o governo realizou 90 audi\u00eancias p\u00fablicas para chegar ao texto protocolado na C\u00e2mara Legislativa.<\/p>\n<p class=\"p1\"><span class=\"s1\">O setor produtivo tamb\u00e9m vem acompanhando as audi\u00eancias e\u00a0<\/span>participando, pois s\u00e3o necess\u00e1rias revis\u00e3o e atualiza\u00e7\u00e3o para \u00e1reas de atividades comerciais dos setores imobili\u00e1rio e industrial.<\/p>\n<p class=\"p1\"><strong><span class=\"s1\">MP faz cr\u00edticas<\/span><\/strong><\/p>\n<p class=\"p1\"><span class=\"s1\">\u201cO Minist\u00e9rio P\u00fablico tem\u00a0<\/span>acompanhado esse processo desde o in\u00edcio, desde 2019. Houve participa\u00e7\u00e3o social, mas, na hora de decidir o que ia entrar ou n\u00e3o no texto do projeto, essa participa\u00e7\u00e3o foi exclu\u00edda\u201d, criticou o promotor de Justi\u00e7a de Defesa da Ordem Urban\u00edstica D\u00eanio Augusto de Oilveira Moura.<\/p>\n<p class=\"p1\"><strong><span class=\"s1\">Minist\u00e9rio das\u00a0<\/span>Comunica\u00e7\u00f5es define meta em mutir\u00e3o pr\u00e9-COP30<\/strong><\/p>\n<p><img loading=\"lazy\" decoding=\"async\" class=\"aligncenter size-medium wp-image-20864\" src=\"https:\/\/blogs.correiobraziliense.com.br\/capital-sa\/wp-content\/uploads\/sites\/59\/2025\/10\/a38a3b22-9c82-4225-8ea4-a4461c81e4ac-300x200.jpeg\" alt=\"\" width=\"300\" height=\"200\" srcset=\"https:\/\/blogs.correiobraziliense.com.br\/capital-sa\/wp-content\/uploads\/sites\/59\/2025\/10\/a38a3b22-9c82-4225-8ea4-a4461c81e4ac-300x200.jpeg 300w, https:\/\/blogs.correiobraziliense.com.br\/capital-sa\/wp-content\/uploads\/sites\/59\/2025\/10\/a38a3b22-9c82-4225-8ea4-a4461c81e4ac-768x512.jpeg 768w, https:\/\/blogs.correiobraziliense.com.br\/capital-sa\/wp-content\/uploads\/sites\/59\/2025\/10\/a38a3b22-9c82-4225-8ea4-a4461c81e4ac-1024x683.jpeg 1024w, https:\/\/blogs.correiobraziliense.com.br\/capital-sa\/wp-content\/uploads\/sites\/59\/2025\/10\/a38a3b22-9c82-4225-8ea4-a4461c81e4ac-1440x960.jpeg 1440w, https:\/\/blogs.correiobraziliense.com.br\/capital-sa\/wp-content\/uploads\/sites\/59\/2025\/10\/a38a3b22-9c82-4225-8ea4-a4461c81e4ac-800x533.jpeg 800w, https:\/\/blogs.correiobraziliense.com.br\/capital-sa\/wp-content\/uploads\/sites\/59\/2025\/10\/a38a3b22-9c82-4225-8ea4-a4461c81e4ac-550x367.jpeg 550w, https:\/\/blogs.correiobraziliense.com.br\/capital-sa\/wp-content\/uploads\/sites\/59\/2025\/10\/a38a3b22-9c82-4225-8ea4-a4461c81e4ac-230x153.jpeg 230w\" sizes=\"auto, (max-width: 300px) 100vw, 300px\" \/><\/p>\n<p class=\"p1\"><span class=\"s1\">Evento realizado hoje firmou acordos de coopera\u00e7\u00e3o e fez o lan\u00e7amento de desafio nacional para recolher 200 toneladas de\u00a0<\/span>res\u00edduos eletr\u00f4nicos no pa\u00eds. A iniciativa \u00e9 do Minist\u00e9rio das Comunica\u00e7\u00f5es com o Mutir\u00e3o Pr\u00e9-COP30: Sustentabilidade e Inclus\u00e3o Digital.<\/p>\n<p class=\"p1\"><span class=\"s1\">Durante a solenidade, com participa\u00e7\u00e3o do ministro Frederico de Siqueira Filho,\u00a0<\/span>foram assinadas parcerias entre o governo federal, institui\u00e7\u00f5es p\u00fablicas e empresas privadas, voltadas \u00e0 destina\u00e7\u00e3o correta de res\u00edduos eletr\u00f4nicos.<\/p>\n<p class=\"p1\"><strong><span class=\"s1\">Do lixo eletr\u00f4nico a\u00a0<\/span>novos computadores<\/strong><\/p>\n<p class=\"p1\"><span class=\"s1\">O objetivo \u00e9 reduzir o impacto\u00a0<\/span>ambiental do lixo eletr\u00f4nico, transformando os equipamentos descartados em computadores recondicionados que ser\u00e3o doados a escolas p\u00fablicas, aldeias ind\u00edgenas, comunidades ribeirinhas e quilombolas, promovendo inclus\u00e3o digital e social.<\/p>\n<p class=\"p1\"><strong><span class=\"s1\">Turismo internacional <\/span>cresce 76% no DF\u00a0<\/strong><\/p>\n<p><img loading=\"lazy\" decoding=\"async\" class=\"aligncenter size-medium wp-image-20867\" src=\"https:\/\/blogs.correiobraziliense.com.br\/capital-sa\/wp-content\/uploads\/sites\/59\/2025\/10\/IMG_0676-300x168.png\" alt=\"\" width=\"300\" height=\"168\" srcset=\"https:\/\/blogs.correiobraziliense.com.br\/capital-sa\/wp-content\/uploads\/sites\/59\/2025\/10\/IMG_0676-300x168.png 300w, https:\/\/blogs.correiobraziliense.com.br\/capital-sa\/wp-content\/uploads\/sites\/59\/2025\/10\/IMG_0676-550x308.png 550w, https:\/\/blogs.correiobraziliense.com.br\/capital-sa\/wp-content\/uploads\/sites\/59\/2025\/10\/IMG_0676-230x129.png 230w, https:\/\/blogs.correiobraziliense.com.br\/capital-sa\/wp-content\/uploads\/sites\/59\/2025\/10\/IMG_0676.png 610w\" sizes=\"auto, (max-width: 300px) 100vw, 300px\" \/><\/p>\n<p class=\"p1\"><span class=\"s1\">O Distrito Federal recebeu\u00a0<\/span><span class=\"s1\">cerca de 81 mil turistas\u00a0<\/span><span class=\"s1\">estrangeiros entre janeiro\u00a0<\/span><span class=\"s1\">e setembro de 2025, um\u00a0<\/span><span class=\"s1\">aumento de 76% em rela\u00e7\u00e3o\u00a0<\/span><span class=\"s1\">ao mesmo per\u00edodo de\u00a0<\/span><span class=\"s1\">2024, quando foram 46.105\u00a0<\/span><span class=\"s1\">visitantes. O n\u00famero supera\u00a0<\/span><span class=\"s1\">todo o fluxo de 2024, que\u00a0<\/span><span class=\"s1\">somou cerca de 68.400\u00a0<\/span><span class=\"s1\">turistas internacionais, o\u00a0<\/span><span class=\"s1\">que consolida o momento\u00a0<\/span><span class=\"s1\">positivo do turismo no pa\u00eds\u00a0<\/span><span class=\"s1\">e o destaque de Bras\u00edlia\u00a0<\/span><span class=\"s1\">como porta de entrada\u00a0<\/span><span class=\"s1\">do territ\u00f3rio nacional.<\/span><\/p>\n<p class=\"p1\"><strong><span class=\"s1\">Mais arrecada\u00e7\u00e3o de ISS<\/span><\/strong><\/p>\n<p class=\"p1\"><span class=\"s1\">A estimativa de arrecada\u00e7\u00e3o do Imposto Sobre Servi\u00e7os (ISS) deve subir de R$ 8 milh\u00f5es em 2022 para\u00a0<\/span>R$ 80 milh\u00f5es em 2025. Segundo o GDF, reflexo da movimenta\u00e7\u00e3o tur\u00edstica e de eventos, entre outras a\u00e7\u00f5es.<\/p>\n<p class=\"p1\"><strong><span class=\"s1\">Argentinos e norte-americanos<\/span><\/strong><\/p>\n<p class=\"p1\"><span class=\"s1\">A Argentina lidera a chegada de turistas internacionais, com 22.457 registros, seguida por: Estados\u00a0<\/span>Unidos (15.747), Peru (7.089), Col\u00f4mbia (6.687) e Portugal (5.170). Completa a lista o Chile (4.348).<\/p>\n<p class=\"p1\"><strong><span class=\"s1\">Voo direto para Roma<\/span><\/strong><\/p>\n<p class=\"p1\"><span class=\"s1\">\u201cJ\u00e1 estamos com conversas avan\u00e7adas\u00a0<\/span><span class=\"s1\">com a companhia italiana ITA, para\u00a0<\/span><span class=\"s1\">termos um novo voo: desta vez, ligando\u00a0<\/span><span class=\"s1\">Roma a Bras\u00edlia\u201d, conta o secret\u00e1rio de\u00a0<\/span><span class=\"s1\">Rela\u00e7\u00f5es Internacionais do DF, Paco Britto.\u00a0<\/span><span class=\"s1\">Ele destaca que a amplia\u00e7\u00e3o das rotas\u00a0<\/span><span class=\"s1\">internacionais diretas ocorreu gra\u00e7as ao\u00a0<\/span><span class=\"s1\">apoio do GDF, que reduziu de 12% para\u00a0<\/span><span class=\"s1\">aproximadamente 7% o ICMS incidente\u00a0<\/span><span class=\"s1\">sobre o querosene de avia\u00e7\u00e3o (QAV)\u00a0<\/span><span class=\"s1\">adquirido pelas companhias a\u00e9reas.<\/span><\/p>\n<p class=\"p1\"><strong><span class=\"s1\">Arquitetura e \u00e1reas verdes<\/span><\/strong><\/p>\n<p class=\"p1\"><span class=\"s1\">\u201cO Brasil vive seu melhor momento da hist\u00f3ria em rela\u00e7\u00e3o ao turismo internacional, e Bras\u00edlia tem papel\u00a0<\/span><span class=\"s1\">estrat\u00e9gico. Al\u00e9m das j\u00e1 conhecidas belezas arquitet\u00f4nicas, a capital integra \u00e1reas verdes bel\u00edssimas, que\u00a0<\/span><span class=\"s1\">nos permitem o contato com a natureza no ambiente urbano e t\u00eam um ativo especial, que \u00e9 ser Patrim\u00f4nio\u00a0<\/span><span class=\"s1\">Cultural da Humanidade reconhecido pela Unesco\u201d, afirmou o presidente da Embratur, Marcelo Freixo.<\/span><\/p>\n<p><strong><em>Acompanhe a Capital S\/A na TV Bras\u00edlia todas as ter\u00e7as e quintas-feiras, 18h10 no JL ao vivo.<\/em><\/strong><\/p>\n<p><iframe loading=\"lazy\" title=\"QUEM \u00c9 ADA LOVELACE, MULHER QUE D\u00c1 NOME AO MAIS NOVO SUPERCOMPUTADOR DA PETROBRAS?\" width=\"1440\" height=\"810\" src=\"https:\/\/www.youtube.com\/embed\/fq1LcFzqBHA?feature=oembed\" frameborder=\"0\" allow=\"accelerometer; autoplay; clipboard-write; encrypted-media; gyroscope; picture-in-picture; web-share\" referrerpolicy=\"strict-origin-when-cross-origin\" allowfullscreen><\/iframe><\/p>\n","protected":false},"excerpt":{"rendered":"<p>Coluna Capital S\/A de 14 de outubro Por SAMANTA SALLUM Come\u00e7ou na segunda-feira o prazo para apresenta\u00e7\u00e3o de emendas ao PDOT, que vai at\u00e9 24 de outubro. A vota\u00e7\u00e3o da pauta no plen\u00e1rio est\u00e1 prevista para 18 de novembro. A data foi definida ap\u00f3s um acordo entre os deputados distritais. A informa\u00e7\u00e3o foi confirmada ao blog pelo presidente da C\u00e2mara [&hellip;]<\/p>\n","protected":false},"author":125,"featured_media":20863,"comment_status":"open","ping_status":"open","sticky":false,"template":"","format":"standard","meta":{"footnotes":""},"categories":[6],"tags":[383,1686,2364,674,1989,1544,2434,3234,1991,2603,1687,639,326,333,2033,3001,3202],"class_list":["post-20859","post","type-post","status-publish","format-standard","has-post-thumbnail","hentry","category-coluna-capital-s-a","tag-camaralegislativa","tag-cldf","tag-cop30","tag-desenvolvimentourbano","tag-embratur","tag-habitacao","tag-inclusaodigital","tag-jaquelinesilva","tag-marcelofreixo","tag-ministeriodascomunicacoes","tag-ministeriopublico","tag-pdot","tag-sustentabilidade","tag-turismo","tag-urbanismo","tag-urbanizacao","tag-wellingtonluis"],"_links":{"self":[{"href":"https:\/\/blogs.correiobraziliense.com.br\/capital-sa\/wp-json\/wp\/v2\/posts\/20859","targetHints":{"allow":["GET"]}}],"collection":[{"href":"https:\/\/blogs.correiobraziliense.com.br\/capital-sa\/wp-json\/wp\/v2\/posts"}],"about":[{"href":"https:\/\/blogs.correiobraziliense.com.br\/capital-sa\/wp-json\/wp\/v2\/types\/post"}],"author":[{"embeddable":true,"href":"https:\/\/blogs.correiobraziliense.com.br\/capital-sa\/wp-json\/wp\/v2\/users\/125"}],"replies":[{"embeddable":true,"href":"https:\/\/blogs.correiobraziliense.com.br\/capital-sa\/wp-json\/wp\/v2\/comments?post=20859"}],"version-history":[{"count":8,"href":"https:\/\/blogs.correiobraziliense.com.br\/capital-sa\/wp-json\/wp\/v2\/posts\/20859\/revisions"}],"predecessor-version":[{"id":20870,"href":"https:\/\/blogs.correiobraziliense.com.br\/capital-sa\/wp-json\/wp\/v2\/posts\/20859\/revisions\/20870"}],"wp:featuredmedia":[{"embeddable":true,"href":"https:\/\/blogs.correiobraziliense.com.br\/capital-sa\/wp-json\/wp\/v2\/media\/20863"}],"wp:attachment":[{"href":"https:\/\/blogs.correiobraziliense.com.br\/capital-sa\/wp-json\/wp\/v2\/media?parent=20859"}],"wp:term":[{"taxonomy":"category","embeddable":true,"href":"https:\/\/blogs.correiobraziliense.com.br\/capital-sa\/wp-json\/wp\/v2\/categories?post=20859"},{"taxonomy":"post_tag","embeddable":true,"href":"https:\/\/blogs.correiobraziliense.com.br\/capital-sa\/wp-json\/wp\/v2\/tags?post=20859"}],"curies":[{"name":"wp","href":"https:\/\/api.w.org\/{rel}","templated":true}]}}