{"id":20834,"date":"2025-10-09T23:13:28","date_gmt":"2025-10-10T02:13:28","guid":{"rendered":"https:\/\/blogs.correiobraziliense.com.br\/capital-sa\/?p=20834"},"modified":"2025-10-13T22:53:29","modified_gmt":"2025-10-14T01:53:29","slug":"tinder-da-fome-aplicativo-conecta-doadores-de-alimentos-com-quem-precisa","status":"publish","type":"post","link":"https:\/\/blogs.correiobraziliense.com.br\/capital-sa\/2025\/10\/09\/tinder-da-fome-aplicativo-conecta-doadores-de-alimentos-com-quem-precisa\/","title":{"rendered":"Tinder da fome: aplicativo conecta doadores de alimentos com quem precisa"},"content":{"rendered":"<p><strong>Por SAMANTA SALLUM\u00a0<\/strong><\/p>\n<p class=\"p1\"><span class=\"s1\">O Brasil \u00e9, hoje, refer\u00eancia internacional em combate ao desperd\u00edcio de alimentos, com a atua\u00e7\u00e3o do Instituto Fome de Tudo, organiza\u00e7\u00e3o fundada por \u00darsula Corona, artista e empreendedora social que h\u00e1 cinco anos lidera a transforma\u00e7\u00e3o de excedentes alimentares em milh\u00f5es de refei\u00e7\u00f5es. Com o sistema inovador \u2014 apelidado de \u201cTinder da Fome\u201d \u2014, o instituto conecta em tempo real quem tem excedentes de produ\u00e7\u00e3o com quem mais precisa, unindo seguran\u00e7a alimentar, impacto social e sustentabilidade ambiental.<\/span><\/p>\n<p><img loading=\"lazy\" decoding=\"async\" class=\"aligncenter size-medium wp-image-20838\" src=\"https:\/\/blogs.correiobraziliense.com.br\/capital-sa\/wp-content\/uploads\/sites\/59\/2025\/10\/IMG_0663-277x300.jpeg\" alt=\"\" width=\"277\" height=\"300\" srcset=\"https:\/\/blogs.correiobraziliense.com.br\/capital-sa\/wp-content\/uploads\/sites\/59\/2025\/10\/IMG_0663-277x300.jpeg 277w, https:\/\/blogs.correiobraziliense.com.br\/capital-sa\/wp-content\/uploads\/sites\/59\/2025\/10\/IMG_0663-768x832.jpeg 768w, https:\/\/blogs.correiobraziliense.com.br\/capital-sa\/wp-content\/uploads\/sites\/59\/2025\/10\/IMG_0663-946x1024.jpeg 946w, https:\/\/blogs.correiobraziliense.com.br\/capital-sa\/wp-content\/uploads\/sites\/59\/2025\/10\/IMG_0663-800x866.jpeg 800w, https:\/\/blogs.correiobraziliense.com.br\/capital-sa\/wp-content\/uploads\/sites\/59\/2025\/10\/IMG_0663-550x596.jpeg 550w, https:\/\/blogs.correiobraziliense.com.br\/capital-sa\/wp-content\/uploads\/sites\/59\/2025\/10\/IMG_0663-230x249.jpeg 230w, https:\/\/blogs.correiobraziliense.com.br\/capital-sa\/wp-content\/uploads\/sites\/59\/2025\/10\/IMG_0663.jpeg 1060w\" sizes=\"auto, (max-width: 277px) 100vw, 277px\" \/><\/p>\n<p class=\"p1\"><strong><span class=\"s1\">Parceria com as Na\u00e7\u00f5es Unidas\u00a0<\/span><\/strong><\/p>\n<p class=\"p1\"><span class=\"s1\">O alcance \u00e9 global: a tecnologia foi inclu\u00edda no relat\u00f3rio oficial do BRICS Women\u2019s Business Alliance (WBA) como uma das propostas de refer\u00eancia no combate \u00e0 inseguran\u00e7a alimentar; o instituto tamb\u00e9m integra a Alian\u00e7a Global de Combate \u00e0 Fome e \u00e0 Pobreza do G20 e mant\u00e9m parceria oficial com as Na\u00e7\u00f5es Unidas.<\/span><\/p>\n<p class=\"p2\"><span class=\"s1\">\u201cH\u00e1 um contingente enorme de pessoas no mundo em inseguran\u00e7a alimentar, enquanto toneladas de alimentos ainda s\u00e3o desperdi\u00e7adas. Nossa miss\u00e3o \u00e9 ajudar com demais frentes nessa l\u00f3gica: gerar impacto social, dados, e, ao mesmo tempo, fortalecer a economia local e a dignidade humana\u201d, conta\u00a0<\/span>Corona.<\/p>\n<p class=\"p2\"><span class=\"s1\">O diferencial do Fome de Tudo \u00e9 atuar, tamb\u00e9m, no desenho de cadeias produtivas sustent\u00e1veis, fortalecendo agricultores e articulando parcerias com governos, empresas e sociedade civil.<\/span><\/p>\n<p class=\"p1\"><strong><span class=\"s1\">Campanha nova<\/span><\/strong><\/p>\n<p class=\"p1\"><span class=\"s1\">Durante a COP30, em Bel\u00e9m, o Instituto vai lan\u00e7ar a campanha \u201cFome N\u00e3o Tira F\u00e9rias\u201d, com WFP (maior ag\u00eancia humanit\u00e1ria das Na\u00e7\u00f5es Unidas) ampliando ainda mais o alcance de sua atua\u00e7\u00e3o e mostrando que a inova\u00e7\u00e3o social brasileira pode inspirar o mundo.<\/span><\/p>\n<p><strong><em>Acompanhe a Capital S\/A na TV Bras\u00edlia todas as ter\u00e7as e quintas-feiras, 18h10 no JL ao vivo.<\/em><\/strong><\/p>\n<p><iframe loading=\"lazy\" title=\"TECNOLOGIA AJUDA A COMBATER A FOME NO BRASIL | CAPITAL S\/A\" width=\"1440\" height=\"810\" src=\"https:\/\/www.youtube.com\/embed\/aD-GU0Su7zE?feature=oembed\" frameborder=\"0\" allow=\"accelerometer; autoplay; clipboard-write; encrypted-media; gyroscope; picture-in-picture; web-share\" referrerpolicy=\"strict-origin-when-cross-origin\" allowfullscreen><\/iframe><\/p>\n","protected":false},"excerpt":{"rendered":"<p>Por SAMANTA SALLUM\u00a0 O Brasil \u00e9, hoje, refer\u00eancia internacional em combate ao desperd\u00edcio de alimentos, com a atua\u00e7\u00e3o do Instituto Fome de Tudo, organiza\u00e7\u00e3o fundada por \u00darsula Corona, artista e empreendedora social que h\u00e1 cinco anos lidera a transforma\u00e7\u00e3o de excedentes alimentares em milh\u00f5es de refei\u00e7\u00f5es. Com o sistema inovador \u2014 apelidado de \u201cTinder da Fome\u201d \u2014, o instituto conecta [&hellip;]<\/p>\n","protected":false},"author":125,"featured_media":20837,"comment_status":"open","ping_status":"open","sticky":false,"template":"","format":"standard","meta":{"footnotes":""},"categories":[6],"tags":[238,728,3230,3231,2224,326,3232,3229],"class_list":["post-20834","post","type-post","status-publish","format-standard","has-post-thumbnail","hentry","category-coluna-capital-s-a","tag-doacao","tag-fome","tag-fomedetudo","tag-segurancaalimentar","tag-solidariedade","tag-sustentabilidade","tag-sustentabilidadeambiental","tag-ursulacorona"],"_links":{"self":[{"href":"https:\/\/blogs.correiobraziliense.com.br\/capital-sa\/wp-json\/wp\/v2\/posts\/20834","targetHints":{"allow":["GET"]}}],"collection":[{"href":"https:\/\/blogs.correiobraziliense.com.br\/capital-sa\/wp-json\/wp\/v2\/posts"}],"about":[{"href":"https:\/\/blogs.correiobraziliense.com.br\/capital-sa\/wp-json\/wp\/v2\/types\/post"}],"author":[{"embeddable":true,"href":"https:\/\/blogs.correiobraziliense.com.br\/capital-sa\/wp-json\/wp\/v2\/users\/125"}],"replies":[{"embeddable":true,"href":"https:\/\/blogs.correiobraziliense.com.br\/capital-sa\/wp-json\/wp\/v2\/comments?post=20834"}],"version-history":[{"count":8,"href":"https:\/\/blogs.correiobraziliense.com.br\/capital-sa\/wp-json\/wp\/v2\/posts\/20834\/revisions"}],"predecessor-version":[{"id":20840,"href":"https:\/\/blogs.correiobraziliense.com.br\/capital-sa\/wp-json\/wp\/v2\/posts\/20834\/revisions\/20840"}],"wp:featuredmedia":[{"embeddable":true,"href":"https:\/\/blogs.correiobraziliense.com.br\/capital-sa\/wp-json\/wp\/v2\/media\/20837"}],"wp:attachment":[{"href":"https:\/\/blogs.correiobraziliense.com.br\/capital-sa\/wp-json\/wp\/v2\/media?parent=20834"}],"wp:term":[{"taxonomy":"category","embeddable":true,"href":"https:\/\/blogs.correiobraziliense.com.br\/capital-sa\/wp-json\/wp\/v2\/categories?post=20834"},{"taxonomy":"post_tag","embeddable":true,"href":"https:\/\/blogs.correiobraziliense.com.br\/capital-sa\/wp-json\/wp\/v2\/tags?post=20834"}],"curies":[{"name":"wp","href":"https:\/\/api.w.org\/{rel}","templated":true}]}}