{"id":20806,"date":"2025-10-10T15:09:19","date_gmt":"2025-10-10T18:09:19","guid":{"rendered":"https:\/\/blogs.correiobraziliense.com.br\/capital-sa\/?p=20806"},"modified":"2025-10-13T23:08:59","modified_gmt":"2025-10-14T02:08:59","slug":"grande-angustia-diz-presidente-do-tcu-sobre-bebidas-adulteradas","status":"publish","type":"post","link":"https:\/\/blogs.correiobraziliense.com.br\/capital-sa\/2025\/10\/10\/grande-angustia-diz-presidente-do-tcu-sobre-bebidas-adulteradas\/","title":{"rendered":"\u201cGrande ang\u00fastia\u201d, diz presidente do TCU sobre bebidas adulteradas"},"content":{"rendered":"<p><strong>Coluna Capital S\/A de 10 de outubro<\/strong><\/p>\n<p>Por SAMANTA SALLUM<\/p>\n<p>O presidente do Tribunal de Contas da Uni\u00e3o (TCU), ministro Vital do R\u00eago, determinou a realiza\u00e7\u00e3o de fiscaliza\u00e7\u00e3o sobre a atua\u00e7\u00e3o e a coordena\u00e7\u00e3o dos \u00f3rg\u00e3os p\u00fablicos respons\u00e1veis pelo controle da produ\u00e7\u00e3o e do com\u00e9rcio de bebidas no pa\u00eds. A medida foi anunciada em raz\u00e3o dos recentes casos de adultera\u00e7\u00e3o de bebidas com metanol, que tem causado mortes e interna\u00e7\u00f5es em diferentes regi\u00f5es do Brasil. O presidente refor\u00e7ou que o controle estatal da produ\u00e7\u00e3o de bebidas \u00e9 fundamental para proteger a sa\u00fade da popula\u00e7\u00e3o e tamb\u00e9m garantir a arrecada\u00e7\u00e3o tribut\u00e1ria.<\/p>\n<p>\u201cTemos acompanhado no notici\u00e1rio nacional, com grande ang\u00fastia, os casos de adultera\u00e7\u00e3o de bebidas com metanol, que j\u00e1 acumulam v\u00e1rias v\u00edtimas e outras centenas de pessoas com suspeita de intoxica\u00e7\u00e3o grave\u201d, o que exige a \u201cpronta a\u00e7\u00e3o do TCU\u201d, afirmou o ministro.<\/p>\n<p><strong>Determina\u00e7\u00e3o anterior<\/strong><\/p>\n<p>Vital do Rego pontua que o TCU j\u00e1 havia decidido anteriormente pela obriga\u00e7\u00e3o do Poder Executivo de implementar controle de produ\u00e7\u00e3o de bebidas por meio de equipamentos contadores, conforme determina a Lei n\u00b0 13.097\/2015.<\/p>\n<p><strong>Distrito Federal assina carta em defesa do Cerrado<\/strong><\/p>\n<p><img loading=\"lazy\" decoding=\"async\" class=\"aligncenter size-medium wp-image-20813\" src=\"https:\/\/blogs.correiobraziliense.com.br\/capital-sa\/wp-content\/uploads\/sites\/59\/2025\/10\/IMG_0611-300x252.jpeg\" alt=\"\" width=\"300\" height=\"252\" srcset=\"https:\/\/blogs.correiobraziliense.com.br\/capital-sa\/wp-content\/uploads\/sites\/59\/2025\/10\/IMG_0611-300x252.jpeg 300w, https:\/\/blogs.correiobraziliense.com.br\/capital-sa\/wp-content\/uploads\/sites\/59\/2025\/10\/IMG_0611-768x645.jpeg 768w, https:\/\/blogs.correiobraziliense.com.br\/capital-sa\/wp-content\/uploads\/sites\/59\/2025\/10\/IMG_0611-1024x860.jpeg 1024w, https:\/\/blogs.correiobraziliense.com.br\/capital-sa\/wp-content\/uploads\/sites\/59\/2025\/10\/IMG_0611-1440x1209.jpeg 1440w, https:\/\/blogs.correiobraziliense.com.br\/capital-sa\/wp-content\/uploads\/sites\/59\/2025\/10\/IMG_0611-800x672.jpeg 800w, https:\/\/blogs.correiobraziliense.com.br\/capital-sa\/wp-content\/uploads\/sites\/59\/2025\/10\/IMG_0611-550x462.jpeg 550w, https:\/\/blogs.correiobraziliense.com.br\/capital-sa\/wp-content\/uploads\/sites\/59\/2025\/10\/IMG_0611-230x193.jpeg 230w\" sizes=\"auto, (max-width: 300px) 100vw, 300px\" \/><\/p>\n<p>A vice-governadora do DF, Celina Le\u00e3o, assinou ontem a carta manifesto elaborada pelos governos do Cons\u00f3rcio Brasil Central para representar e defender o bioma Cerrado no cen\u00e1rio nacional e internacional. O documento ser\u00e1 oficialmente levado para a COP30, em Bel\u00e9m. A assinatura ocorreu durante a COP Cerrados, ontem, no Memorial JK, com representantes do governo do Distrito Federal, Maranh\u00e3o, de Mato Grosso, Mato Grosso do Sul, Rond\u00f4nia e do Tocantins. Um dos destaques da programa\u00e7\u00e3o foi a participa\u00e7\u00e3o da Embrapa Cerrados, com a palestra magna \u201cO Cerrado como bioma estrat\u00e9gico para o Brasil\u201d.<\/p>\n<p><strong>Coopera\u00e7\u00e3o para fortalecer inova\u00e7\u00e3o e ci\u00eancia\u00a0<\/strong><\/p>\n<p><img loading=\"lazy\" decoding=\"async\" class=\"aligncenter size-medium wp-image-20811\" src=\"https:\/\/blogs.correiobraziliense.com.br\/capital-sa\/wp-content\/uploads\/sites\/59\/2025\/10\/66a29a3a-7a51-4221-9cda-8bbe6d997bb5-194x300.jpeg\" alt=\"\" width=\"194\" height=\"300\" srcset=\"https:\/\/blogs.correiobraziliense.com.br\/capital-sa\/wp-content\/uploads\/sites\/59\/2025\/10\/66a29a3a-7a51-4221-9cda-8bbe6d997bb5-194x300.jpeg 194w, https:\/\/blogs.correiobraziliense.com.br\/capital-sa\/wp-content\/uploads\/sites\/59\/2025\/10\/66a29a3a-7a51-4221-9cda-8bbe6d997bb5-230x356.jpeg 230w, https:\/\/blogs.correiobraziliense.com.br\/capital-sa\/wp-content\/uploads\/sites\/59\/2025\/10\/66a29a3a-7a51-4221-9cda-8bbe6d997bb5.jpeg 456w\" sizes=\"auto, (max-width: 194px) 100vw, 194px\" \/><\/p>\n<p>Em um movimento que refor\u00e7a o compromisso com o avan\u00e7o da ci\u00eancia, tecnologia e inova\u00e7\u00e3o (CT&amp;I) no pa\u00eds, o Consecti Nacional (Conselho Nacional de Secret\u00e1rios Estaduais para Assuntos de CT&amp;I) e o Instituto Multiplicidades assinaram Termo de Coopera\u00e7\u00e3o T\u00e9cnica. A parceria ser\u00e1 o ponto de partida para uma s\u00e9rie de a\u00e7\u00f5es conjuntas previstas para 2025, incluindo eventos, editais e programas de incentivo \u00e0 inova\u00e7\u00e3o, que devem beneficiar pesquisadores, empreendedores e gestores p\u00fablicos de todo o pa\u00eds. A assinatura teve a presen\u00e7a da diretora do Instituto Multiplicidades, Cristiane Pereira.<\/p>\n<p class=\"s5\">Para Silvio Bulh\u00f5es, presidente do Consecti e Secret\u00e1rio de ci\u00eancia e tecnologia do estado\u00a0de\u00a0Macei\u00f3, a parceria permitir\u00e1 uma atua\u00e7\u00e3o conjunta do Consecti com o Instituto Multiplocidades no sentido de fortalecer a atua\u00e7\u00e3o dos munic\u00edpios brasileiros na pauta de CT&amp;I. \u201cUma vez que interiorizar as pol\u00edticas p\u00fablicas nessa a\u00e9rea \u00e9 amplificar os resultados positivos, tornando-se um vetor de desenvolvimento econ\u00f4mico e\u00a0social\u201d.<\/p>\n<p class=\"s5\">A assinatura foi realizada com a presen\u00e7a da diretora do Instituto Multiplicidades, Cristiane Pereira, que destacou o papel estrat\u00e9gico da parceria: \u201cO fortalecimento da inova\u00e7\u00e3o passa pela integra\u00e7\u00e3o entre institui\u00e7\u00f5es p\u00fablicas e privadas. Esse acordo \u00e9 um passo concreto para ampliar o alcance de projetos que unem tecnologia, educa\u00e7\u00e3o e desenvolvimento sustent\u00e1vel\u201d, afirmou.<\/p>\n<p><strong><em>Acompanhe a Capital S\/A na TV Bras\u00edlia todas as ter\u00e7as e quintas-feiras, 18h10 no JL ao vivo.<\/em><\/strong><\/p>\n<p><iframe loading=\"lazy\" title=\"ESPET\u00c1CULO COM EFEITOS ESPECIAIS ENCANTA NO LAN\u00c7AMENTO DE CENTRO CULTURAL DO SESC | CAPITAL S\/A\" width=\"1440\" height=\"810\" src=\"https:\/\/www.youtube.com\/embed\/nF10eHzdKgE?feature=oembed\" frameborder=\"0\" allow=\"accelerometer; autoplay; clipboard-write; encrypted-media; gyroscope; picture-in-picture; web-share\" referrerpolicy=\"strict-origin-when-cross-origin\" allowfullscreen><\/iframe><\/p>\n<p>&nbsp;<\/p>\n","protected":false},"excerpt":{"rendered":"<p>Coluna Capital S\/A de 10 de outubro Por SAMANTA SALLUM O presidente do Tribunal de Contas da Uni\u00e3o (TCU), ministro Vital do R\u00eago, determinou a realiza\u00e7\u00e3o de fiscaliza\u00e7\u00e3o sobre a atua\u00e7\u00e3o e a coordena\u00e7\u00e3o dos \u00f3rg\u00e3os p\u00fablicos respons\u00e1veis pelo controle da produ\u00e7\u00e3o e do com\u00e9rcio de bebidas no pa\u00eds. A medida foi anunciada em raz\u00e3o dos recentes casos de adultera\u00e7\u00e3o [&hellip;]<\/p>\n","protected":false},"author":125,"featured_media":20810,"comment_status":"open","ping_status":"open","sticky":false,"template":"","format":"standard","meta":{"footnotes":""},"categories":[6],"tags":[3228,3227,3208,1358,888,1616,202,351,3211,445,2933,33],"class_list":["post-20806","post","type-post","status-publish","format-standard","has-post-thumbnail","hentry","category-coluna-capital-s-a","tag-adulteracao","tag-bebidadulterada","tag-bebidasdestiladas","tag-celinaleao","tag-cerrado","tag-ciencia","tag-fiscalizacao","tag-inovacao","tag-metanol","tag-tcu","tag-vitaldorego","tag-tecnologia"],"_links":{"self":[{"href":"https:\/\/blogs.correiobraziliense.com.br\/capital-sa\/wp-json\/wp\/v2\/posts\/20806","targetHints":{"allow":["GET"]}}],"collection":[{"href":"https:\/\/blogs.correiobraziliense.com.br\/capital-sa\/wp-json\/wp\/v2\/posts"}],"about":[{"href":"https:\/\/blogs.correiobraziliense.com.br\/capital-sa\/wp-json\/wp\/v2\/types\/post"}],"author":[{"embeddable":true,"href":"https:\/\/blogs.correiobraziliense.com.br\/capital-sa\/wp-json\/wp\/v2\/users\/125"}],"replies":[{"embeddable":true,"href":"https:\/\/blogs.correiobraziliense.com.br\/capital-sa\/wp-json\/wp\/v2\/comments?post=20806"}],"version-history":[{"count":8,"href":"https:\/\/blogs.correiobraziliense.com.br\/capital-sa\/wp-json\/wp\/v2\/posts\/20806\/revisions"}],"predecessor-version":[{"id":20856,"href":"https:\/\/blogs.correiobraziliense.com.br\/capital-sa\/wp-json\/wp\/v2\/posts\/20806\/revisions\/20856"}],"wp:featuredmedia":[{"embeddable":true,"href":"https:\/\/blogs.correiobraziliense.com.br\/capital-sa\/wp-json\/wp\/v2\/media\/20810"}],"wp:attachment":[{"href":"https:\/\/blogs.correiobraziliense.com.br\/capital-sa\/wp-json\/wp\/v2\/media?parent=20806"}],"wp:term":[{"taxonomy":"category","embeddable":true,"href":"https:\/\/blogs.correiobraziliense.com.br\/capital-sa\/wp-json\/wp\/v2\/categories?post=20806"},{"taxonomy":"post_tag","embeddable":true,"href":"https:\/\/blogs.correiobraziliense.com.br\/capital-sa\/wp-json\/wp\/v2\/tags?post=20806"}],"curies":[{"name":"wp","href":"https:\/\/api.w.org\/{rel}","templated":true}]}}