{"id":20789,"date":"2025-10-08T17:52:53","date_gmt":"2025-10-08T20:52:53","guid":{"rendered":"https:\/\/blogs.correiobraziliense.com.br\/capital-sa\/?p=20789"},"modified":"2025-10-08T18:27:19","modified_gmt":"2025-10-08T21:27:19","slug":"neonergia-compra-375-do-capital-da-energetica-corumba-iii","status":"publish","type":"post","link":"https:\/\/blogs.correiobraziliense.com.br\/capital-sa\/2025\/10\/08\/neonergia-compra-375-do-capital-da-energetica-corumba-iii\/","title":{"rendered":"Neoenergia compra 37,5% do capital da Energ\u00e9tica Corumb\u00e1 III"},"content":{"rendered":"<p><em>Com o resultado, a CEB agora avaliar\u00e1 o eventual exerc\u00edcio de seu direito de prefer\u00eancia, proporcional \u00e0 sua participa\u00e7\u00e3o acion\u00e1ria<\/em><\/p>\n<p class=\"p2\"><strong>Por SAMANTA SALLUM\u00a0<\/strong><\/p>\n<p class=\"p2\"><span class=\"s1\">Foi realizado, na sede da B3, em S\u00e3o Paulo, o leil\u00e3o de a\u00e7\u00f5es da Companhia Celg Participa\u00e7\u00f5es (CelgPar), que movimentou importantes ativos do setor el\u00e9trico. O maior destaque do certame foi a venda de participa\u00e7\u00e3o na Energ\u00e9tica Corumb\u00e1 III, cuja opera\u00e7\u00e3o envolveu a Neoenergia, a CEB e outros s\u00f3cios. No leil\u00e3o, 25% das a\u00e7\u00f5es ordin\u00e1rias e 50% das a\u00e7\u00f5es preferenciais da Corumb\u00e1 III \u2014 o equivalente a 37,5% do capital total \u2014 foram arrematadas pela Neoenergia, por R$ 91,8 milh\u00f5es. Atualmente, a companhia j\u00e1 det\u00e9m 25% do capital social do cons\u00f3rcio da usina, enquanto a CEB possui 37,5%.<\/span><\/p>\n<p><img loading=\"lazy\" decoding=\"async\" class=\"aligncenter size-medium wp-image-20795\" src=\"https:\/\/blogs.correiobraziliense.com.br\/capital-sa\/wp-content\/uploads\/sites\/59\/2025\/10\/854c2230-9ffd-4713-9b19-43b121a87ed8-258x300.jpeg\" alt=\"\" width=\"258\" height=\"300\" srcset=\"https:\/\/blogs.correiobraziliense.com.br\/capital-sa\/wp-content\/uploads\/sites\/59\/2025\/10\/854c2230-9ffd-4713-9b19-43b121a87ed8-258x300.jpeg 258w, https:\/\/blogs.correiobraziliense.com.br\/capital-sa\/wp-content\/uploads\/sites\/59\/2025\/10\/854c2230-9ffd-4713-9b19-43b121a87ed8-768x894.jpeg 768w, https:\/\/blogs.correiobraziliense.com.br\/capital-sa\/wp-content\/uploads\/sites\/59\/2025\/10\/854c2230-9ffd-4713-9b19-43b121a87ed8-879x1024.jpeg 879w, https:\/\/blogs.correiobraziliense.com.br\/capital-sa\/wp-content\/uploads\/sites\/59\/2025\/10\/854c2230-9ffd-4713-9b19-43b121a87ed8-800x932.jpeg 800w, https:\/\/blogs.correiobraziliense.com.br\/capital-sa\/wp-content\/uploads\/sites\/59\/2025\/10\/854c2230-9ffd-4713-9b19-43b121a87ed8-550x641.jpeg 550w, https:\/\/blogs.correiobraziliense.com.br\/capital-sa\/wp-content\/uploads\/sites\/59\/2025\/10\/854c2230-9ffd-4713-9b19-43b121a87ed8-230x268.jpeg 230w, https:\/\/blogs.correiobraziliense.com.br\/capital-sa\/wp-content\/uploads\/sites\/59\/2025\/10\/854c2230-9ffd-4713-9b19-43b121a87ed8.jpeg 960w\" sizes=\"auto, (max-width: 258px) 100vw, 258px\" \/><\/p>\n<p class=\"p2\"><span class=\"s1\">Com o resultado, a CEB agora avaliar\u00e1 o eventual exerc\u00edcio de seu direito de prefer\u00eancia, proporcional \u00e0 sua participa\u00e7\u00e3o acion\u00e1ria. O presidente da CEB, Edison Garcia, acompanhou o leil\u00e3o pessoalmente. \u201cA presen\u00e7a da companhia no leil\u00e3o refor\u00e7a o compromisso de acompanhar de forma estrat\u00e9gica os movimentos do setor el\u00e9trico e garantir decis\u00f5es respons\u00e1veis em favor do futuro energ\u00e9tico do Distrito Federal\u201d, disse.<\/span><\/p>\n<p>O Cons\u00f3rcio Empreendedor Corumb\u00e1 III era composto por duas empresas: a Gera\u00e7\u00e3o CIII (60%) e a Energ\u00e9tica Corumb\u00e1 III S.A (40%). A primeira \u00e9 constitu\u00edda integralmente pelo Grupo Neoenergia. A segunda era formada por tr\u00eas \u200bcompanhias: Companhia Energ\u00e9tica de Bras\u00edlia \u2013 CEB (37,5%), Companhia Energ\u00e9tica de Goi\u00e1s \u2013 CELG (37,5%) e Gera\u00e7\u00e3o CIII (25,0%). A partir desse cons\u00f3rcio, desde outubro de 2009, a Usina Hidrel\u00e9trica Corumb\u00e1 (UHE Corumb\u00e1) entrou em opera\u00e7\u00e3o comercial.<\/p>\n<p><strong>Outras opera\u00e7\u00f5es<\/strong><\/p>\n<p class=\"p2\"><span class=\"s1\">Outros lotes tamb\u00e9m atra\u00edram investidores: Firmin\u00f3polis Transmiss\u00e3o e Lago Azul Transmiss\u00e3o <\/span>foram adquiridas integralmente pela EDP Goi\u00e1s, por R$ 83,6 milh\u00f5es; Pantanal Transmiss\u00e3o teve 49% das a\u00e7\u00f5es vendidas \u00e0 \u00d3rion Transmiss\u00e3o, por R$ 43,1 milh\u00f5es; e Energ\u00e9tica Fazenda Velha teve 20% de participa\u00e7\u00e3o arrematada pela Hy Brazil Energia, por R$ 8,7 milh\u00f5es.<\/p>\n<p><strong><em>Acompanhe a Capital S\/A na TV Bras\u00edlia todas as ter\u00e7as e quintas-feiras, 18h10 no JL ao vivo.<\/em><\/strong><\/p>\n<p><iframe loading=\"lazy\" title=\"MERCADO ILEGAL DE \u00c1LCOOL PROVOCA PREJU\u00cdZO DE R$ 28 BILH\u00d5ES POR ANO | CAPITAL S\/A\" width=\"1440\" height=\"810\" src=\"https:\/\/www.youtube.com\/embed\/oqJDc9J5mio?feature=oembed\" frameborder=\"0\" allow=\"accelerometer; autoplay; clipboard-write; encrypted-media; gyroscope; picture-in-picture; web-share\" referrerpolicy=\"strict-origin-when-cross-origin\" allowfullscreen><\/iframe><\/p>\n","protected":false},"excerpt":{"rendered":"<p>Com o resultado, a CEB agora avaliar\u00e1 o eventual exerc\u00edcio de seu direito de prefer\u00eancia, proporcional \u00e0 sua participa\u00e7\u00e3o acion\u00e1ria Por SAMANTA SALLUM\u00a0 Foi realizado, na sede da B3, em S\u00e3o Paulo, o leil\u00e3o de a\u00e7\u00f5es da Companhia Celg Participa\u00e7\u00f5es (CelgPar), que movimentou importantes ativos do setor el\u00e9trico. O maior destaque do certame foi a venda de participa\u00e7\u00e3o na Energ\u00e9tica [&hellip;]<\/p>\n","protected":false},"author":125,"featured_media":20794,"comment_status":"open","ping_status":"open","sticky":false,"template":"","format":"standard","meta":{"footnotes":""},"categories":[6],"tags":[107,3223,3224,3226,276,108,1433,3225],"class_list":["post-20789","post","type-post","status-publish","format-standard","has-post-thumbnail","hentry","category-coluna-capital-s-a","tag-ceb","tag-celg","tag-celgpar","tag-corumba3","tag-economia","tag-leilao","tag-neoenergia","tag-setoreletrico"],"_links":{"self":[{"href":"https:\/\/blogs.correiobraziliense.com.br\/capital-sa\/wp-json\/wp\/v2\/posts\/20789","targetHints":{"allow":["GET"]}}],"collection":[{"href":"https:\/\/blogs.correiobraziliense.com.br\/capital-sa\/wp-json\/wp\/v2\/posts"}],"about":[{"href":"https:\/\/blogs.correiobraziliense.com.br\/capital-sa\/wp-json\/wp\/v2\/types\/post"}],"author":[{"embeddable":true,"href":"https:\/\/blogs.correiobraziliense.com.br\/capital-sa\/wp-json\/wp\/v2\/users\/125"}],"replies":[{"embeddable":true,"href":"https:\/\/blogs.correiobraziliense.com.br\/capital-sa\/wp-json\/wp\/v2\/comments?post=20789"}],"version-history":[{"count":10,"href":"https:\/\/blogs.correiobraziliense.com.br\/capital-sa\/wp-json\/wp\/v2\/posts\/20789\/revisions"}],"predecessor-version":[{"id":20803,"href":"https:\/\/blogs.correiobraziliense.com.br\/capital-sa\/wp-json\/wp\/v2\/posts\/20789\/revisions\/20803"}],"wp:featuredmedia":[{"embeddable":true,"href":"https:\/\/blogs.correiobraziliense.com.br\/capital-sa\/wp-json\/wp\/v2\/media\/20794"}],"wp:attachment":[{"href":"https:\/\/blogs.correiobraziliense.com.br\/capital-sa\/wp-json\/wp\/v2\/media?parent=20789"}],"wp:term":[{"taxonomy":"category","embeddable":true,"href":"https:\/\/blogs.correiobraziliense.com.br\/capital-sa\/wp-json\/wp\/v2\/categories?post=20789"},{"taxonomy":"post_tag","embeddable":true,"href":"https:\/\/blogs.correiobraziliense.com.br\/capital-sa\/wp-json\/wp\/v2\/tags?post=20789"}],"curies":[{"name":"wp","href":"https:\/\/api.w.org\/{rel}","templated":true}]}}