{"id":20774,"date":"2025-10-08T14:31:04","date_gmt":"2025-10-08T17:31:04","guid":{"rendered":"https:\/\/blogs.correiobraziliense.com.br\/capital-sa\/?p=20774"},"modified":"2025-10-08T22:42:52","modified_gmt":"2025-10-09T01:42:52","slug":"cni-repudia-retirada-de-tributacao-a-bets-de-mp-do-iof","status":"publish","type":"post","link":"https:\/\/blogs.correiobraziliense.com.br\/capital-sa\/2025\/10\/08\/cni-repudia-retirada-de-tributacao-a-bets-de-mp-do-iof\/","title":{"rendered":"CNI repudia retirada de tributa\u00e7\u00e3o a bets de MP do IOF"},"content":{"rendered":"<p>Coluna Capital S\/A de 08 de outubro<\/p>\n<p><strong>Por SAMANTA SALLUM\u00a0<\/strong><\/p>\n<p>Em mensagem encaminhada aos presidentes da C\u00e2mara, Hugo Motta, e do Senado, Davi Alcolumbre, o presidente da Confedera\u00e7\u00e3o Nacional da Ind\u00fastria (CNI), Ricardo Alban, manifestou indigna\u00e7\u00e3o com a retirada do aumento da tributa\u00e7\u00e3o sobre apostas esportivas (bets) do texto da Medida Provis\u00f3ria 1.303\/2025. Essa MP apresenta alternativas ao aumento do Imposto sobre Opera\u00e7\u00f5es Financeiras (IOF).<\/p>\n<p>O relator da proposta, deputado Carlos Zarattini (PT\/SP), retirou da \u00faltima vers\u00e3o o trecho que previa ampliar de 12% para 18% a al\u00edquota sobre a receita bruta das apostas \u2014 o valor total menos o valor distribu\u00eddo em pr\u00eamios a apostadores.<\/p>\n<p><strong>MP rejeitada em plen\u00e1rio\u00a0<\/strong><\/p>\n<p>No entanto, a MP \u00a0acabou derrubada, nesta quarta-feira, em plen\u00e1rio. Uma \u00a0derrota do governo que tinha exatamente , num acordo com bloco de parlamentares pela aprova\u00e7\u00e3o, retirado a al\u00edquota das Bets. N\u00e3o adiantou. Mesmo fazendo a manobra, o governo n\u00e3o teve os votos necess\u00e1rios para a MP dos ajuste de contas para 2026 que tratava do IOF.<\/p>\n<p>Para Alban, o epis\u00f3dio simbolizou mais um caso de \u201cass\u00e9dios constantes ao setor produtivo\u201d, pois a reda\u00e7\u00e3o da vers\u00e3o atualizada pelo relator mantinha o aumento de imposto de renda retido na fonte (IRRF) de 15% para 20% em juros sobre capital pr\u00f3prio (JCP), pago por empresas aos acionistas.<\/p>\n<p>\u201cEfetivamente, est\u00e3o sufocando a atividade produtiva com incrementos constantes da carga tribut\u00e1ria, desde 2023. Recentemente, todo e qualquer ajuste fiscal \u00e9 s\u00f3 sobre aumento de carga, independentemente de a receita estar aumentando pelo crescimento da economia\u201d, escreveu Alban.<\/p>\n<p><img loading=\"lazy\" decoding=\"async\" class=\"aligncenter size-medium wp-image-20778\" src=\"https:\/\/blogs.correiobraziliense.com.br\/capital-sa\/wp-content\/uploads\/sites\/59\/2025\/10\/IMG_0542-300x200.jpeg\" alt=\"\" width=\"300\" height=\"200\" srcset=\"https:\/\/blogs.correiobraziliense.com.br\/capital-sa\/wp-content\/uploads\/sites\/59\/2025\/10\/IMG_0542-300x200.jpeg 300w, https:\/\/blogs.correiobraziliense.com.br\/capital-sa\/wp-content\/uploads\/sites\/59\/2025\/10\/IMG_0542-768x512.jpeg 768w, https:\/\/blogs.correiobraziliense.com.br\/capital-sa\/wp-content\/uploads\/sites\/59\/2025\/10\/IMG_0542.jpeg 800w, https:\/\/blogs.correiobraziliense.com.br\/capital-sa\/wp-content\/uploads\/sites\/59\/2025\/10\/IMG_0542-550x366.jpeg 550w, https:\/\/blogs.correiobraziliense.com.br\/capital-sa\/wp-content\/uploads\/sites\/59\/2025\/10\/IMG_0542-230x153.jpeg 230w\" sizes=\"auto, (max-width: 300px) 100vw, 300px\" \/><\/p>\n<p><em>\u201cComo podemos ser t\u00e3o lenientes com as bets, tidas pela sociedade como uma grande mazela psicossocial?\u201d<\/em><br \/>\n<em>Ricardo Alban, presidente da CNI<\/em><\/p>\n<p>Efeito domin\u00f3 de endividamento<\/p>\n<p>Estudo divulgado pelo Instituto Locomotiva, em agosto de 2024, revelou que 86% dos apostadores acumulam d\u00edvidas e 64% est\u00e3o com o nome sujo no Serasa, servi\u00e7o de prote\u00e7\u00e3o ao cr\u00e9dito. A CNI aponta que s\u00e3o comuns relatos de tomada de empr\u00e9stimo para seguir apostando, o que provoca um efeito domin\u00f3 de agravamento das d\u00edvidas. Os preju\u00edzos chegam a familiares e ao ambiente de trabalho.<\/p>\n<p><strong>PDOT: seguran\u00e7a jur\u00eddica e regulariza\u00e7\u00e3o fundi\u00e1ria em debate<\/strong><\/p>\n<p><img loading=\"lazy\" decoding=\"async\" class=\"aligncenter size-medium wp-image-20779\" src=\"https:\/\/blogs.correiobraziliense.com.br\/capital-sa\/wp-content\/uploads\/sites\/59\/2025\/10\/IMG_0529-300x230.jpeg\" alt=\"\" width=\"300\" height=\"230\" srcset=\"https:\/\/blogs.correiobraziliense.com.br\/capital-sa\/wp-content\/uploads\/sites\/59\/2025\/10\/IMG_0529-300x230.jpeg 300w, https:\/\/blogs.correiobraziliense.com.br\/capital-sa\/wp-content\/uploads\/sites\/59\/2025\/10\/IMG_0529-550x421.jpeg 550w, https:\/\/blogs.correiobraziliense.com.br\/capital-sa\/wp-content\/uploads\/sites\/59\/2025\/10\/IMG_0529-230x176.jpeg 230w, https:\/\/blogs.correiobraziliense.com.br\/capital-sa\/wp-content\/uploads\/sites\/59\/2025\/10\/IMG_0529.jpeg 734w\" sizes=\"auto, (max-width: 300px) 100vw, 300px\" \/><\/p>\n<p>A Seccional do Distrito Federal da Ordem dos Advogados do Brasil (OAB\/DF) realizou, ontem, audi\u00eancia p\u00fablica para aprofundar o debate sobre o Plano Diretor de Ordenamento Territorial (PDOT). O evento reuniu representantes da C\u00e2mara Legislativa do Distrito Federal, da C\u00e2mara Federal, do GDF, do Minist\u00e9rio P\u00fablico, da advocacia e da popula\u00e7\u00e3o. O debate se estendeu por mais de quatro horas e teve como eixos principais: seguran\u00e7a jur\u00eddica, mobilidade urbana, regulariza\u00e7\u00e3o fundi\u00e1ria e meio ambiente. O presidente da CLDF, Wellington Luiz, afirmou ao presidente da OAB\/DF, Paulo Maur\u00edcio Siqueira, que reconhece a legitimidade da audi\u00eancia publica e se comprometeu a considerar seus encaminhamentos no processo legislativo em curso. O secret\u00e1rio de Desenvolvimento Urbano e Habita\u00e7\u00e3o do DF, Marcelo Vaz, tamb\u00e9m participou.<\/p>\n<p><strong>Sess\u00e3o solene em defesa do empreendedorismo\u00a0<\/strong><\/p>\n<p><img loading=\"lazy\" decoding=\"async\" class=\"aligncenter size-medium wp-image-20782\" src=\"https:\/\/blogs.correiobraziliense.com.br\/capital-sa\/wp-content\/uploads\/sites\/59\/2025\/10\/IMG_0528-300x256.jpeg\" alt=\"\" width=\"300\" height=\"256\" srcset=\"https:\/\/blogs.correiobraziliense.com.br\/capital-sa\/wp-content\/uploads\/sites\/59\/2025\/10\/IMG_0528-300x256.jpeg 300w, https:\/\/blogs.correiobraziliense.com.br\/capital-sa\/wp-content\/uploads\/sites\/59\/2025\/10\/IMG_0528-768x655.jpeg 768w, https:\/\/blogs.correiobraziliense.com.br\/capital-sa\/wp-content\/uploads\/sites\/59\/2025\/10\/IMG_0528-1024x873.jpeg 1024w, https:\/\/blogs.correiobraziliense.com.br\/capital-sa\/wp-content\/uploads\/sites\/59\/2025\/10\/IMG_0528-800x682.jpeg 800w, https:\/\/blogs.correiobraziliense.com.br\/capital-sa\/wp-content\/uploads\/sites\/59\/2025\/10\/IMG_0528-550x469.jpeg 550w, https:\/\/blogs.correiobraziliense.com.br\/capital-sa\/wp-content\/uploads\/sites\/59\/2025\/10\/IMG_0528-230x196.jpeg 230w, https:\/\/blogs.correiobraziliense.com.br\/capital-sa\/wp-content\/uploads\/sites\/59\/2025\/10\/IMG_0528.jpeg 1170w\" sizes=\"auto, (max-width: 300px) 100vw, 300px\" \/><\/p>\n<p>O presidente da Confedera\u00e7\u00e3o Nacional do Com\u00e9rcio de Bens, Servi\u00e7os e Turismo, Jos\u00e9 Roberto Tadros, participou, ontem, do manifesto no Congresso pela atualiza\u00e7\u00e3o urgente do Simples Nacional. Esteve presente \u00e0 Sess\u00e3o Solene na C\u00e2mara dos Deputados em defesa dos empreendedores e das micro e pequenas empresas. Na ocasi\u00e3o, Guilherme Afif Domingos, presidente em\u00e9rito da Confedera\u00e7\u00e3o das Associa\u00e7\u00f5es Comerciais e Empresariais do Brasil (CACB) e secret\u00e1rio de Projetos Estrat\u00e9gicos do Estado de S\u00e3o Paulo, foi homenageado.<\/p>\n<p><strong><em>Acompanhe a Capital S\/A na TV Bras\u00edlia todas as ter\u00e7as e quintas-feiras, 18h10 no JL ao vivo.<\/em><\/strong><\/p>\n<p><iframe loading=\"lazy\" title=\"MERCADO ILEGAL DE \u00c1LCOOL PROVOCA PREJU\u00cdZO DE R$ 28 BILH\u00d5ES POR ANO | CAPITAL S\/A\" width=\"1440\" height=\"810\" src=\"https:\/\/www.youtube.com\/embed\/oqJDc9J5mio?feature=oembed\" frameborder=\"0\" allow=\"accelerometer; autoplay; clipboard-write; encrypted-media; gyroscope; picture-in-picture; web-share\" referrerpolicy=\"strict-origin-when-cross-origin\" allowfullscreen><\/iframe><\/p>\n<p>&nbsp;<\/p>\n","protected":false},"excerpt":{"rendered":"<p>Coluna Capital S\/A de 08 de outubro Por SAMANTA SALLUM\u00a0 Em mensagem encaminhada aos presidentes da C\u00e2mara, Hugo Motta, e do Senado, Davi Alcolumbre, o presidente da Confedera\u00e7\u00e3o Nacional da Ind\u00fastria (CNI), Ricardo Alban, manifestou indigna\u00e7\u00e3o com a retirada do aumento da tributa\u00e7\u00e3o sobre apostas esportivas (bets) do texto da Medida Provis\u00f3ria 1.303\/2025. Essa MP apresenta alternativas ao aumento do [&hellip;]<\/p>\n","protected":false},"author":125,"featured_media":20777,"comment_status":"open","ping_status":"open","sticky":false,"template":"","format":"standard","meta":{"footnotes":""},"categories":[6],"tags":[2478,2647,2523,3222,254,2815,2731,2847,1293,2955,307,1023,2005,492,871,1325,64],"class_list":["post-20774","post","type-post","status-publish","format-standard","has-post-thumbnail","hentry","category-coluna-capital-s-a","tag-apostas","tag-bets","tag-camaradosdeputados","tag-carloszarattini","tag-congressonacional","tag-davialcolumbre","tag-empreendorismo","tag-hugomotta","tag-impostoderenda","tag-iof","tag-joserobertotadros","tag-oab-df","tag-ricardoalban","tag-senado","tag-simplesnacional","tag-tributacao","tag-cni"],"_links":{"self":[{"href":"https:\/\/blogs.correiobraziliense.com.br\/capital-sa\/wp-json\/wp\/v2\/posts\/20774","targetHints":{"allow":["GET"]}}],"collection":[{"href":"https:\/\/blogs.correiobraziliense.com.br\/capital-sa\/wp-json\/wp\/v2\/posts"}],"about":[{"href":"https:\/\/blogs.correiobraziliense.com.br\/capital-sa\/wp-json\/wp\/v2\/types\/post"}],"author":[{"embeddable":true,"href":"https:\/\/blogs.correiobraziliense.com.br\/capital-sa\/wp-json\/wp\/v2\/users\/125"}],"replies":[{"embeddable":true,"href":"https:\/\/blogs.correiobraziliense.com.br\/capital-sa\/wp-json\/wp\/v2\/comments?post=20774"}],"version-history":[{"count":9,"href":"https:\/\/blogs.correiobraziliense.com.br\/capital-sa\/wp-json\/wp\/v2\/posts\/20774\/revisions"}],"predecessor-version":[{"id":20805,"href":"https:\/\/blogs.correiobraziliense.com.br\/capital-sa\/wp-json\/wp\/v2\/posts\/20774\/revisions\/20805"}],"wp:featuredmedia":[{"embeddable":true,"href":"https:\/\/blogs.correiobraziliense.com.br\/capital-sa\/wp-json\/wp\/v2\/media\/20777"}],"wp:attachment":[{"href":"https:\/\/blogs.correiobraziliense.com.br\/capital-sa\/wp-json\/wp\/v2\/media?parent=20774"}],"wp:term":[{"taxonomy":"category","embeddable":true,"href":"https:\/\/blogs.correiobraziliense.com.br\/capital-sa\/wp-json\/wp\/v2\/categories?post=20774"},{"taxonomy":"post_tag","embeddable":true,"href":"https:\/\/blogs.correiobraziliense.com.br\/capital-sa\/wp-json\/wp\/v2\/tags?post=20774"}],"curies":[{"name":"wp","href":"https:\/\/api.w.org\/{rel}","templated":true}]}}