{"id":20704,"date":"2025-10-02T13:16:47","date_gmt":"2025-10-02T16:16:47","guid":{"rendered":"https:\/\/blogs.correiobraziliense.com.br\/capital-sa\/?p=20704"},"modified":"2025-10-02T18:51:00","modified_gmt":"2025-10-02T21:51:00","slug":"governo-lula-faz-ofensiva-no-df-para-dar-visibilidade-a-obras-e-programas-sociais","status":"publish","type":"post","link":"https:\/\/blogs.correiobraziliense.com.br\/capital-sa\/2025\/10\/02\/governo-lula-faz-ofensiva-no-df-para-dar-visibilidade-a-obras-e-programas-sociais\/","title":{"rendered":"Governo Lula faz ofensiva no DF para dar visibilidade a obras e programas sociais"},"content":{"rendered":"<p><strong>Coluna Capital S\/A de 02 de outubro<\/strong><\/p>\n<p><strong>Por SAMANTA SALLUM\u00a0<\/strong><\/p>\n<p>O governo federal decidiu reagir ao que classifica como tentativa do GDF de tornar \u201cinvis\u00edveis\u201d as entregas e realiza\u00e7\u00f5es do presidente Lula. O ministro chefe da Casa Civil da presid\u00eancia da Rep\u00fablica, Rui Costa, foi pessoalmente, na tarde de ontem, \u00e0 C\u00e2mara Legislativa do DF, e apresentou um balan\u00e7o de investimentos especificamente para Bras\u00edlia.<\/p>\n<p>Ele apontou que a capital receber\u00e1 R$ 6,4 bilh\u00f5es do PAC, com 53% dos empreendimentos em execu\u00e7\u00e3o, e 14 mil novas unidades do programa Minha Casa, Minha Vida. Na apresenta\u00e7\u00e3o, destacou o est\u00edmulo especialmente ao setor da constru\u00e7\u00e3o civil. E uma grande faixa instalada na plen\u00e1rio dizia: \u201cA duplica\u00e7\u00e3o da BR-080 \u00e9 nossa! Do PT e do governo federal!\u201d.<\/p>\n<p><img loading=\"lazy\" decoding=\"async\" class=\"aligncenter size-medium wp-image-20720\" src=\"https:\/\/blogs.correiobraziliense.com.br\/capital-sa\/wp-content\/uploads\/sites\/59\/2025\/10\/IMG_0232-300x143.jpeg\" alt=\"\" width=\"300\" height=\"143\" srcset=\"https:\/\/blogs.correiobraziliense.com.br\/capital-sa\/wp-content\/uploads\/sites\/59\/2025\/10\/IMG_0232-300x143.jpeg 300w, https:\/\/blogs.correiobraziliense.com.br\/capital-sa\/wp-content\/uploads\/sites\/59\/2025\/10\/IMG_0232-768x367.jpeg 768w, https:\/\/blogs.correiobraziliense.com.br\/capital-sa\/wp-content\/uploads\/sites\/59\/2025\/10\/IMG_0232-1024x489.jpeg 1024w, https:\/\/blogs.correiobraziliense.com.br\/capital-sa\/wp-content\/uploads\/sites\/59\/2025\/10\/IMG_0232-800x382.jpeg 800w, https:\/\/blogs.correiobraziliense.com.br\/capital-sa\/wp-content\/uploads\/sites\/59\/2025\/10\/IMG_0232-550x263.jpeg 550w, https:\/\/blogs.correiobraziliense.com.br\/capital-sa\/wp-content\/uploads\/sites\/59\/2025\/10\/IMG_0232-230x110.jpeg 230w, https:\/\/blogs.correiobraziliense.com.br\/capital-sa\/wp-content\/uploads\/sites\/59\/2025\/10\/IMG_0232.jpeg 1170w\" sizes=\"auto, (max-width: 300px) 100vw, 300px\" \/><\/p>\n<p><strong>Presta\u00e7\u00e3o de contas nas cidades<\/strong><\/p>\n<p>A articula\u00e7\u00e3o para a ida de Rui Costa \u00e0 C\u00e2mara Legislativa foi\u00a0de Swedenberger Barbosa (PT), do Gabinete Pessoal do Presidente da Rep\u00fablica. O plano de a\u00e7\u00e3o \u00e9 o governo Lula ganhar mais presen\u00e7a direta nas cidades do DF.<\/p>\n<p>A partir de novembro, a meta \u00e9 que ministros incluam em suas agendas oficiais um dia para estar em alguma cidade de capital federal dando visibilidade a entregas de suas respectivas \u00e1reas. A iniciativa do convite a Rui Costa para a visita \u00e0 CLDF foi do deputado Chico Vigilante (PT)<\/p>\n<p><strong>Presen\u00e7a da esquerda e tamb\u00e9m do empresariado<\/strong><\/p>\n<p><img loading=\"lazy\" decoding=\"async\" class=\"aligncenter size-medium wp-image-20715\" src=\"https:\/\/blogs.correiobraziliense.com.br\/capital-sa\/wp-content\/uploads\/sites\/59\/2025\/10\/IMG_0179-281x300.jpeg\" alt=\"\" width=\"281\" height=\"300\" srcset=\"https:\/\/blogs.correiobraziliense.com.br\/capital-sa\/wp-content\/uploads\/sites\/59\/2025\/10\/IMG_0179-281x300.jpeg 281w, https:\/\/blogs.correiobraziliense.com.br\/capital-sa\/wp-content\/uploads\/sites\/59\/2025\/10\/IMG_0179-768x819.jpeg 768w, https:\/\/blogs.correiobraziliense.com.br\/capital-sa\/wp-content\/uploads\/sites\/59\/2025\/10\/IMG_0179-961x1024.jpeg 961w, https:\/\/blogs.correiobraziliense.com.br\/capital-sa\/wp-content\/uploads\/sites\/59\/2025\/10\/IMG_0179-1440x1535.jpeg 1440w, https:\/\/blogs.correiobraziliense.com.br\/capital-sa\/wp-content\/uploads\/sites\/59\/2025\/10\/IMG_0179-800x853.jpeg 800w, https:\/\/blogs.correiobraziliense.com.br\/capital-sa\/wp-content\/uploads\/sites\/59\/2025\/10\/IMG_0179-550x586.jpeg 550w, https:\/\/blogs.correiobraziliense.com.br\/capital-sa\/wp-content\/uploads\/sites\/59\/2025\/10\/IMG_0179-230x245.jpeg 230w\" sizes=\"auto, (max-width: 281px) 100vw, 281px\" \/><\/p>\n<p>A solenidade reuniu no plen\u00e1rio presen\u00e7as de Swedenberger Barbosa (PT), do Gabinete Pessoal do Presidente da Rep\u00fablica; do presidente da ABDI, Ricardo Cappelli (PSB); da ex-reitora da UNB, M\u00e1rcia Abrah\u00e3o; da senadora Leila Barros (PDT); da deputada federal \u00c9rika Kokay (PT); e da bancada distrital de oposi\u00e7\u00e3o ao governador Ibaneis Rocha (MDB).<\/p>\n<p>N\u00e3o houve presen\u00e7a de distritais da base de Ibaneis, que representa a maioria no Legislativo local, mas teve a participa\u00e7\u00e3o de representantes do setor produtivo como Fibra, Fecom\u00e9rcio e Sindiatacadista.<\/p>\n<p>O presidente da Federa\u00e7\u00e3o das Ind\u00fastrias do Distrito Federal, Jamal Bittar, fez parte da composi\u00e7\u00e3o da mesa junto com o vice presidente da CLDF, Ricardo Vale (PT).<\/p>\n<p><img loading=\"lazy\" decoding=\"async\" class=\"aligncenter size-medium wp-image-20716\" src=\"https:\/\/blogs.correiobraziliense.com.br\/capital-sa\/wp-content\/uploads\/sites\/59\/2025\/10\/IMG_0165-300x258.jpeg\" alt=\"\" width=\"300\" height=\"258\" srcset=\"https:\/\/blogs.correiobraziliense.com.br\/capital-sa\/wp-content\/uploads\/sites\/59\/2025\/10\/IMG_0165-300x258.jpeg 300w, https:\/\/blogs.correiobraziliense.com.br\/capital-sa\/wp-content\/uploads\/sites\/59\/2025\/10\/IMG_0165-768x661.jpeg 768w, https:\/\/blogs.correiobraziliense.com.br\/capital-sa\/wp-content\/uploads\/sites\/59\/2025\/10\/IMG_0165-1024x881.jpeg 1024w, https:\/\/blogs.correiobraziliense.com.br\/capital-sa\/wp-content\/uploads\/sites\/59\/2025\/10\/IMG_0165-1440x1239.jpeg 1440w, https:\/\/blogs.correiobraziliense.com.br\/capital-sa\/wp-content\/uploads\/sites\/59\/2025\/10\/IMG_0165-800x688.jpeg 800w, https:\/\/blogs.correiobraziliense.com.br\/capital-sa\/wp-content\/uploads\/sites\/59\/2025\/10\/IMG_0165-550x473.jpeg 550w, https:\/\/blogs.correiobraziliense.com.br\/capital-sa\/wp-content\/uploads\/sites\/59\/2025\/10\/IMG_0165-230x198.jpeg 230w\" sizes=\"auto, (max-width: 300px) 100vw, 300px\" \/><\/p>\n<p>Parlamentares da bancada local e federal da base do governo Lula reclamaram em seus discursos que o governo de Ibaneis Rocha, por ser oposi\u00e7\u00e3o, \u201cesconde\u201d a participa\u00e7\u00e3o dos recursos federais e das emendas para projetos na capital federal.<\/p>\n<p>J\u00e1 o ministro Rui Costa afirmou que o presidente Lula trabalha em parceria com todos os governadores \u201csem olhar partido ou religi\u00e3o\u201d.<\/p>\n<p><strong><em>Acompanhe a Capital S\/A na TV Bras\u00edlia todas as ter\u00e7as e quintas-feiras, 18h10 no JL ao vivo.<\/em><\/strong><\/p>\n<p><iframe loading=\"lazy\" frameborder=\"0\" width=\"1440\" height=\"815\" src=\"https:\/\/geo.dailymotion.com\/player.html?video=x9rk88c&#038;\" allowfullscreen allow=\"autoplay; fullscreen; picture-in-picture; web-share\"><\/iframe><\/p>\n","protected":false},"excerpt":{"rendered":"<p>Coluna Capital S\/A de 02 de outubro Por SAMANTA SALLUM\u00a0 O governo federal decidiu reagir ao que classifica como tentativa do GDF de tornar \u201cinvis\u00edveis\u201d as entregas e realiza\u00e7\u00f5es do presidente Lula. O ministro chefe da Casa Civil da presid\u00eancia da Rep\u00fablica, Rui Costa, foi pessoalmente, na tarde de ontem, \u00e0 C\u00e2mara Legislativa do DF, e apresentou um balan\u00e7o de [&hellip;]<\/p>\n","protected":false},"author":125,"featured_media":20719,"comment_status":"open","ping_status":"open","sticky":false,"template":"","format":"standard","meta":{"footnotes":""},"categories":[6],"tags":[2230,3203,1686,2094,3162,734,203,2207,642,743,3206,1165,2421,3204,2307,2431,3207,2066,560,3205,71],"class_list":["post-20704","post","type-post","status-publish","format-standard","has-post-thumbnail","hentry","category-coluna-capital-s-a","tag-abdi","tag-chicovigilante","tag-cldf","tag-construcaocivil","tag-erikakokay","tag-fecomercio-df","tag-gdf","tag-governofederal","tag-ibaneisrocha","tag-jamalbittar","tag-leilabarros","tag-lula","tag-minhacasaminhavida","tag-ofensiva","tag-pt","tag-ricardocappelli","tag-ricardovale","tag-ruicosta","tag-sindiatacadista","tag-swedenbergerbarbosa","tag-fibra"],"_links":{"self":[{"href":"https:\/\/blogs.correiobraziliense.com.br\/capital-sa\/wp-json\/wp\/v2\/posts\/20704","targetHints":{"allow":["GET"]}}],"collection":[{"href":"https:\/\/blogs.correiobraziliense.com.br\/capital-sa\/wp-json\/wp\/v2\/posts"}],"about":[{"href":"https:\/\/blogs.correiobraziliense.com.br\/capital-sa\/wp-json\/wp\/v2\/types\/post"}],"author":[{"embeddable":true,"href":"https:\/\/blogs.correiobraziliense.com.br\/capital-sa\/wp-json\/wp\/v2\/users\/125"}],"replies":[{"embeddable":true,"href":"https:\/\/blogs.correiobraziliense.com.br\/capital-sa\/wp-json\/wp\/v2\/comments?post=20704"}],"version-history":[{"count":19,"href":"https:\/\/blogs.correiobraziliense.com.br\/capital-sa\/wp-json\/wp\/v2\/posts\/20704\/revisions"}],"predecessor-version":[{"id":20728,"href":"https:\/\/blogs.correiobraziliense.com.br\/capital-sa\/wp-json\/wp\/v2\/posts\/20704\/revisions\/20728"}],"wp:featuredmedia":[{"embeddable":true,"href":"https:\/\/blogs.correiobraziliense.com.br\/capital-sa\/wp-json\/wp\/v2\/media\/20719"}],"wp:attachment":[{"href":"https:\/\/blogs.correiobraziliense.com.br\/capital-sa\/wp-json\/wp\/v2\/media?parent=20704"}],"wp:term":[{"taxonomy":"category","embeddable":true,"href":"https:\/\/blogs.correiobraziliense.com.br\/capital-sa\/wp-json\/wp\/v2\/categories?post=20704"},{"taxonomy":"post_tag","embeddable":true,"href":"https:\/\/blogs.correiobraziliense.com.br\/capital-sa\/wp-json\/wp\/v2\/tags?post=20704"}],"curies":[{"name":"wp","href":"https:\/\/api.w.org\/{rel}","templated":true}]}}