{"id":20633,"date":"2025-09-29T17:08:12","date_gmt":"2025-09-29T20:08:12","guid":{"rendered":"https:\/\/blogs.correiobraziliense.com.br\/capital-sa\/?p=20633"},"modified":"2025-09-30T15:28:32","modified_gmt":"2025-09-30T18:28:32","slug":"predio-abandonado-na-asa-norte-vai-se-tornar-o-maior-centro-cultural-do-sesc","status":"publish","type":"post","link":"https:\/\/blogs.correiobraziliense.com.br\/capital-sa\/2025\/09\/29\/predio-abandonado-na-asa-norte-vai-se-tornar-o-maior-centro-cultural-do-sesc\/","title":{"rendered":"Pr\u00e9dio abandonado na Asa Norte vai se tornar o maior centro cultural do Sesc"},"content":{"rendered":"<p><em>O investimento ser\u00e1 de R$ 150 milh\u00f5es, e a inaugura\u00e7\u00e3o est\u00e1 prevista para setembro de 2028<\/em><\/p>\n<p>Por SAMANTA SALLUM<\/p>\n<p>Com tema \u201cO Futuro \u00e9 Hoje\u201d, ser\u00e1 realizada, no pr\u00f3ximo final de semana, a apresenta\u00e7\u00e3o do projeto conceitual e arquitet\u00f4nico do novo Centro Cultural do Sesc. A primeira unidade totalmente dedicada \u00e0 arte, cultura e tecnologia ser\u00e1 na 511 Norte.<\/p>\n<p class=\"p1\">Hamilton de Holanda, Criolo e Clarice Falc\u00e3o ser\u00e3o algumas das atra\u00e7\u00f5es do evento, que ser\u00e1 hist\u00f3rico para Bras\u00edlia. Eles v\u00e3o participar do pr\u00e9-lan\u00e7amento do Centro Cultural no s\u00e1bado e no domingo. As apresenta\u00e7\u00f5es gratuitas ser\u00e3o realizadas no pr\u00e9dio das futuras instala\u00e7\u00f5es, das 18h \u00e0s 22h.<\/p>\n<p><img loading=\"lazy\" decoding=\"async\" class=\"aligncenter size-medium wp-image-20640\" src=\"https:\/\/blogs.correiobraziliense.com.br\/capital-sa\/wp-content\/uploads\/sites\/59\/2025\/09\/IMG_0057-263x300.jpeg\" alt=\"\" width=\"263\" height=\"300\" srcset=\"https:\/\/blogs.correiobraziliense.com.br\/capital-sa\/wp-content\/uploads\/sites\/59\/2025\/09\/IMG_0057-263x300.jpeg 263w, https:\/\/blogs.correiobraziliense.com.br\/capital-sa\/wp-content\/uploads\/sites\/59\/2025\/09\/IMG_0057-768x875.jpeg 768w, https:\/\/blogs.correiobraziliense.com.br\/capital-sa\/wp-content\/uploads\/sites\/59\/2025\/09\/IMG_0057-899x1024.jpeg 899w, https:\/\/blogs.correiobraziliense.com.br\/capital-sa\/wp-content\/uploads\/sites\/59\/2025\/09\/IMG_0057-800x911.jpeg 800w, https:\/\/blogs.correiobraziliense.com.br\/capital-sa\/wp-content\/uploads\/sites\/59\/2025\/09\/IMG_0057-550x627.jpeg 550w, https:\/\/blogs.correiobraziliense.com.br\/capital-sa\/wp-content\/uploads\/sites\/59\/2025\/09\/IMG_0057-230x262.jpeg 230w, https:\/\/blogs.correiobraziliense.com.br\/capital-sa\/wp-content\/uploads\/sites\/59\/2025\/09\/IMG_0057.jpeg 1170w\" sizes=\"auto, (max-width: 263px) 100vw, 263px\" \/><\/p>\n<p>Al\u00e9m de m\u00fasica, o evento ainda vai contar com proje\u00e7\u00f5es audiovisuais e exposi\u00e7\u00f5es de arte visual.<\/p>\n<p class=\"p1\"><span class=\"s1\">\u201cEsse pr\u00e9dio, abandonado h\u00e1 quase duas d\u00e9cadas, vai dar luz \u00e0 arte na Asa Norte e ao Distrito Federal como um todo. E esse evento vai ser um aperitivo de tudo que est\u00e1 por vir quando o Centro Cultural estiver inaugurado. Um espa\u00e7o de acesso gratuito, de verdadeira promo\u00e7\u00e3o art\u00edstica\u201d, afirma o presidente do Sistema Fecom\u00e9rcio-DF, Jos\u00e9 Aparecido Freire.<\/span><\/p>\n<p><img loading=\"lazy\" decoding=\"async\" class=\"aligncenter size-medium wp-image-20641\" src=\"https:\/\/blogs.correiobraziliense.com.br\/capital-sa\/wp-content\/uploads\/sites\/59\/2025\/09\/IMG_0076-300x230.jpeg\" alt=\"\" width=\"300\" height=\"230\" srcset=\"https:\/\/blogs.correiobraziliense.com.br\/capital-sa\/wp-content\/uploads\/sites\/59\/2025\/09\/IMG_0076-300x230.jpeg 300w, https:\/\/blogs.correiobraziliense.com.br\/capital-sa\/wp-content\/uploads\/sites\/59\/2025\/09\/IMG_0076-550x422.jpeg 550w, https:\/\/blogs.correiobraziliense.com.br\/capital-sa\/wp-content\/uploads\/sites\/59\/2025\/09\/IMG_0076-230x177.jpeg 230w, https:\/\/blogs.correiobraziliense.com.br\/capital-sa\/wp-content\/uploads\/sites\/59\/2025\/09\/IMG_0076.jpeg 718w\" sizes=\"auto, (max-width: 300px) 100vw, 300px\" \/><\/p>\n<p>&nbsp;<\/p>\n<p class=\"p1\"><span class=\"s1\">O pr\u00e9dio estava em nome da Macife S.A e l\u00e1 funcionava\u00a0<\/span>a central de processamento de dados da Caixa Econ\u00f4mica. O investimento ser\u00e1 de R$ 150 milh\u00f5es para tornar o espa\u00e7o um centro cultural. A previs\u00e3o de inaugura\u00e7\u00e3o \u00e9 setembro de 2028.<\/p>\n<p><strong><em>Acompanhe a Capital S\/A na TV Bras\u00edlia todas as ter\u00e7as e quintas-feiras, 18h10 no JL ao vivo.<\/em><\/strong><\/p>\n<p><iframe loading=\"lazy\" title=\"PROGRAMA SESC MESA BRASIL BATE RECORDE DE ARRECADA\u00c7\u00c3O DE ALIMENTOS NA AM\u00c9RICA LATINA\" width=\"1440\" height=\"810\" src=\"https:\/\/www.youtube.com\/embed\/nAdH0AKiuzs?feature=oembed\" frameborder=\"0\" allow=\"accelerometer; autoplay; clipboard-write; encrypted-media; gyroscope; picture-in-picture; web-share\" referrerpolicy=\"strict-origin-when-cross-origin\" allowfullscreen><\/iframe><\/p>\n","protected":false},"excerpt":{"rendered":"<p>O investimento ser\u00e1 de R$ 150 milh\u00f5es, e a inaugura\u00e7\u00e3o est\u00e1 prevista para setembro de 2028 Por SAMANTA SALLUM Com tema \u201cO Futuro \u00e9 Hoje\u201d, ser\u00e1 realizada, no pr\u00f3ximo final de semana, a apresenta\u00e7\u00e3o do projeto conceitual e arquitet\u00f4nico do novo Centro Cultural do Sesc. A primeira unidade totalmente dedicada \u00e0 arte, cultura e tecnologia ser\u00e1 na 511 Norte. Hamilton [&hellip;]<\/p>\n","protected":false},"author":125,"featured_media":20638,"comment_status":"open","ping_status":"open","sticky":false,"template":"","format":"standard","meta":{"footnotes":""},"categories":[6],"tags":[181,3194,3197,3196,574,734,3195,1040,2414,33],"class_list":["post-20633","post","type-post","status-publish","format-standard","has-post-thumbnail","hentry","category-coluna-capital-s-a","tag-arte","tag-centrocultural","tag-claricefalcao","tag-criolo","tag-cultura","tag-fecomercio-df","tag-hamiltondeholanda","tag-joseaparecidofreire","tag-sesc-df","tag-tecnologia"],"_links":{"self":[{"href":"https:\/\/blogs.correiobraziliense.com.br\/capital-sa\/wp-json\/wp\/v2\/posts\/20633","targetHints":{"allow":["GET"]}}],"collection":[{"href":"https:\/\/blogs.correiobraziliense.com.br\/capital-sa\/wp-json\/wp\/v2\/posts"}],"about":[{"href":"https:\/\/blogs.correiobraziliense.com.br\/capital-sa\/wp-json\/wp\/v2\/types\/post"}],"author":[{"embeddable":true,"href":"https:\/\/blogs.correiobraziliense.com.br\/capital-sa\/wp-json\/wp\/v2\/users\/125"}],"replies":[{"embeddable":true,"href":"https:\/\/blogs.correiobraziliense.com.br\/capital-sa\/wp-json\/wp\/v2\/comments?post=20633"}],"version-history":[{"count":15,"href":"https:\/\/blogs.correiobraziliense.com.br\/capital-sa\/wp-json\/wp\/v2\/posts\/20633\/revisions"}],"predecessor-version":[{"id":20677,"href":"https:\/\/blogs.correiobraziliense.com.br\/capital-sa\/wp-json\/wp\/v2\/posts\/20633\/revisions\/20677"}],"wp:featuredmedia":[{"embeddable":true,"href":"https:\/\/blogs.correiobraziliense.com.br\/capital-sa\/wp-json\/wp\/v2\/media\/20638"}],"wp:attachment":[{"href":"https:\/\/blogs.correiobraziliense.com.br\/capital-sa\/wp-json\/wp\/v2\/media?parent=20633"}],"wp:term":[{"taxonomy":"category","embeddable":true,"href":"https:\/\/blogs.correiobraziliense.com.br\/capital-sa\/wp-json\/wp\/v2\/categories?post=20633"},{"taxonomy":"post_tag","embeddable":true,"href":"https:\/\/blogs.correiobraziliense.com.br\/capital-sa\/wp-json\/wp\/v2\/tags?post=20633"}],"curies":[{"name":"wp","href":"https:\/\/api.w.org\/{rel}","templated":true}]}}