{"id":20604,"date":"2025-09-17T20:51:04","date_gmt":"2025-09-17T23:51:04","guid":{"rendered":"https:\/\/blogs.correiobraziliense.com.br\/capital-sa\/?p=20604"},"modified":"2025-09-18T23:40:39","modified_gmt":"2025-09-19T02:40:39","slug":"juros-cni-e-cnc-reagem-a-decisao-do-banco-central","status":"publish","type":"post","link":"https:\/\/blogs.correiobraziliense.com.br\/capital-sa\/2025\/09\/17\/juros-cni-e-cnc-reagem-a-decisao-do-banco-central\/","title":{"rendered":"Juros: CNI e CNC reagem \u00e0 decis\u00e3o do Banco Central"},"content":{"rendered":"<p class=\"p1\"><strong>Por SAMANTA SALLUM\u00a0<\/strong><\/p>\n<p class=\"p1\"><span class=\"s1\">\u201cSufoco para ind\u00fastria\u201d e \u201ceconomia travada\u201d. As confedera\u00e7\u00f5es da ind\u00fastria e do com\u00e9rcio criticaram simultaneamente a decis\u00e3o do Banco Central de manter a Selic em 15% ao ano.\u00a0<\/span><span class=\"s1\">\u201cA manuten\u00e7\u00e3o de taxa de juros estratosf\u00e9rica \u00e9 injustificada\u201d, afirmou a CNI.<\/span><\/p>\n<p>Os presidentes das duas entidades empresariais manifestaram-se no in\u00edcio da noite em rela\u00e7\u00e3o ao resultado da reuni\u00e3o do Copom.<\/p>\n<p class=\"p1\"><span class=\"s1\">\u201cN\u00e3o existe crescimento sustent\u00e1vel com juros estratosf\u00e9ricos. N\u00e3o existe inova\u00e7\u00e3o, reindustrializa\u00e7\u00e3o, cr\u00e9dito\u00a0<\/span>acess\u00edvel. O que existe \u00e9 a paralisia nos investimentos produtivos com sequelas para toda a sociedade. J\u00e1 passou do momento de uma pol\u00edtica monet\u00e1ria mais favor\u00e1vel. Afinal, por que correr o risco de fazer investimento produtivo se \u00e9 poss\u00edvel obter, sem esfor\u00e7o, um rendimento real de 10% ao ano aplicando no mercado financeiro?\u201d, questionou o presidente da CNI, Ricardo Alban.<\/p>\n<p class=\"p1\"><span class=\"s1\">\u201cO Brasil precisa de um ambiente de neg\u00f3cios mais favor\u00e1vel, que incentive o consumo e o investimento. Juros persistentemente altos dificultam o crescimento e travam a gera\u00e7\u00e3o de empregos\u201d, refor\u00e7ou<span class=\"Apple-converted-space\">\u00a0<\/span>o presidente do Sistema CNC-Sesc-Senac, Jos\u00e9 Roberto Tadros.<\/span><\/p>\n<p><strong><em>Acompanhe a Capital S\/A na TV Bras\u00edlia todas as ter\u00e7as e quintas-feiras, 18h10 no JL ao vivo.<\/em><\/strong><\/p>\n<p><iframe loading=\"lazy\" title=\"N\u00daMERO DE FAM\u00cdLIAS ENDIVIDADAS NO DF CRESCE PELO SEXTO M\u00caS CONSECUTIVO | CAPITAL S\/A\" width=\"1440\" height=\"810\" src=\"https:\/\/www.youtube.com\/embed\/cYyuZaoL-vY?feature=oembed\" frameborder=\"0\" allow=\"accelerometer; autoplay; clipboard-write; encrypted-media; gyroscope; picture-in-picture; web-share\" referrerpolicy=\"strict-origin-when-cross-origin\" allowfullscreen><\/iframe><\/p>\n","protected":false},"excerpt":{"rendered":"<p>Por SAMANTA SALLUM\u00a0 \u201cSufoco para ind\u00fastria\u201d e \u201ceconomia travada\u201d. As confedera\u00e7\u00f5es da ind\u00fastria e do com\u00e9rcio criticaram simultaneamente a decis\u00e3o do Banco Central de manter a Selic em 15% ao ano.\u00a0\u201cA manuten\u00e7\u00e3o de taxa de juros estratosf\u00e9rica \u00e9 injustificada\u201d, afirmou a CNI. Os presidentes das duas entidades empresariais manifestaram-se no in\u00edcio da noite em rela\u00e7\u00e3o ao resultado da reuni\u00e3o do [&hellip;]<\/p>\n","protected":false},"author":125,"featured_media":20609,"comment_status":"open","ping_status":"open","sticky":false,"template":"","format":"standard","meta":{"footnotes":""},"categories":[6],"tags":[1831,2293,275,336,2269,276,654,307,1829,2005,2270,156,2632,2988,64,10,60,62],"class_list":["post-20604","post","type-post","status-publish","format-standard","has-post-thumbnail","hentry","category-coluna-capital-s-a","tag-bancocentral","tag-bc","tag-cnc","tag-consumo","tag-copom","tag-economia","tag-investimento","tag-joserobertotadros","tag-juros","tag-ricardoalban","tag-selic","tag-senac","tag-taxadejuros","tag-taxaselic","tag-cni","tag-comercio","tag-industria","tag-sesc"],"_links":{"self":[{"href":"https:\/\/blogs.correiobraziliense.com.br\/capital-sa\/wp-json\/wp\/v2\/posts\/20604","targetHints":{"allow":["GET"]}}],"collection":[{"href":"https:\/\/blogs.correiobraziliense.com.br\/capital-sa\/wp-json\/wp\/v2\/posts"}],"about":[{"href":"https:\/\/blogs.correiobraziliense.com.br\/capital-sa\/wp-json\/wp\/v2\/types\/post"}],"author":[{"embeddable":true,"href":"https:\/\/blogs.correiobraziliense.com.br\/capital-sa\/wp-json\/wp\/v2\/users\/125"}],"replies":[{"embeddable":true,"href":"https:\/\/blogs.correiobraziliense.com.br\/capital-sa\/wp-json\/wp\/v2\/comments?post=20604"}],"version-history":[{"count":8,"href":"https:\/\/blogs.correiobraziliense.com.br\/capital-sa\/wp-json\/wp\/v2\/posts\/20604\/revisions"}],"predecessor-version":[{"id":20613,"href":"https:\/\/blogs.correiobraziliense.com.br\/capital-sa\/wp-json\/wp\/v2\/posts\/20604\/revisions\/20613"}],"wp:featuredmedia":[{"embeddable":true,"href":"https:\/\/blogs.correiobraziliense.com.br\/capital-sa\/wp-json\/wp\/v2\/media\/20609"}],"wp:attachment":[{"href":"https:\/\/blogs.correiobraziliense.com.br\/capital-sa\/wp-json\/wp\/v2\/media?parent=20604"}],"wp:term":[{"taxonomy":"category","embeddable":true,"href":"https:\/\/blogs.correiobraziliense.com.br\/capital-sa\/wp-json\/wp\/v2\/categories?post=20604"},{"taxonomy":"post_tag","embeddable":true,"href":"https:\/\/blogs.correiobraziliense.com.br\/capital-sa\/wp-json\/wp\/v2\/tags?post=20604"}],"curies":[{"name":"wp","href":"https:\/\/api.w.org\/{rel}","templated":true}]}}