{"id":20581,"date":"2025-09-17T00:07:33","date_gmt":"2025-09-17T03:07:33","guid":{"rendered":"https:\/\/blogs.correiobraziliense.com.br\/capital-sa\/?p=20581"},"modified":"2025-09-18T23:41:39","modified_gmt":"2025-09-19T02:41:39","slug":"ibaneis-e-republicanos-mobilizam-apoio-a-gustavo-rocha-para-vaga-de-vice-de-celina","status":"publish","type":"post","link":"https:\/\/blogs.correiobraziliense.com.br\/capital-sa\/2025\/09\/17\/ibaneis-e-republicanos-mobilizam-apoio-a-gustavo-rocha-para-vaga-de-vice-de-celina\/","title":{"rendered":"Ibaneis e Republicanos mobilizam apoio a Gustavo Rocha para vice de Celina"},"content":{"rendered":"<p class=\"p1\"><em>Com a presen\u00e7a de lideran\u00e7as nacionais do Republicanos e do PP, evento de filia\u00e7\u00e3o partid\u00e1ria do secret\u00e1rio da Casa Civil do DF ensaia forma\u00e7\u00e3o de alian\u00e7a. Cresce <\/em><em>a cota\u00e7\u00e3o de Gustavo Rocha, um dos mais importantes assessores de Ibaneis (MDB), para a chapa majorit\u00e1ria ao GDF, em 2026<\/em><\/p>\n<p class=\"p1\"><strong><span class=\"s1\">Por Samanta Sallum e Carlos Silva <\/span><\/strong><\/p>\n<p class=\"p1\"><span class=\"s1\">O governador do Distrito Federal, Ibaneis Rocha (MDB), durante evento de filia\u00e7\u00e3o do secret\u00e1rio da Casa Civil do GDF, Gustavo Rocha, ao Republicanos, afirmou apoio para que seja o candidato a vice-governador numa chapa com Celina Le\u00e3o (PP), em 2026. E refor\u00e7ou o movimento de constru\u00e7\u00e3o para a indica\u00e7\u00e3o oficial do Republicanos ao nome de Gustavo Rocha.<\/span><\/p>\n<p class=\"p1\"><span class=\"s1\">\u201cDesde 2018, o Republicanos nunca me faltou, sempre fez parte do meu governo desde 1\u00ba de janeiro de 2019. \u00a0E queremos chegar juntos ao governo do DF <\/span><span class=\"s1\">com a indica\u00e7\u00e3o do presidente Marcos (Marcos Pereira, presidente nacional do Republicanos) ao nome de\u00a0<\/span>Gustavo (Rocha) para nosso vice-governador. Ent\u00e3o, isso \u00e9 uma alian\u00e7a que se consolida para que a gente possa levar adiante esse trabalho\u201d, disse Ibaneis no final do evento, na noite de ter\u00e7a-feira.<\/p>\n<p class=\"p1\">Gustavo Rocha demonstrou empolga\u00e7\u00e3o com a entrada no Republicanos, mas foi reservado quanto a sua poss\u00edvel indica\u00e7\u00e3o para vice de Celina.<\/p>\n<blockquote>\n<p class=\"p1\">\u201cNunca tive filia\u00e7\u00e3o pol\u00edtico-partid\u00e1ria. Eu atuo na pol\u00edtica h\u00e1 muito tempo, mas nunca tive filia\u00e7\u00e3o e estou tendo a alegria de assinar minha ficha no Republicanos. O primeiro partido de que estou fazendo parte e, se Deus quiser, ser\u00e1 o primeiro e \u00fanico do qual eu farei parte na minha vida pol\u00edtica. Obrigado pelo acolhimento e vamos seguir juntos !\u201d, declarou no evento.<\/p>\n<\/blockquote>\n<p>A atual vice-governadora do DF n\u00e3o confirmou nem desmentiu a possibilidade de Gustavo Rocha estar na chapa com ela nas elei\u00e7\u00f5es de 2026. Ao ser perguntada, fez elogios ao secret\u00e1rio chefe da Casa Civil. \u201cTive a oportunidade de conhec\u00ea-lo melhor naqueles dias dif\u00edceis do per\u00edodo de interven\u00e7\u00e3o, quando estive 66 dias como governadora. Mostrou ser uma pessoa de confian\u00e7a. \u00c9 um homem s\u00e9rio, discreto, que fala pouco e trabalha muito\u201d.<\/p>\n<p class=\"p1\"><span class=\"s1\">O ato de filia\u00e7\u00e3o teve a presen\u00e7a da vice-governadora\u00a0<\/span><span class=\"s1\">Celina Le\u00e3o, do presidente nacional do Republicanos, Marcos Pereira; do presidente nacional do PP, Arthur Lira; de parlamentares e de integrantes do GDF. Foi bastante prestigiado, sinalizando a import\u00e2ncia da entrada de Gustavo Rocha no Republicanos.<\/span><\/p>\n<p>&nbsp;<\/p>\n<p><img loading=\"lazy\" decoding=\"async\" class=\"aligncenter size-medium wp-image-20591\" src=\"https:\/\/blogs.correiobraziliense.com.br\/capital-sa\/wp-content\/uploads\/sites\/59\/2025\/09\/85e79ed4-fb81-47b7-8852-8c2857988a61-300x200.jpeg\" alt=\"\" width=\"300\" height=\"200\" srcset=\"https:\/\/blogs.correiobraziliense.com.br\/capital-sa\/wp-content\/uploads\/sites\/59\/2025\/09\/85e79ed4-fb81-47b7-8852-8c2857988a61-300x200.jpeg 300w, https:\/\/blogs.correiobraziliense.com.br\/capital-sa\/wp-content\/uploads\/sites\/59\/2025\/09\/85e79ed4-fb81-47b7-8852-8c2857988a61-768x512.jpeg 768w, https:\/\/blogs.correiobraziliense.com.br\/capital-sa\/wp-content\/uploads\/sites\/59\/2025\/09\/85e79ed4-fb81-47b7-8852-8c2857988a61-1024x683.jpeg 1024w, https:\/\/blogs.correiobraziliense.com.br\/capital-sa\/wp-content\/uploads\/sites\/59\/2025\/09\/85e79ed4-fb81-47b7-8852-8c2857988a61-800x534.jpeg 800w, https:\/\/blogs.correiobraziliense.com.br\/capital-sa\/wp-content\/uploads\/sites\/59\/2025\/09\/85e79ed4-fb81-47b7-8852-8c2857988a61-550x367.jpeg 550w, https:\/\/blogs.correiobraziliense.com.br\/capital-sa\/wp-content\/uploads\/sites\/59\/2025\/09\/85e79ed4-fb81-47b7-8852-8c2857988a61-230x153.jpeg 230w, https:\/\/blogs.correiobraziliense.com.br\/capital-sa\/wp-content\/uploads\/sites\/59\/2025\/09\/85e79ed4-fb81-47b7-8852-8c2857988a61.jpeg 1280w\" sizes=\"auto, (max-width: 300px) 100vw, 300px\" \/><\/p>\n<p><strong><em>Acompanhe a Capital S\/A na TV Bras\u00edlia todas as ter\u00e7as e quintas-feiras, 18h10 no JL ao vivo.<\/em><\/strong><\/p>\n<p><iframe loading=\"lazy\" title=\"N\u00daMERO DE FAM\u00cdLIAS ENDIVIDADAS NO DF CRESCE PELO SEXTO M\u00caS CONSECUTIVO | CAPITAL S\/A\" width=\"1440\" height=\"810\" src=\"https:\/\/www.youtube.com\/embed\/cYyuZaoL-vY?feature=oembed\" frameborder=\"0\" allow=\"accelerometer; autoplay; clipboard-write; encrypted-media; gyroscope; picture-in-picture; web-share\" referrerpolicy=\"strict-origin-when-cross-origin\" allowfullscreen><\/iframe><\/p>\n","protected":false},"excerpt":{"rendered":"<p>Com a presen\u00e7a de lideran\u00e7as nacionais do Republicanos e do PP, evento de filia\u00e7\u00e3o partid\u00e1ria do secret\u00e1rio da Casa Civil do DF ensaia forma\u00e7\u00e3o de alian\u00e7a. Cresce a cota\u00e7\u00e3o de Gustavo Rocha, um dos mais importantes assessores de Ibaneis (MDB), para a chapa majorit\u00e1ria ao GDF, em 2026 Por Samanta Sallum e Carlos Silva O governador do Distrito Federal, Ibaneis [&hellip;]<\/p>\n","protected":false},"author":125,"featured_media":20593,"comment_status":"open","ping_status":"open","sticky":false,"template":"","format":"standard","meta":{"footnotes":""},"categories":[6],"tags":[3192,2206,2726,1358,2580,3190,3191,203,2513,642,3188,2525,2916,3187],"class_list":["post-20581","post","type-post","status-publish","format-standard","has-post-thumbnail","hentry","category-coluna-capital-s-a","tag-aliancapartidaria","tag-arthurlira","tag-casacivil","tag-celinaleao","tag-eleicoes2026","tag-filiacao","tag-filiacaopartidaria","tag-gdf","tag-gustavorocha","tag-ibaneisrocha","tag-marcospereira","tag-mdb","tag-pp","tag-republicanos"],"_links":{"self":[{"href":"https:\/\/blogs.correiobraziliense.com.br\/capital-sa\/wp-json\/wp\/v2\/posts\/20581","targetHints":{"allow":["GET"]}}],"collection":[{"href":"https:\/\/blogs.correiobraziliense.com.br\/capital-sa\/wp-json\/wp\/v2\/posts"}],"about":[{"href":"https:\/\/blogs.correiobraziliense.com.br\/capital-sa\/wp-json\/wp\/v2\/types\/post"}],"author":[{"embeddable":true,"href":"https:\/\/blogs.correiobraziliense.com.br\/capital-sa\/wp-json\/wp\/v2\/users\/125"}],"replies":[{"embeddable":true,"href":"https:\/\/blogs.correiobraziliense.com.br\/capital-sa\/wp-json\/wp\/v2\/comments?post=20581"}],"version-history":[{"count":18,"href":"https:\/\/blogs.correiobraziliense.com.br\/capital-sa\/wp-json\/wp\/v2\/posts\/20581\/revisions"}],"predecessor-version":[{"id":20614,"href":"https:\/\/blogs.correiobraziliense.com.br\/capital-sa\/wp-json\/wp\/v2\/posts\/20581\/revisions\/20614"}],"wp:featuredmedia":[{"embeddable":true,"href":"https:\/\/blogs.correiobraziliense.com.br\/capital-sa\/wp-json\/wp\/v2\/media\/20593"}],"wp:attachment":[{"href":"https:\/\/blogs.correiobraziliense.com.br\/capital-sa\/wp-json\/wp\/v2\/media?parent=20581"}],"wp:term":[{"taxonomy":"category","embeddable":true,"href":"https:\/\/blogs.correiobraziliense.com.br\/capital-sa\/wp-json\/wp\/v2\/categories?post=20581"},{"taxonomy":"post_tag","embeddable":true,"href":"https:\/\/blogs.correiobraziliense.com.br\/capital-sa\/wp-json\/wp\/v2\/tags?post=20581"}],"curies":[{"name":"wp","href":"https:\/\/api.w.org\/{rel}","templated":true}]}}