{"id":20561,"date":"2025-09-15T17:15:55","date_gmt":"2025-09-15T20:15:55","guid":{"rendered":"https:\/\/blogs.correiobraziliense.com.br\/capital-sa\/?p=20561"},"modified":"2025-09-15T19:45:32","modified_gmt":"2025-09-15T22:45:32","slug":"servicos-batem-recorde-historico-e-projecao-no-pais-alta-em-2025","status":"publish","type":"post","link":"https:\/\/blogs.correiobraziliense.com.br\/capital-sa\/2025\/09\/15\/servicos-batem-recorde-historico-e-projecao-no-pais-alta-em-2025\/","title":{"rendered":"Servi\u00e7os batem recorde hist\u00f3rico e proje\u00e7\u00e3o no pa\u00eds alta em 2025"},"content":{"rendered":"<p><em>Embora o setor de servi\u00e7os esteja em alta, h\u00e1 preocupa\u00e7\u00e3o com os sinais de desacelera\u00e7\u00e3o em alguns segmentos sens\u00edveis aos juros, como transportes e turismo.<\/em><\/p>\n<p class=\"p1\"><strong>Por Samanta Sallum\u00a0<\/strong><\/p>\n<p class=\"p1\"><span class=\"s1\">A Pesquisa Mensal de Servi\u00e7os (PMS) apontou o crescimento de 0,3% em julho. Diante do novo resultado divulgado pelo IBGE na sexta-feira, o acumulado dos \u00faltimos 12 meses agora \u00e9 de 2,9%. Com o ajuste sazonal, a PMS registra, neste m\u00eas, o ponto mais alto da s\u00e9rie hist\u00f3rica. O saldo de julho, somado ao crescimento do PIB do segundo trimestre, refor\u00e7a o bom momento do setor, sustentado pelo desemprego em m\u00ednima hist\u00f3rica e pela maior renda das fam\u00edlias brasileiras. Diante do atual cen\u00e1rio, a Confedera\u00e7\u00e3o projeta avan\u00e7o de 0,2% para agosto e crescimento acumulado de 3,45% em 2025.<\/span><\/p>\n<p class=\"p1\">&#8220;Embora o setor de servi\u00e7os esteja em alta, nossa preocupa\u00e7\u00e3o \u00e9 com os sinais de desacelera\u00e7\u00e3o em alguns segmentos sens\u00edveis aos juros, como transportes e turismo. Esses movimentos indicam que, para manter a trajet\u00f3ria de crescimento, ser\u00e1 necess\u00e1rio garantir um ambiente econ\u00f4mico mais est\u00e1vel e previs\u00edvel\u201d, afirma o presidente do Sistema te CNC-Sesc-Senac, Jos\u00e9 Roberto Tadros.<\/p>\n<p class=\"p1\"><span class=\"s1\">Entre os cinco segmentos acompanhados, tr\u00eas registraram alta no m\u00eas. O destaque ficou com informa\u00e7\u00e3o e comunica\u00e7\u00e3o, que registrou o avan\u00e7o de 1%, confirmando a tend\u00eancia positiva j\u00e1 apontada no PIB do segundo trimestre.<br \/>\n<\/span><\/p>\n<p class=\"p1\"><span class=\"s1\">O pior desempenho foi o de transportes, servi\u00e7os auxiliares e correio, que recuou 0,6%, pressionado pela queda de 4% no transporte a\u00e9reo, ap\u00f3s cinco meses de alta.<\/span><\/p>\n<p><strong>Mais turistas estrangeiros\u00a0<\/strong><\/p>\n<p class=\"p1\"><span class=\"s1\">Apesar da retra\u00e7\u00e3o de 0,7% nas atividades tur\u00edsticas, o segmento opera 3,3% acima do patamar de julho de 2024 e acumula expans\u00e3o de 6,2% em 12 meses. O desempenho acompanha o recorde do primeiro semestre, uma vez que o Brasil recebeu mais de 5,3 milh\u00f5es de turistas estrangeiros, impulsionados, sobretudo, pelos visitantes da Argentina e do Chile.<\/span><\/p>\n<p class=\"p1\"><span class=\"s1\">Os n\u00fameros mostram que o turismo continua sendo um dos vetores mais din\u00e2micos dos servi\u00e7os. A entrada de mais de 5 milh\u00f5es de estrangeiros no primeiro semestre fortalece n\u00e3o apenas o setor, mas toda a cadeia de com\u00e9rcio e servi\u00e7os ligada ao consumo desses visitantes.<\/span><\/p>\n<p><strong><em>Acompanhe a Capital S\/A na TV Bras\u00edlia todas as ter\u00e7as e quintas-feiras, 18h10 no JL ao vivo. Confira os destaques da semana \ud83d\udc47<\/em><\/strong><\/p>\n<p><iframe loading=\"lazy\" title=\"PROGRAMA SESC MESA BRASIL BATE RECORDE DE ARRECADA\u00c7\u00c3O DE ALIMENTOS NA AM\u00c9RICA LATINA\" width=\"1440\" height=\"810\" src=\"https:\/\/www.youtube.com\/embed\/nAdH0AKiuzs?feature=oembed\" frameborder=\"0\" allow=\"accelerometer; autoplay; clipboard-write; encrypted-media; gyroscope; picture-in-picture; web-share\" referrerpolicy=\"strict-origin-when-cross-origin\" allowfullscreen><\/iframe><\/p>\n","protected":false},"excerpt":{"rendered":"<p>Embora o setor de servi\u00e7os esteja em alta, h\u00e1 preocupa\u00e7\u00e3o com os sinais de desacelera\u00e7\u00e3o em alguns segmentos sens\u00edveis aos juros, como transportes e turismo. Por Samanta Sallum\u00a0 A Pesquisa Mensal de Servi\u00e7os (PMS) apontou o crescimento de 0,3% em julho. Diante do novo resultado divulgado pelo IBGE na sexta-feira, o acumulado dos \u00faltimos 12 meses agora \u00e9 de 2,9%. [&hellip;]<\/p>\n","protected":false},"author":125,"featured_media":20564,"comment_status":"open","ping_status":"open","sticky":false,"template":"","format":"standard","meta":{"footnotes":""},"categories":[6],"tags":[275,3124,1465,408,276,144,1524,1205,307,3186,156,454,333,7,62,774],"class_list":["post-20561","post","type-post","status-publish","format-standard","has-post-thumbnail","hentry","category-coluna-capital-s-a","tag-cnc","tag-comunicacao","tag-correio","tag-crescimento","tag-economia","tag-empregabilidade","tag-ibge","tag-informacao","tag-joserobertotadros","tag-retracao","tag-senac","tag-servicos","tag-turismo","tag-pib","tag-sesc","tag-transporte"],"_links":{"self":[{"href":"https:\/\/blogs.correiobraziliense.com.br\/capital-sa\/wp-json\/wp\/v2\/posts\/20561","targetHints":{"allow":["GET"]}}],"collection":[{"href":"https:\/\/blogs.correiobraziliense.com.br\/capital-sa\/wp-json\/wp\/v2\/posts"}],"about":[{"href":"https:\/\/blogs.correiobraziliense.com.br\/capital-sa\/wp-json\/wp\/v2\/types\/post"}],"author":[{"embeddable":true,"href":"https:\/\/blogs.correiobraziliense.com.br\/capital-sa\/wp-json\/wp\/v2\/users\/125"}],"replies":[{"embeddable":true,"href":"https:\/\/blogs.correiobraziliense.com.br\/capital-sa\/wp-json\/wp\/v2\/comments?post=20561"}],"version-history":[{"count":6,"href":"https:\/\/blogs.correiobraziliense.com.br\/capital-sa\/wp-json\/wp\/v2\/posts\/20561\/revisions"}],"predecessor-version":[{"id":20570,"href":"https:\/\/blogs.correiobraziliense.com.br\/capital-sa\/wp-json\/wp\/v2\/posts\/20561\/revisions\/20570"}],"wp:featuredmedia":[{"embeddable":true,"href":"https:\/\/blogs.correiobraziliense.com.br\/capital-sa\/wp-json\/wp\/v2\/media\/20564"}],"wp:attachment":[{"href":"https:\/\/blogs.correiobraziliense.com.br\/capital-sa\/wp-json\/wp\/v2\/media?parent=20561"}],"wp:term":[{"taxonomy":"category","embeddable":true,"href":"https:\/\/blogs.correiobraziliense.com.br\/capital-sa\/wp-json\/wp\/v2\/categories?post=20561"},{"taxonomy":"post_tag","embeddable":true,"href":"https:\/\/blogs.correiobraziliense.com.br\/capital-sa\/wp-json\/wp\/v2\/tags?post=20561"}],"curies":[{"name":"wp","href":"https:\/\/api.w.org\/{rel}","templated":true}]}}