{"id":20545,"date":"2025-09-15T16:41:23","date_gmt":"2025-09-15T19:41:23","guid":{"rendered":"https:\/\/blogs.correiobraziliense.com.br\/capital-sa\/?p=20545"},"modified":"2025-09-15T19:39:50","modified_gmt":"2025-09-15T22:39:50","slug":"transformacao-digital-na-jornada-nacional-de-inovacao-industria-em-outubro-no-df","status":"publish","type":"post","link":"https:\/\/blogs.correiobraziliense.com.br\/capital-sa\/2025\/09\/15\/transformacao-digital-na-jornada-nacional-de-inovacao-industria-em-outubro-no-df\/","title":{"rendered":"Transforma\u00e7\u00e3o digital na jornada de inova\u00e7\u00e3o da ind\u00fastria no DF"},"content":{"rendered":"<p><strong><br \/>\nColuna Capital S\/A de 15 de setembro\u00a0<\/strong><br \/>\n<strong>Por SAMANTA SALLUM\u00a0<\/strong><\/p>\n<p>Conectar e dar voz a ideias que embasam transforma\u00e7\u00f5es ecol\u00f3gicas e digitais \u00e9 o objetivo da Jornada Nacional de Inova\u00e7\u00e3o da Ind\u00fastria, que teve in\u00edcio em julho e percorrer\u00e1 as 27 unidades da Federa\u00e7\u00e3o mapeando as melhores pr\u00e1ticas e solu\u00e7\u00f5es sustent\u00e1veis.\u00a0No Distrito Federal, o encontro, correalizado pelo Sistema Fibra, ser\u00e1 em 14 de outubro, no Parque Tecnol\u00f3gico de Bras\u00edlia \u2014 BioTIC, com entrada gratuita.<\/p>\n<p>A a\u00e7\u00e3o \u00e9 uma realiza\u00e7\u00e3o da Confedera\u00e7\u00e3o Nacional da Ind\u00fastria (CNI) e do Servi\u00e7o Brasileiro de Apoio \u00e0s Micro e Pequenas Empresas (Sebrae). \u00a0A jornada em Bras\u00edlia ter\u00e1 a Funda\u00e7\u00e3o de Apoio \u00e0 Pesquisa do Distrito Federal (FAPDF) como apoiadora e a Biotic S.A. e o Ecossistema Local de Inova\u00e7\u00e3o (ELI) como parceiros.<\/p>\n<p>&#8220;O diferencial do movimento est\u00e1 na capacidade de mapear e articular, de forma integrada e colaborativa, os diversos atores do ecossistema em cada territ\u00f3rio, conectando desafios reais da ind\u00fastria a solu\u00e7\u00f5es concretas&#8221;, explica o diretor de Desenvolvimento Industrial, Tecnologia e Inova\u00e7\u00e3o da CNI, Jefferson Gomes.<\/p>\n<p><img loading=\"lazy\" decoding=\"async\" class=\"aligncenter size-medium wp-image-20554\" src=\"https:\/\/blogs.correiobraziliense.com.br\/capital-sa\/wp-content\/uploads\/sites\/59\/2025\/09\/28cb2ad9-f9ad-4bb4-ae97-61723a382b27-267x300.jpeg\" alt=\"\" width=\"267\" height=\"300\" srcset=\"https:\/\/blogs.correiobraziliense.com.br\/capital-sa\/wp-content\/uploads\/sites\/59\/2025\/09\/28cb2ad9-f9ad-4bb4-ae97-61723a382b27-267x300.jpeg 267w, https:\/\/blogs.correiobraziliense.com.br\/capital-sa\/wp-content\/uploads\/sites\/59\/2025\/09\/28cb2ad9-f9ad-4bb4-ae97-61723a382b27-550x619.jpeg 550w, https:\/\/blogs.correiobraziliense.com.br\/capital-sa\/wp-content\/uploads\/sites\/59\/2025\/09\/28cb2ad9-f9ad-4bb4-ae97-61723a382b27-230x259.jpeg 230w, https:\/\/blogs.correiobraziliense.com.br\/capital-sa\/wp-content\/uploads\/sites\/59\/2025\/09\/28cb2ad9-f9ad-4bb4-ae97-61723a382b27.jpeg 570w\" sizes=\"auto, (max-width: 267px) 100vw, 267px\" \/><\/p>\n<p><em>Descarboniza\u00e7\u00e3o e transforma\u00e7\u00e3o digital<\/em><\/p>\n<p>A programa\u00e7\u00e3o inclui cinco salas tem\u00e1ticas, voltadas para empres\u00e1rios e representantes da academia, nas quais ser\u00e3o debatidos desafios, oportunidades e poss\u00edveis pol\u00edticas p\u00fablicas:<\/p>\n<p>\u00bb Ind\u00fastria Sustent\u00e1vel: Descarboniza\u00e7\u00e3o, Transi\u00e7\u00e3o Energ\u00e9tica e Economia Circular<br \/>\n\u00bb Transforma\u00e7\u00e3o Digital: Intelig\u00eancia Artificial, Big Data, Dados e Iot<\/p>\n<p>Ecossistema de Inova\u00e7\u00e3o: Empreendedorismo e Startups de Impacto<\/p>\n<p>\u00bb Futuro do Trabalho: Qualifica\u00e7\u00e3o Profissional<br \/>\n\u00bb Fomento \u00e0 Inova\u00e7\u00e3o: Marcos Legais, Incentivos Fiscais e Articula\u00e7\u00e3o P\u00fablico-Privada<\/p>\n<p><strong>Na Hora do Exportador nesta ter\u00e7a-feira\u00a0<\/strong><\/p>\n<p>Ser\u00e1 realizado, amanh\u00e3, o evento Na Hora do Exportador, organizado pela Fibra em parceria com o Minist\u00e9rio da Agricultura e Pecu\u00e1ria (Mapa). A iniciativa reunir\u00e1 as empresas participantes do programa e outras interessadas em se preparar para o mercado externo. A ABDI participa oferecendo atendimento especializado. O encontro acontece das 14h \u00e0s 17h, no Parque Tecnol\u00f3gico de Bras\u00edlia, com entrada gratuita e inscri\u00e7\u00f5es pelo link: https:\/\/bit.ly\/3HD5vnf<br \/>\n.<br \/>\n<em>Parceria apoia empresas locais a acessar o mercado internacional<\/em><\/p>\n<p>Caf\u00e9, p\u00e3o de queijo, cacha\u00e7a, malte, mel, vinho e at\u00e9 coxinha produzidos no Distrito Federal est\u00e3o a caminho do mercado internacional. A Ag\u00eancia Brasileira de Desenvolvimento Industrial (ABDI), em parceria com a Federa\u00e7\u00e3o das Ind\u00fastrias do DF (Fibra), est\u00e1 preparando 15 empresas locais dos setores de alimentos, bebidas e gr\u00e3os para torn\u00e1-las mais competitivas e aptas a disputar mercados externos. A iniciativa integra o Jornada da Produtividade, programa da ABDI que comp\u00f5e o Exporta-DF 2025 \u2014 Sabores da Capital, da Fibra.<\/p>\n<p><strong><em>Acompanhe a Capital S\/A na TV Bras\u00edlia todas as ter\u00e7as e quintas-feiras, 18h10 no JL ao vivo. Confira os destaques da semana \ud83d\udc47<\/em><\/strong><\/p>\n<p><iframe loading=\"lazy\" title=\"PROGRAMA SESC MESA BRASIL BATE RECORDE DE ARRECADA\u00c7\u00c3O DE ALIMENTOS NA AM\u00c9RICA LATINA\" width=\"1440\" height=\"810\" src=\"https:\/\/www.youtube.com\/embed\/nAdH0AKiuzs?feature=oembed\" frameborder=\"0\" allow=\"accelerometer; autoplay; clipboard-write; encrypted-media; gyroscope; picture-in-picture; web-share\" referrerpolicy=\"strict-origin-when-cross-origin\" allowfullscreen><\/iframe><\/p>\n<p>&nbsp;<\/p>\n<p>&nbsp;<\/p>\n","protected":false},"excerpt":{"rendered":"<p>Coluna Capital S\/A de 15 de setembro\u00a0 Por SAMANTA SALLUM\u00a0 Conectar e dar voz a ideias que embasam transforma\u00e7\u00f5es ecol\u00f3gicas e digitais \u00e9 o objetivo da Jornada Nacional de Inova\u00e7\u00e3o da Ind\u00fastria, que teve in\u00edcio em julho e percorrer\u00e1 as 27 unidades da Federa\u00e7\u00e3o mapeando as melhores pr\u00e1ticas e solu\u00e7\u00f5es sustent\u00e1veis.\u00a0No Distrito Federal, o encontro, correalizado pelo Sistema Fibra, ser\u00e1 [&hellip;]<\/p>\n","protected":false},"author":125,"featured_media":20552,"comment_status":"open","ping_status":"open","sticky":false,"template":"","format":"standard","meta":{"footnotes":""},"categories":[6],"tags":[2230,1157,2108,3177,2731,518,351,1104,3184,2542,326,2331,2720,3185,64,71,60,50,33],"class_list":["post-20545","post","type-post","status-publish","format-standard","has-post-thumbnail","hentry","category-coluna-capital-s-a","tag-abdi","tag-agricultura","tag-descarbonizacao","tag-economiacircular","tag-empreendorismo","tag-exportacao","tag-inovacao","tag-inteligenciaartificial","tag-jeffersongomes","tag-pecuaria","tag-sustentabilidade","tag-transformacao","tag-transformacaodigital","tag-transicaoenergetica","tag-cni","tag-fibra","tag-industria","tag-sebrae","tag-tecnologia"],"_links":{"self":[{"href":"https:\/\/blogs.correiobraziliense.com.br\/capital-sa\/wp-json\/wp\/v2\/posts\/20545","targetHints":{"allow":["GET"]}}],"collection":[{"href":"https:\/\/blogs.correiobraziliense.com.br\/capital-sa\/wp-json\/wp\/v2\/posts"}],"about":[{"href":"https:\/\/blogs.correiobraziliense.com.br\/capital-sa\/wp-json\/wp\/v2\/types\/post"}],"author":[{"embeddable":true,"href":"https:\/\/blogs.correiobraziliense.com.br\/capital-sa\/wp-json\/wp\/v2\/users\/125"}],"replies":[{"embeddable":true,"href":"https:\/\/blogs.correiobraziliense.com.br\/capital-sa\/wp-json\/wp\/v2\/comments?post=20545"}],"version-history":[{"count":15,"href":"https:\/\/blogs.correiobraziliense.com.br\/capital-sa\/wp-json\/wp\/v2\/posts\/20545\/revisions"}],"predecessor-version":[{"id":20568,"href":"https:\/\/blogs.correiobraziliense.com.br\/capital-sa\/wp-json\/wp\/v2\/posts\/20545\/revisions\/20568"}],"wp:featuredmedia":[{"embeddable":true,"href":"https:\/\/blogs.correiobraziliense.com.br\/capital-sa\/wp-json\/wp\/v2\/media\/20552"}],"wp:attachment":[{"href":"https:\/\/blogs.correiobraziliense.com.br\/capital-sa\/wp-json\/wp\/v2\/media?parent=20545"}],"wp:term":[{"taxonomy":"category","embeddable":true,"href":"https:\/\/blogs.correiobraziliense.com.br\/capital-sa\/wp-json\/wp\/v2\/categories?post=20545"},{"taxonomy":"post_tag","embeddable":true,"href":"https:\/\/blogs.correiobraziliense.com.br\/capital-sa\/wp-json\/wp\/v2\/tags?post=20545"}],"curies":[{"name":"wp","href":"https:\/\/api.w.org\/{rel}","templated":true}]}}