{"id":20513,"date":"2025-09-11T11:52:36","date_gmt":"2025-09-11T14:52:36","guid":{"rendered":"https:\/\/blogs.correiobraziliense.com.br\/capital-sa\/?p=20513"},"modified":"2025-09-11T19:26:51","modified_gmt":"2025-09-11T22:26:51","slug":"pl-da-economia-circular-virou-monstro-legislativo-dizem-representantes-do-setor-produtivo","status":"publish","type":"post","link":"https:\/\/blogs.correiobraziliense.com.br\/capital-sa\/2025\/09\/11\/pl-da-economia-circular-virou-monstro-legislativo-dizem-representantes-do-setor-produtivo\/","title":{"rendered":"PL da Economia Circular virou &#8220;monstro legislativo&#8221;, dizem representantes do setor produtivo"},"content":{"rendered":"<p><em>\u00a0 \u00a0 \u00a0 \u201cA confian\u00e7a \u00e9 ato de f\u00e9, e esta dispensa racioc\u00ednio.\u201d Carlos Drummond de Andrade<\/em><br \/>\n<strong><br \/>\nColuna Capital S\/A de 11 de setembro<br \/>\nPor SAMANTA SALLUM\u00a0<\/strong><\/p>\n<p>A coaliz\u00e3o das frentes parlamentares que representam o setor produtivo brasileiro manifestou-se em forte oposi\u00e7\u00e3o ao substitutivo apresentado ao PL 3899\/2012. E declarou apoio ao PL 1874\/2022, que institui a Pol\u00edtica Nacional de Economia Circular &#8220;de forma equilibrada e fact\u00edvel.&#8221; Segundo o bloco de parlamentares, o projeto original foi completamente desvirtuado por um emaranhado regulat\u00f3rio que ignora a realidade econ\u00f4mica do pa\u00eds. &#8220;A apensa\u00e7\u00e3o de dezenas de outros projetos de lei, muitos deles alheios \u00e0 mat\u00e9ria principal, criou um monstro legislativo de mais de cem artigos que imp\u00f5e obriga\u00e7\u00f5es irrealistas e san\u00e7\u00f5es desproporcionais ao setor produtivo&#8221;, aponta a coaliza\u00e7\u00e3o.<\/p>\n<p><em>70 novas obriga\u00e7\u00f5es<\/em><\/p>\n<p>O substitutivo em quest\u00e3o estabelece mais de setenta novas obriga\u00e7\u00f5es, desde a elabora\u00e7\u00e3o compuls\u00f3ria de Planos de Circularidade e Gest\u00e3o Integrada de Res\u00edduos at\u00e9 a mudan\u00e7a obrigat\u00f3ria da matriz energ\u00e9tica das empresas, todas sujeitas a auditorias independentes. Multas de at\u00e9 4% do faturamento bruto, com teto de R$ 100 milh\u00f5es, apreens\u00e3o de produtos, suspens\u00e3o de atividades e cassa\u00e7\u00e3o de licen\u00e7as s\u00e3o algumas das penalidades previstas.<\/p>\n<p><em>Respeito \u00e0 capacidade empresarial<\/em><\/p>\n<p>O setor produtivo brasileiro afirma que est\u00e1 comprometido com a economia circular, mas pede que ocorra um per\u00edodo de transi\u00e7\u00e3o. &#8220;Que seja feita com di\u00e1logo, racionalidade e respeito \u00e0 capacidade empresarial, n\u00e3o atrav\u00e9s de regulamenta\u00e7\u00f5es burocr\u00e1ticas que s\u00f3 servir\u00e3o para afastar investimentos e dificultar a gera\u00e7\u00e3o de emprego e renda no pa\u00eds&#8221;, destaca o manifesto.<\/p>\n<p><strong>Bolsonaristas impulsionam Fux ao Trending Topics Brasil no X<\/strong><\/p>\n<p><img loading=\"lazy\" decoding=\"async\" class=\"aligncenter size-medium wp-image-20522\" src=\"https:\/\/blogs.correiobraziliense.com.br\/capital-sa\/wp-content\/uploads\/sites\/59\/2025\/09\/IMG_9503-300x190.jpeg\" alt=\"\" width=\"300\" height=\"190\" srcset=\"https:\/\/blogs.correiobraziliense.com.br\/capital-sa\/wp-content\/uploads\/sites\/59\/2025\/09\/IMG_9503-300x190.jpeg 300w, https:\/\/blogs.correiobraziliense.com.br\/capital-sa\/wp-content\/uploads\/sites\/59\/2025\/09\/IMG_9503-768x486.jpeg 768w, https:\/\/blogs.correiobraziliense.com.br\/capital-sa\/wp-content\/uploads\/sites\/59\/2025\/09\/IMG_9503-1024x649.jpeg 1024w, https:\/\/blogs.correiobraziliense.com.br\/capital-sa\/wp-content\/uploads\/sites\/59\/2025\/09\/IMG_9503-800x507.jpeg 800w, https:\/\/blogs.correiobraziliense.com.br\/capital-sa\/wp-content\/uploads\/sites\/59\/2025\/09\/IMG_9503-550x348.jpeg 550w, https:\/\/blogs.correiobraziliense.com.br\/capital-sa\/wp-content\/uploads\/sites\/59\/2025\/09\/IMG_9503-230x146.jpeg 230w, https:\/\/blogs.correiobraziliense.com.br\/capital-sa\/wp-content\/uploads\/sites\/59\/2025\/09\/IMG_9503.jpeg 1170w\" sizes=\"auto, (max-width: 300px) 100vw, 300px\" \/><\/p>\n<p>An\u00e1lise da Nexus feita com dados coletados at\u00e9 as 17h de ontem aponta que a tag &#8220;Luiz Fux&#8221;, que chegou a ocupar a 3\u00aa posi\u00e7\u00e3o dos TTs Brasil \u00e0s 10h30, fechou o dia em 4\u00ba lugar. &#8220;Somos todos Bolsonaro&#8221;, utilizada por apoiadores do ex-presidente, estava na 5\u00aa coloca\u00e7\u00e3o. Mas as redes est\u00e3o polarizadas. &#8220;Crimes de Bolsonaro&#8221;, impulsionada por cr\u00edticos ao pol\u00edtico, aparece na 6\u00aa posi\u00e7\u00e3o.<\/p>\n<p><strong>Curso cl\u00e1ssico do Senac, o de secretariado, \u00e9 o mais procurado\u00a0<\/strong><\/p>\n<p><img loading=\"lazy\" decoding=\"async\" class=\"aligncenter size-medium wp-image-20520\" src=\"https:\/\/blogs.correiobraziliense.com.br\/capital-sa\/wp-content\/uploads\/sites\/59\/2025\/09\/38d9311d-a1a3-4d8e-bf7f-1d25b0d797e4-300x200.jpeg\" alt=\"\" width=\"300\" height=\"200\" srcset=\"https:\/\/blogs.correiobraziliense.com.br\/capital-sa\/wp-content\/uploads\/sites\/59\/2025\/09\/38d9311d-a1a3-4d8e-bf7f-1d25b0d797e4-300x200.jpeg 300w, https:\/\/blogs.correiobraziliense.com.br\/capital-sa\/wp-content\/uploads\/sites\/59\/2025\/09\/38d9311d-a1a3-4d8e-bf7f-1d25b0d797e4-768x512.jpeg 768w, https:\/\/blogs.correiobraziliense.com.br\/capital-sa\/wp-content\/uploads\/sites\/59\/2025\/09\/38d9311d-a1a3-4d8e-bf7f-1d25b0d797e4-1024x683.jpeg 1024w, https:\/\/blogs.correiobraziliense.com.br\/capital-sa\/wp-content\/uploads\/sites\/59\/2025\/09\/38d9311d-a1a3-4d8e-bf7f-1d25b0d797e4-1440x960.jpeg 1440w, https:\/\/blogs.correiobraziliense.com.br\/capital-sa\/wp-content\/uploads\/sites\/59\/2025\/09\/38d9311d-a1a3-4d8e-bf7f-1d25b0d797e4-800x533.jpeg 800w, https:\/\/blogs.correiobraziliense.com.br\/capital-sa\/wp-content\/uploads\/sites\/59\/2025\/09\/38d9311d-a1a3-4d8e-bf7f-1d25b0d797e4-550x367.jpeg 550w, https:\/\/blogs.correiobraziliense.com.br\/capital-sa\/wp-content\/uploads\/sites\/59\/2025\/09\/38d9311d-a1a3-4d8e-bf7f-1d25b0d797e4-230x153.jpeg 230w\" sizes=\"auto, (max-width: 300px) 100vw, 300px\" \/><\/p>\n<p>Alunos do curso t\u00e9cnico de secretariado do Senac-DF participaram do evento do <strong>Correio Braziliense\u00a0<\/strong>sobre Educa\u00e7\u00e3o Profissional e o Mercado de Trabalho, na tarde de ter\u00e7a-feira. O curso \u00e9 o mais procurado. S\u00f3 em 2025, s\u00e3o 23 turmas, somando mais de 500 alunos. Trata-se de um mercado amplo e que segue aquecido, pois a demanda s\u00f3 aumenta. Cerca de 80% dos alunos terminam o curso com emprego. O diretor do Senac-DF, Vitor Corr\u00eaa, na foto, celebrou o sucesso do evento com os alunos no audit\u00f3rio do Correio.<\/p>\n<p><strong>CEB no Lide Brazil de Washington<\/strong><\/p>\n<p>O presidente da CEB, Edison Garcia (foto), participou, em Washington (EUA), da mesa de discuss\u00f5es entre integrantes do Lide Brazil Development Forum e do Milken Institute. O encontro reuniu lideran\u00e7as empresariais e pol\u00edticas do Brasil e dos Estados Unidos, entre elas Michael Piwowar, diretor s\u00eanior de Assuntos do Hemisf\u00e9rio Ocidental da Casa Branca, al\u00e9m de nomes como Richard Ditizio, CEO do Milken Institute, e Roberto Campos Neto, membro s\u00eanior do MI Institute e vice-presidente do conselho do Nubank.<\/p>\n<p><em>Energia e sustentabilidade<\/em><\/p>\n<p><img loading=\"lazy\" decoding=\"async\" class=\"aligncenter size-medium wp-image-20518\" src=\"https:\/\/blogs.correiobraziliense.com.br\/capital-sa\/wp-content\/uploads\/sites\/59\/2025\/09\/6c3d8eee-c31b-4060-887c-e6fc55393670-300x200.jpeg\" alt=\"\" width=\"300\" height=\"200\" srcset=\"https:\/\/blogs.correiobraziliense.com.br\/capital-sa\/wp-content\/uploads\/sites\/59\/2025\/09\/6c3d8eee-c31b-4060-887c-e6fc55393670-300x200.jpeg 300w, https:\/\/blogs.correiobraziliense.com.br\/capital-sa\/wp-content\/uploads\/sites\/59\/2025\/09\/6c3d8eee-c31b-4060-887c-e6fc55393670-768x512.jpeg 768w, https:\/\/blogs.correiobraziliense.com.br\/capital-sa\/wp-content\/uploads\/sites\/59\/2025\/09\/6c3d8eee-c31b-4060-887c-e6fc55393670-1024x683.jpeg 1024w, https:\/\/blogs.correiobraziliense.com.br\/capital-sa\/wp-content\/uploads\/sites\/59\/2025\/09\/6c3d8eee-c31b-4060-887c-e6fc55393670-1440x960.jpeg 1440w, https:\/\/blogs.correiobraziliense.com.br\/capital-sa\/wp-content\/uploads\/sites\/59\/2025\/09\/6c3d8eee-c31b-4060-887c-e6fc55393670-800x534.jpeg 800w, https:\/\/blogs.correiobraziliense.com.br\/capital-sa\/wp-content\/uploads\/sites\/59\/2025\/09\/6c3d8eee-c31b-4060-887c-e6fc55393670-550x367.jpeg 550w, https:\/\/blogs.correiobraziliense.com.br\/capital-sa\/wp-content\/uploads\/sites\/59\/2025\/09\/6c3d8eee-c31b-4060-887c-e6fc55393670-230x153.jpeg 230w, https:\/\/blogs.correiobraziliense.com.br\/capital-sa\/wp-content\/uploads\/sites\/59\/2025\/09\/6c3d8eee-c31b-4060-887c-e6fc55393670.jpeg 1600w\" sizes=\"auto, (max-width: 300px) 100vw, 300px\" \/><\/p>\n<p>Com um conselho formado por lideran\u00e7as de empresas que somam mais de US$ 30 trilh\u00f5es em valor de mercado, o Milken Institute tem forte atua\u00e7\u00e3o em pesquisas nas \u00e1reas de energia, meio ambiente, sa\u00fade e educa\u00e7\u00e3o. &#8220;Essa \u00e9 uma grande oportunidade para criar conex\u00f5es estrat\u00e9gicas com players do mercado internacional, al\u00e9m de aprofundar discuss\u00f5es importantes sobre energia e sustentabilidade, que est\u00e3o na pauta da agenda global&#8221;, destacou Garcia.<\/p>\n<p><strong><em>Sesi Lab inaugura Nutrir: artesanato e projeto social<\/em><\/strong><\/p>\n<p><img loading=\"lazy\" decoding=\"async\" class=\"size-medium wp-image-20519 alignleft\" src=\"https:\/\/blogs.correiobraziliense.com.br\/capital-sa\/wp-content\/uploads\/sites\/59\/2025\/09\/12cf29f7-6fe4-4189-9ddb-2189b6045adb-300x200.jpeg\" alt=\"\" width=\"300\" height=\"200\" srcset=\"https:\/\/blogs.correiobraziliense.com.br\/capital-sa\/wp-content\/uploads\/sites\/59\/2025\/09\/12cf29f7-6fe4-4189-9ddb-2189b6045adb-300x200.jpeg 300w, https:\/\/blogs.correiobraziliense.com.br\/capital-sa\/wp-content\/uploads\/sites\/59\/2025\/09\/12cf29f7-6fe4-4189-9ddb-2189b6045adb-768x512.jpeg 768w, https:\/\/blogs.correiobraziliense.com.br\/capital-sa\/wp-content\/uploads\/sites\/59\/2025\/09\/12cf29f7-6fe4-4189-9ddb-2189b6045adb-1024x683.jpeg 1024w, https:\/\/blogs.correiobraziliense.com.br\/capital-sa\/wp-content\/uploads\/sites\/59\/2025\/09\/12cf29f7-6fe4-4189-9ddb-2189b6045adb-1440x960.jpeg 1440w, https:\/\/blogs.correiobraziliense.com.br\/capital-sa\/wp-content\/uploads\/sites\/59\/2025\/09\/12cf29f7-6fe4-4189-9ddb-2189b6045adb-800x533.jpeg 800w, https:\/\/blogs.correiobraziliense.com.br\/capital-sa\/wp-content\/uploads\/sites\/59\/2025\/09\/12cf29f7-6fe4-4189-9ddb-2189b6045adb-550x367.jpeg 550w, https:\/\/blogs.correiobraziliense.com.br\/capital-sa\/wp-content\/uploads\/sites\/59\/2025\/09\/12cf29f7-6fe4-4189-9ddb-2189b6045adb-230x153.jpeg 230w\" sizes=\"auto, (max-width: 300px) 100vw, 300px\" \/><\/p>\n<p>&nbsp;<\/p>\n<p>&nbsp;<\/p>\n<p>&nbsp;<\/p>\n<p>&nbsp;<\/p>\n<p>&nbsp;<\/p>\n<p>&nbsp;<\/p>\n<p>A obra da artista brasiliense Daisy Barros \u00e9 a mais nova atra\u00e7\u00e3o do Sesi Lab. A tape\u00e7aria de croch\u00ea foi criada originalmente para o evento B20 Summit Brasil 2024, realizado pela Confedera\u00e7\u00e3o Nacional da Ind\u00fastria (CNI), e concebida em parceria com o Instituto Proeza, organiza\u00e7\u00e3o social do Recanto das Emas (DF) que forma e gera renda para mulheres por meio do artesanato. A pe\u00e7a \u2014 que mede cerca de 17m\u00b2 e est\u00e1 na Galeria Aprender Fazendo \u2014 exalta a flora brasileira com a representa\u00e7\u00e3o de frutos como tucum\u00e3 e guaran\u00e1. &#8220;A inten\u00e7\u00e3o dessa tape\u00e7aria \u00e9 reverenciar a riqueza dos biomas brasileiros. Cada fruto foi desenhado para representar nossa cultura, com os saberes da medicina tradicional e os sabores que encantam&#8221;, conta Daisy.<\/p>\n<p><strong><em>Acompanhe a Capital S\/A na TV Bras\u00edlia todas as ter\u00e7as e quintas-feiras, 18h10 no JL ao vivo.<\/em><\/strong><\/p>\n<p><iframe loading=\"lazy\" frameborder=\"0\" width=\"1440\" height=\"803\" src=\"https:\/\/geo.dailymotion.com\/player.html?video=x9pc3m4&#038;\" allowfullscreen allow=\"autoplay; fullscreen; picture-in-picture; web-share\"><\/iframe><\/p>\n","protected":false},"excerpt":{"rendered":"<p>\u00a0 \u00a0 \u00a0 \u201cA confian\u00e7a \u00e9 ato de f\u00e9, e esta dispensa racioc\u00ednio.\u201d Carlos Drummond de Andrade Coluna Capital S\/A de 11 de setembro Por SAMANTA SALLUM\u00a0 A coaliz\u00e3o das frentes parlamentares que representam o setor produtivo brasileiro manifestou-se em forte oposi\u00e7\u00e3o ao substitutivo apresentado ao PL 3899\/2012. E declarou apoio ao PL 1874\/2022, que institui a Pol\u00edtica Nacional de [&hellip;]<\/p>\n","protected":false},"author":125,"featured_media":20517,"comment_status":"open","ping_status":"open","sticky":false,"template":"","format":"standard","meta":{"footnotes":""},"categories":[6],"tags":[107,3179,276,3177,144,1513,3178,2160,1617,326,64],"class_list":["post-20513","post","type-post","status-publish","format-standard","has-post-thumbnail","hentry","category-coluna-capital-s-a","tag-ceb","tag-daisybarros","tag-economia","tag-economiacircular","tag-empregabilidade","tag-energia","tag-secretariado","tag-senac-df","tag-sesilab","tag-sustentabilidade","tag-cni"],"_links":{"self":[{"href":"https:\/\/blogs.correiobraziliense.com.br\/capital-sa\/wp-json\/wp\/v2\/posts\/20513","targetHints":{"allow":["GET"]}}],"collection":[{"href":"https:\/\/blogs.correiobraziliense.com.br\/capital-sa\/wp-json\/wp\/v2\/posts"}],"about":[{"href":"https:\/\/blogs.correiobraziliense.com.br\/capital-sa\/wp-json\/wp\/v2\/types\/post"}],"author":[{"embeddable":true,"href":"https:\/\/blogs.correiobraziliense.com.br\/capital-sa\/wp-json\/wp\/v2\/users\/125"}],"replies":[{"embeddable":true,"href":"https:\/\/blogs.correiobraziliense.com.br\/capital-sa\/wp-json\/wp\/v2\/comments?post=20513"}],"version-history":[{"count":11,"href":"https:\/\/blogs.correiobraziliense.com.br\/capital-sa\/wp-json\/wp\/v2\/posts\/20513\/revisions"}],"predecessor-version":[{"id":20529,"href":"https:\/\/blogs.correiobraziliense.com.br\/capital-sa\/wp-json\/wp\/v2\/posts\/20513\/revisions\/20529"}],"wp:featuredmedia":[{"embeddable":true,"href":"https:\/\/blogs.correiobraziliense.com.br\/capital-sa\/wp-json\/wp\/v2\/media\/20517"}],"wp:attachment":[{"href":"https:\/\/blogs.correiobraziliense.com.br\/capital-sa\/wp-json\/wp\/v2\/media?parent=20513"}],"wp:term":[{"taxonomy":"category","embeddable":true,"href":"https:\/\/blogs.correiobraziliense.com.br\/capital-sa\/wp-json\/wp\/v2\/categories?post=20513"},{"taxonomy":"post_tag","embeddable":true,"href":"https:\/\/blogs.correiobraziliense.com.br\/capital-sa\/wp-json\/wp\/v2\/tags?post=20513"}],"curies":[{"name":"wp","href":"https:\/\/api.w.org\/{rel}","templated":true}]}}