{"id":20498,"date":"2025-09-10T14:16:13","date_gmt":"2025-09-10T17:16:13","guid":{"rendered":"https:\/\/blogs.correiobraziliense.com.br\/capital-sa\/?p=20498"},"modified":"2025-09-10T15:30:23","modified_gmt":"2025-09-10T18:30:23","slug":"numero-de-familias-endividadas-no-df-cresce-pelo-6o-mes-consecutivo","status":"publish","type":"post","link":"https:\/\/blogs.correiobraziliense.com.br\/capital-sa\/2025\/09\/10\/numero-de-familias-endividadas-no-df-cresce-pelo-6o-mes-consecutivo\/","title":{"rendered":"N\u00famero de fam\u00edlias endividadas no DF cresce pelo sexto m\u00eas consecutivo"},"content":{"rendered":"<p class=\"p2\"><span class=\"s1\">&#8220;<em>Quando os ventos de mudan\u00e7a sopram,\u00a0<\/em><\/span><span class=\"s1\"><em>umas pessoas levantam barreiras, outras \u00a0constroem moinhos de vento\u201d, \u00c9rico Ver\u00edssimo\u00a0<\/em><\/span><\/p>\n<p class=\"p1\"><strong>Coluna Capital S\/A de 10\/09<\/strong><\/p>\n<p><strong>Por SAMANTA SALLUM\u00a0<\/strong><\/p>\n<p class=\"p2\"><span class=\"s2\">Devo, n\u00e3o nego. Pago quando puder. Essa \u00e9 bem a situa\u00e7\u00e3o de milhares de brasilienses. O percentual de fam\u00edlias endividadas no Distrito Federal alcan\u00e7ou 73,0% em agosto de 2025, com avan\u00e7o de 0,2 ponto percentual em rela\u00e7\u00e3o a julho. \u00c9 o sexto m\u00eas consecutivo de alta. Ao todo, s\u00e3o 780.328 fam\u00edlias com algum tipo de d\u00edvida a vencer, nas diferentes modalidades de cr\u00e9dito. Entre os endividados, 456,6 mil fam\u00edlias est\u00e3o com contas em atraso e 189,8 mil afirmam n\u00e3o ter condi\u00e7\u00f5es de pagar suas d\u00edvidas. <\/span><\/p>\n<p class=\"p2\"><em><span class=\"s2\">Tempo m\u00e9dio de atraso <\/span><\/em><\/p>\n<p class=\"p2\"><span class=\"s2\">O tempo m\u00e9dio de atraso no DF est\u00e1 em 71 dias, enquanto o comprometimento m\u00e9dio da renda com d\u00edvidas manteve-se em 22,4%, est\u00e1vel nos \u00faltimos cinco meses.<\/span><\/p>\n<p class=\"p2\"><span class=\"s2\">A inadimpl\u00eancia tamb\u00e9m voltou a subir e atingiu 42,7% das fam\u00edlias, ante 41,8% em julho. O indicador j\u00e1 acumula tr\u00eas meses de crescimento e est\u00e1 3,3 pontos percentuais acima do registrado em agosto de 2024.<\/span><\/p>\n<p class=\"p2\"><span class=\"s2\"><em>Abaixo da m\u00e9dia nacional<\/em> <\/span><\/p>\n<p class=\"p2\"><span class=\"s2\">Segundo o presidente do Sistema Fecom\u00e9rcio-DF, Jos\u00e9 Aparecido Freire, o resultado mostra que o endividamento no DF (atingindo 73% da popula\u00e7\u00e3o) acompanha o padr\u00e3o nacional, mantendo-se, no entanto, em patamares menores que a m\u00e9dia brasileira, que est\u00e1 em 78%. <\/span><\/p>\n<p class=\"p2\"><em><span class=\"s2\">Motivo de preocupa\u00e7\u00e3o <\/span><\/em><\/p>\n<p class=\"p2\"><span class=\"s2\">\u201cA inadimpl\u00eancia elevada, com peso expressivo do cart\u00e3o de cr\u00e9dito, \u00e9 motivo de preocupa\u00e7\u00e3o. Esse perfil tende a se retroalimentar, refor\u00e7ando o risco de deteriora\u00e7\u00e3o das finan\u00e7as familiares caso n\u00e3o haja mudan\u00e7a no comportamento de consumo ou em condi\u00e7\u00f5es de cr\u00e9dito mais favor\u00e1veis\u201d, explica Aparecido. <\/span><\/p>\n<p class=\"p2\"><em><span class=\"s2\">Hist\u00f3rico <\/span><\/em><\/p>\n<p class=\"p2\"><span class=\"s2\">Apesar da alta recente, o n\u00famero de pessoas que diz n\u00e3o ter condi\u00e7\u00f5es de pagar ainda est\u00e1 abaixo do registrado em agosto de 2024, quando havia 20,1 mil fam\u00edlias a mais nessa condi\u00e7\u00e3o, e o \u00edndice geral de endividados era de 75,7%. J\u00e1 na compara\u00e7\u00e3o mensal, em agosto foram identificadas 2,9 mil fam\u00edlias a mais que em julho nessa situa\u00e7\u00e3o.<\/span><\/p>\n<p class=\"p2\"><strong><span class=\"s2\">Programa de Qualifica\u00e7\u00e3o para Exporta\u00e7\u00e3o ser\u00e1 realizado na capital federal<\/span><\/strong><\/p>\n<p class=\"p2\"><span class=\"s2\">A ApexBrasil e a Softex realizam, amanh\u00e3, o evento de encerramento do conv\u00eanio do Programa de Qualifica\u00e7\u00e3o para Exporta\u00e7\u00e3o (PEIEX) no Distrito Federal. A programa\u00e7\u00e3o acontece das 14h \u00e0s 18h, na Casa Thomas Jefferson (706\/906 Sul), e vai reunir parceiros estrat\u00e9gicos e empresas atendidas pelo programa, com bate-papo, exposi\u00e7\u00e3o de produtos e networking.<\/span><\/p>\n<p class=\"p2\"><em><span class=\"s2\">Investimento<\/span><\/em><\/p>\n<p class=\"p2\"><span class=\"s2\">Entre 2023 e 2025, o PEIEX DF qualificou 125 empresas do Distrito Federal. O montante total de recursos aplicados na parceria foi de R$ 1,8 milh\u00e3o.<\/span><\/p>\n<p class=\"p2\"><em><span class=\"s2\">Moda e TI<\/span><\/em><\/p>\n<p class=\"p2\"><span class=\"s2\">As empresas atendidas pertencem a setores diversos da economia brasiliense, incluindo moda (15 empresas), alimentos, bebidas e agroneg\u00f3cios (14), metais preciosos e joalheria (14), tecnologia da informa\u00e7\u00e3o (10) e produtos t\u00eaxteis (8).<\/span><\/p>\n<p class=\"p2\"><em><span class=\"s2\">De Bras\u00edlia para a It\u00e1lia<\/span><\/em><\/p>\n<p class=\"p2\"><span class=\"s2\">Parte das empresas qualificadas nesse ciclo iniciou vendas para o exterior, com destaque para mercados como Estados Unidos, Portugal, It\u00e1lia, Paraguai e Argentina.<\/span><\/p>\n<p class=\"p2\"><em><span class=\"s2\">Conex\u00f5es internacionais<\/span><\/em><\/p>\n<p><img loading=\"lazy\" decoding=\"async\" class=\"aligncenter size-medium wp-image-20504\" src=\"https:\/\/blogs.correiobraziliense.com.br\/capital-sa\/wp-content\/uploads\/sites\/59\/2025\/09\/33b3b64f-b3de-4bc6-aa9b-4c184307b11e-300x202.jpeg\" alt=\"\" width=\"300\" height=\"202\" srcset=\"https:\/\/blogs.correiobraziliense.com.br\/capital-sa\/wp-content\/uploads\/sites\/59\/2025\/09\/33b3b64f-b3de-4bc6-aa9b-4c184307b11e-300x202.jpeg 300w, https:\/\/blogs.correiobraziliense.com.br\/capital-sa\/wp-content\/uploads\/sites\/59\/2025\/09\/33b3b64f-b3de-4bc6-aa9b-4c184307b11e-550x371.jpeg 550w, https:\/\/blogs.correiobraziliense.com.br\/capital-sa\/wp-content\/uploads\/sites\/59\/2025\/09\/33b3b64f-b3de-4bc6-aa9b-4c184307b11e-230x155.jpeg 230w, https:\/\/blogs.correiobraziliense.com.br\/capital-sa\/wp-content\/uploads\/sites\/59\/2025\/09\/33b3b64f-b3de-4bc6-aa9b-4c184307b11e.jpeg 668w\" sizes=\"auto, (max-width: 300px) 100vw, 300px\" \/><\/p>\n<p class=\"p2\"><span class=\"s2\">&#8220;Nosso papel \u00e9 estar ao lado dessas empresas, oferecendo orienta\u00e7\u00e3o pr\u00e1tica e conectando-as a oportunidades reais no mercado internacional&#8221;, explica Clarissa Furtado (foto), gerente de Competitividade da ApexBrasil.<\/span><\/p>\n<p class=\"p2\"><strong><span class=\"s2\">Sesc-DF comemora anivers\u00e1rio com shows de Blitz e Fat Family<\/span><\/strong><\/p>\n<p><img loading=\"lazy\" decoding=\"async\" class=\"aligncenter size-medium wp-image-20503\" src=\"https:\/\/blogs.correiobraziliense.com.br\/capital-sa\/wp-content\/uploads\/sites\/59\/2025\/09\/6ea10e5d-a3e9-48b0-98c7-55efba9f4b01-300x219.jpeg\" alt=\"\" width=\"300\" height=\"219\" srcset=\"https:\/\/blogs.correiobraziliense.com.br\/capital-sa\/wp-content\/uploads\/sites\/59\/2025\/09\/6ea10e5d-a3e9-48b0-98c7-55efba9f4b01-300x219.jpeg 300w, https:\/\/blogs.correiobraziliense.com.br\/capital-sa\/wp-content\/uploads\/sites\/59\/2025\/09\/6ea10e5d-a3e9-48b0-98c7-55efba9f4b01-768x562.jpeg 768w, https:\/\/blogs.correiobraziliense.com.br\/capital-sa\/wp-content\/uploads\/sites\/59\/2025\/09\/6ea10e5d-a3e9-48b0-98c7-55efba9f4b01-1024x749.jpeg 1024w, https:\/\/blogs.correiobraziliense.com.br\/capital-sa\/wp-content\/uploads\/sites\/59\/2025\/09\/6ea10e5d-a3e9-48b0-98c7-55efba9f4b01-800x585.jpeg 800w, https:\/\/blogs.correiobraziliense.com.br\/capital-sa\/wp-content\/uploads\/sites\/59\/2025\/09\/6ea10e5d-a3e9-48b0-98c7-55efba9f4b01-550x402.jpeg 550w, https:\/\/blogs.correiobraziliense.com.br\/capital-sa\/wp-content\/uploads\/sites\/59\/2025\/09\/6ea10e5d-a3e9-48b0-98c7-55efba9f4b01-230x168.jpeg 230w, https:\/\/blogs.correiobraziliense.com.br\/capital-sa\/wp-content\/uploads\/sites\/59\/2025\/09\/6ea10e5d-a3e9-48b0-98c7-55efba9f4b01.jpeg 1170w\" sizes=\"auto, (max-width: 300px) 100vw, 300px\" \/><\/p>\n<p class=\"p2\"><span class=\"s2\">Diversas atra\u00e7\u00f5es far\u00e3o parte da edi\u00e7\u00e3o especial do projeto Sesc W3, neste s\u00e1bado e domingo, na 504 Sul. P\u00fablico vai poder curtir, de gra\u00e7a, shows de Joyce Alane, Blitz, Fat Family (foto) canta Tim Maia, Tuyo, FBC e muito mais. A programa\u00e7\u00e3o come\u00e7a a partir das 17 horas. Inaugurada em 1971, a unidade do Sesc foi recentemente modernizada e ampliada. O evento vai celebrar o anivers\u00e1rio do espa\u00e7o de cultura, esporte e lazer.<\/span><\/p>\n<p><strong><em>Acompanhe a Capital S\/A na TV Bras\u00edlia todas as ter\u00e7as e quintas-feiras, 18h10 no JL ao vivo.<\/em><\/strong><\/p>\n<p>https:\/\/youtu.be\/cYyuZaoL-vY<\/p>\n","protected":false},"excerpt":{"rendered":"<p>&#8220;Quando os ventos de mudan\u00e7a sopram,\u00a0umas pessoas levantam barreiras, outras \u00a0constroem moinhos de vento\u201d, \u00c9rico Ver\u00edssimo\u00a0 Coluna Capital S\/A de 10\/09 Por SAMANTA SALLUM\u00a0 Devo, n\u00e3o nego. Pago quando puder. Essa \u00e9 bem a situa\u00e7\u00e3o de milhares de brasilienses. O percentual de fam\u00edlias endividadas no Distrito Federal alcan\u00e7ou 73,0% em agosto de 2025, com avan\u00e7o de 0,2 ponto percentual em [&hellip;]<\/p>\n","protected":false},"author":125,"featured_media":20501,"comment_status":"open","ping_status":"open","sticky":false,"template":"","format":"standard","meta":{"footnotes":""},"categories":[6],"tags":[2258,417,734,1379,1040,2160,2414,3176],"class_list":["post-20498","post","type-post","status-publish","format-standard","has-post-thumbnail","hentry","category-coluna-capital-s-a","tag-apexbrasil","tag-endividamento","tag-fecomercio-df","tag-inadimplencia","tag-joseaparecidofreire","tag-senac-df","tag-sesc-df","tag-softex"],"_links":{"self":[{"href":"https:\/\/blogs.correiobraziliense.com.br\/capital-sa\/wp-json\/wp\/v2\/posts\/20498","targetHints":{"allow":["GET"]}}],"collection":[{"href":"https:\/\/blogs.correiobraziliense.com.br\/capital-sa\/wp-json\/wp\/v2\/posts"}],"about":[{"href":"https:\/\/blogs.correiobraziliense.com.br\/capital-sa\/wp-json\/wp\/v2\/types\/post"}],"author":[{"embeddable":true,"href":"https:\/\/blogs.correiobraziliense.com.br\/capital-sa\/wp-json\/wp\/v2\/users\/125"}],"replies":[{"embeddable":true,"href":"https:\/\/blogs.correiobraziliense.com.br\/capital-sa\/wp-json\/wp\/v2\/comments?post=20498"}],"version-history":[{"count":10,"href":"https:\/\/blogs.correiobraziliense.com.br\/capital-sa\/wp-json\/wp\/v2\/posts\/20498\/revisions"}],"predecessor-version":[{"id":20512,"href":"https:\/\/blogs.correiobraziliense.com.br\/capital-sa\/wp-json\/wp\/v2\/posts\/20498\/revisions\/20512"}],"wp:featuredmedia":[{"embeddable":true,"href":"https:\/\/blogs.correiobraziliense.com.br\/capital-sa\/wp-json\/wp\/v2\/media\/20501"}],"wp:attachment":[{"href":"https:\/\/blogs.correiobraziliense.com.br\/capital-sa\/wp-json\/wp\/v2\/media?parent=20498"}],"wp:term":[{"taxonomy":"category","embeddable":true,"href":"https:\/\/blogs.correiobraziliense.com.br\/capital-sa\/wp-json\/wp\/v2\/categories?post=20498"},{"taxonomy":"post_tag","embeddable":true,"href":"https:\/\/blogs.correiobraziliense.com.br\/capital-sa\/wp-json\/wp\/v2\/tags?post=20498"}],"curies":[{"name":"wp","href":"https:\/\/api.w.org\/{rel}","templated":true}]}}