{"id":20475,"date":"2025-09-09T11:03:13","date_gmt":"2025-09-09T14:03:13","guid":{"rendered":"https:\/\/blogs.correiobraziliense.com.br\/capital-sa\/?p=20475"},"modified":"2025-09-10T15:19:08","modified_gmt":"2025-09-10T18:19:08","slug":"inadimplencia-no-pais-e-a-maior-dos-ultimos-15-anos","status":"publish","type":"post","link":"https:\/\/blogs.correiobraziliense.com.br\/capital-sa\/2025\/09\/09\/inadimplencia-no-pais-e-a-maior-dos-ultimos-15-anos\/","title":{"rendered":"Inadimpl\u00eancia no pa\u00eds \u00e9 a maior dos \u00faltimos 15 anos"},"content":{"rendered":"<p class=\"p1\"><em>Cerca de 80% das fam\u00edlias no pa\u00eds est\u00e3o endividadas. Aumento das d\u00edvidas em atraso sinaliza que o atual n\u00edvel de endividamento come\u00e7a a ultrapassar o limite da capacidade de pagamento dos brasileiros\u00a0<\/em><\/p>\n<p><strong>Por Samanta Sallum\u00a0<\/strong><\/p>\n<p class=\"p1\"><span class=\"s1\">O<span class=\"Apple-converted-space\">\u00a0<\/span>\u00edndice de fam\u00edlias brasileiras com d\u00edvidas em atraso atingiu o maior patamar da s\u00e9rie hist\u00f3rica da Pesquisa de Endividamento e Inadimpl\u00eancia do Consumidor (Peic), iniciada em 2010, pela Confedera\u00e7\u00e3o Nacional do Com\u00e9rcio de Bens, Servi\u00e7os e Turismo (CNC). O percentual chega a 30,4%. O n\u00famero das que n\u00e3o t\u00eam condi\u00e7\u00f5es de quitar as d\u00edvidas atrasadas tamb\u00e9m subiu, atingindo 12,8% \u2014 o maior n\u00edvel desde dezembro de 2024.<\/span><\/p>\n<p class=\"p1\"><span class=\"s1\">No mesmo sentido, o endividamento seguiu sua trajet\u00f3ria ascendente pelo s\u00e9timo m\u00eas consecutivo, em agosto, alcan\u00e7ando 78,8% dos lares \u2014 o maior patamar desde novembro de 2022.<\/span><\/p>\n<p class=\"p1\"><span class=\"s1\">O resultado de agosto se d\u00e1 especialmente em um cen\u00e1rio de cr\u00e9dito mais caro e prazos mais curtos. O avan\u00e7o da inadimpl\u00eancia sinaliza que o atual n\u00edvel de endividamento come\u00e7a a ultrapassar o limite da capacidade de pagamento das fam\u00edlias. \u201c\u00c9 um sinal de alerta importante para a economia dom\u00e9stica\u201d, destaca o presidente do Sistema CNC-Sesc-Senac, Jos\u00e9 Roberto Tadros.<\/span><\/p>\n<p class=\"p1\"><strong><span class=\"s1\">Educa\u00e7\u00e3o Financeira <\/span><\/strong><\/p>\n<p class=\"p1\"><span class=\"s1\">A tend\u00eancia \u00e9, segundo as proje\u00e7\u00f5es da CNC, de aumento de 3,1 p.p. no endividamento e 1,6 p.p. na inadimpl\u00eancia ao final do ano. \u201cO avan\u00e7o cont\u00ednuo da inadimpl\u00eancia refor\u00e7a a import\u00e2ncia de iniciativas de educa\u00e7\u00e3o financeira e do uso consciente do cr\u00e9dito\u201d, afirma o economista-chefe da CNC, Fabio Bentes.<\/span><\/p>\n<p class=\"p1\"><span class=\"s1\">A inadimpl\u00eancia avan\u00e7ou, sobretudo, entre as fam\u00edlias com renda acima de tr\u00eas sal\u00e1rios m\u00ednimos, com destaque para o grupo que recebe mais de 10 sal\u00e1rios.<\/span><\/p>\n<p class=\"p1\"><span class=\"s1\">Um dos poucos indicadores positivos do m\u00eas foi a queda no comprometimento m\u00e9dio da renda com d\u00edvidas, que passou de 29,6%, em agosto do ano passado, para 29,3% \u2014 o menor patamar desde maio de 2019.<br \/>\n<\/span><\/p>\n<p class=\"p1\"><span class=\"s1\">A Peic tamb\u00e9m mostra que o endividamento tem ocorrido em prazos cada vez mais curtos. O percentual de fam\u00edlias com d\u00edvidas superiores a um ano caiu pelo oitavo m\u00eas seguido, para 31,0%. Ao mesmo tempo, cresceu o n\u00famero de compromissos entre tr\u00eas e seis meses, o que eleva a press\u00e3o sobre o or\u00e7amento no curto prazo.<\/span><\/p>\n<p><strong><em>Acompanhe a Capital S\/A na TV Bras\u00edlia todas as ter\u00e7as e quintas-feiras, 18h10 no JL ao vivo.<\/em><\/strong><\/p>\n<p><iframe loading=\"lazy\" title=\"N\u00daMERO DE FAM\u00cdLIAS ENDIVIDADAS NO DF CRESCE PELO SEXTO M\u00caS CONSECUTIVO | CAPITAL S\/A\" width=\"1440\" height=\"810\" src=\"https:\/\/www.youtube.com\/embed\/cYyuZaoL-vY?feature=oembed\" frameborder=\"0\" allow=\"accelerometer; autoplay; clipboard-write; encrypted-media; gyroscope; picture-in-picture; web-share\" referrerpolicy=\"strict-origin-when-cross-origin\" allowfullscreen><\/iframe><\/p>\n","protected":false},"excerpt":{"rendered":"<p>Cerca de 80% das fam\u00edlias no pa\u00eds est\u00e3o endividadas. Aumento das d\u00edvidas em atraso sinaliza que o atual n\u00edvel de endividamento come\u00e7a a ultrapassar o limite da capacidade de pagamento dos brasileiros\u00a0 Por Samanta Sallum\u00a0 O\u00a0\u00edndice de fam\u00edlias brasileiras com d\u00edvidas em atraso atingiu o maior patamar da s\u00e9rie hist\u00f3rica da Pesquisa de Endividamento e Inadimpl\u00eancia do Consumidor (Peic), iniciada [&hellip;]<\/p>\n","protected":false},"author":125,"featured_media":20478,"comment_status":"open","ping_status":"open","sticky":false,"template":"","format":"standard","meta":{"footnotes":""},"categories":[6],"tags":[275,276,3166,417,3167,1379,307,156,62],"class_list":["post-20475","post","type-post","status-publish","format-standard","has-post-thumbnail","hentry","category-coluna-capital-s-a","tag-cnc","tag-economia","tag-economiadomestica","tag-endividamento","tag-fabiobentes","tag-inadimplencia","tag-joserobertotadros","tag-senac","tag-sesc"],"_links":{"self":[{"href":"https:\/\/blogs.correiobraziliense.com.br\/capital-sa\/wp-json\/wp\/v2\/posts\/20475","targetHints":{"allow":["GET"]}}],"collection":[{"href":"https:\/\/blogs.correiobraziliense.com.br\/capital-sa\/wp-json\/wp\/v2\/posts"}],"about":[{"href":"https:\/\/blogs.correiobraziliense.com.br\/capital-sa\/wp-json\/wp\/v2\/types\/post"}],"author":[{"embeddable":true,"href":"https:\/\/blogs.correiobraziliense.com.br\/capital-sa\/wp-json\/wp\/v2\/users\/125"}],"replies":[{"embeddable":true,"href":"https:\/\/blogs.correiobraziliense.com.br\/capital-sa\/wp-json\/wp\/v2\/comments?post=20475"}],"version-history":[{"count":7,"href":"https:\/\/blogs.correiobraziliense.com.br\/capital-sa\/wp-json\/wp\/v2\/posts\/20475\/revisions"}],"predecessor-version":[{"id":20511,"href":"https:\/\/blogs.correiobraziliense.com.br\/capital-sa\/wp-json\/wp\/v2\/posts\/20475\/revisions\/20511"}],"wp:featuredmedia":[{"embeddable":true,"href":"https:\/\/blogs.correiobraziliense.com.br\/capital-sa\/wp-json\/wp\/v2\/media\/20478"}],"wp:attachment":[{"href":"https:\/\/blogs.correiobraziliense.com.br\/capital-sa\/wp-json\/wp\/v2\/media?parent=20475"}],"wp:term":[{"taxonomy":"category","embeddable":true,"href":"https:\/\/blogs.correiobraziliense.com.br\/capital-sa\/wp-json\/wp\/v2\/categories?post=20475"},{"taxonomy":"post_tag","embeddable":true,"href":"https:\/\/blogs.correiobraziliense.com.br\/capital-sa\/wp-json\/wp\/v2\/tags?post=20475"}],"curies":[{"name":"wp","href":"https:\/\/api.w.org\/{rel}","templated":true}]}}