{"id":20382,"date":"2025-08-22T15:45:06","date_gmt":"2025-08-22T18:45:06","guid":{"rendered":"https:\/\/blogs.correiobraziliense.com.br\/capital-sa\/?p=20382"},"modified":"2025-08-23T17:48:44","modified_gmt":"2025-08-23T20:48:44","slug":"missao-da-cni-aos-eua-vai-negociar-ampliacao-da-lista-de-excecoes-ao-tarifaco","status":"publish","type":"post","link":"https:\/\/blogs.correiobraziliense.com.br\/capital-sa\/2025\/08\/22\/missao-da-cni-aos-eua-vai-negociar-ampliacao-da-lista-de-excecoes-ao-tarifaco\/","title":{"rendered":"Miss\u00e3o da CNI aos EUA vai negociar amplia\u00e7\u00e3o da lista de exce\u00e7\u00f5es ao tarifa\u00e7o"},"content":{"rendered":"<p id=\"ODcyNDM\" class=\"frase fr\"><em>\u00a0\u201cO sucesso nasce do querer, da determina\u00e7\u00e3o e persist\u00eancia em se chegar a um objetivo. Mesmo n\u00e3o atingindo o alvo, quem busca e vence obst\u00e1culos, no m\u00ednimo, far\u00e1 coisas admir\u00e1veis\u201d, Jos\u00e9 de Alencar<\/em><\/p>\n<p><strong>Coluna Capital S\/A de 22 de agosto\u00a0<\/strong><\/p>\n<p><strong>Por Samanta Sallum\u00a0<\/strong><\/p>\n<p>O presidente da Confedera\u00e7\u00e3o Nacional da Ind\u00fastria (CNI), Ricardo Alban, apresentou ao vice-presidente e ministro do Desenvolvimento, Ind\u00fastria, Com\u00e9rcio e Servi\u00e7os, Geraldo Alckmin, a agenda da miss\u00e3o empresarial que ser\u00e1 realizada em Washington, em 3 e 4 de setembro. A iniciativa reunir\u00e1 associa\u00e7\u00f5es setoriais, federa\u00e7\u00f5es estaduais e grandes empresas, com o objetivo de ampliar o di\u00e1logo com o governo e o setor produtivo norte-americano. A estrat\u00e9gia \u00e9 buscar novas exce\u00e7\u00f5es \u00e0 regra, ampliando o rol de produtos com tarifas reduzidas.<\/p>\n<p>Para tanto, a CNI prop\u00f5e uma articula\u00e7\u00e3o que contemple resposta e acompanhamento da investiga\u00e7\u00e3o 301 e engajamento nos EUA com p\u00fablicos de interesse, com intuito de criar canais de di\u00e1logo entre os dois governos.<\/p>\n<p>Defesa brasileira<\/p>\n<p>A defesa do Brasil ser\u00e1 conduzida, em Washington, pelo embaixador Roberto Azev\u00eado, em articula\u00e7\u00e3o com escrit\u00f3rios especializados em lobby e com o apoio da embaixada.<\/p>\n<p>Acelerar processo<\/p>\n<p>&#8220;Nosso objetivo \u00e9 sensibilizar o lado americano, levando propostas concretas de interesse m\u00fatuo, de forma a acelerar as negocia\u00e7\u00f5es e incluir setores relevantes, mesmo aqueles com menor peso financeiro, mas grande representatividade industrial&#8221;, explicou.<\/p>\n<p>Associa\u00e7\u00f5es de diversos setores<\/p>\n<p>A comitiva ser\u00e1 composta por dirigentes de associa\u00e7\u00f5es de diversos setores \u2014 m\u00e1quinas e equipamentos (Abimaq), t\u00eaxtil (Abit), alum\u00ednio (Abal), carnes (Abiec), madeira (Abimci), caf\u00e9 (Cecaf\u00e9), couros (CICB), entre outros. Empresas como Tupy, Embraer, Stefanini, Novelis e Siemens Energy tamb\u00e9m j\u00e1 confirmaram presen\u00e7a.<\/p>\n<p><strong>Movimento contr\u00e1rio \u00e0 fus\u00e3o entre Petz e Cobasi<\/strong><\/p>\n<p>Membro da Comiss\u00e3o de Defesa do Consumidor, a deputada federal Gisela Simona (Uni\u00e3o-MT) se reuniu com o Conselho Administrativo de Defesa Econ\u00f4mica (Cade) para tratar da fus\u00e3o entre Petz e Cobasi. Durante o encontro, o presidente do \u00f3rg\u00e3o, Gustavo Augusto Freitas de Lima, indicou o conselheiro Jos\u00e9 Levi, relator do caso, para participar de uma nova reuni\u00e3o, a ser promovida pela C\u00e2mara dos Deputados, ainda em agosto, com um grupo ampliado de deputados ligados \u00e0 causa da prote\u00e7\u00e3o animal.<\/p>\n<p><img loading=\"lazy\" decoding=\"async\" class=\"aligncenter size-medium wp-image-20389\" src=\"https:\/\/blogs.correiobraziliense.com.br\/capital-sa\/wp-content\/uploads\/sites\/59\/2025\/08\/c9c25dab-de93-4472-8935-1f9214f9a430-225x300.jpeg\" alt=\"\" width=\"225\" height=\"300\" srcset=\"https:\/\/blogs.correiobraziliense.com.br\/capital-sa\/wp-content\/uploads\/sites\/59\/2025\/08\/c9c25dab-de93-4472-8935-1f9214f9a430-225x300.jpeg 225w, https:\/\/blogs.correiobraziliense.com.br\/capital-sa\/wp-content\/uploads\/sites\/59\/2025\/08\/c9c25dab-de93-4472-8935-1f9214f9a430-768x1024.jpeg 768w, https:\/\/blogs.correiobraziliense.com.br\/capital-sa\/wp-content\/uploads\/sites\/59\/2025\/08\/c9c25dab-de93-4472-8935-1f9214f9a430-800x1067.jpeg 800w, https:\/\/blogs.correiobraziliense.com.br\/capital-sa\/wp-content\/uploads\/sites\/59\/2025\/08\/c9c25dab-de93-4472-8935-1f9214f9a430-550x733.jpeg 550w, https:\/\/blogs.correiobraziliense.com.br\/capital-sa\/wp-content\/uploads\/sites\/59\/2025\/08\/c9c25dab-de93-4472-8935-1f9214f9a430-230x307.jpeg 230w, https:\/\/blogs.correiobraziliense.com.br\/capital-sa\/wp-content\/uploads\/sites\/59\/2025\/08\/c9c25dab-de93-4472-8935-1f9214f9a430.jpeg 1200w\" sizes=\"auto, (max-width: 225px) 100vw, 225px\" \/><\/p>\n<p>Gisela entregou uma nota t\u00e9cnica elaborada pelo Instituto de Pesquisas e Estudos da Sociedade e Consumo (IPS Consumo), em parceria com o Instituto Caramelo, que aponta riscos de concentra\u00e7\u00e3o de mercado e preju\u00edzos aos consumidores, caso a fus\u00e3o se concretize.<\/p>\n<p><strong>GS1 Brasil na Expo Osaka<\/strong><\/p>\n<p><img loading=\"lazy\" decoding=\"async\" class=\"aligncenter size-medium wp-image-20393\" src=\"https:\/\/blogs.correiobraziliense.com.br\/capital-sa\/wp-content\/uploads\/sites\/59\/2025\/08\/f229ee79-9d19-42ca-9e9e-0ebcbf9cf168-300x283.jpeg\" alt=\"\" width=\"300\" height=\"283\" srcset=\"https:\/\/blogs.correiobraziliense.com.br\/capital-sa\/wp-content\/uploads\/sites\/59\/2025\/08\/f229ee79-9d19-42ca-9e9e-0ebcbf9cf168-300x283.jpeg 300w, https:\/\/blogs.correiobraziliense.com.br\/capital-sa\/wp-content\/uploads\/sites\/59\/2025\/08\/f229ee79-9d19-42ca-9e9e-0ebcbf9cf168-768x725.jpeg 768w, https:\/\/blogs.correiobraziliense.com.br\/capital-sa\/wp-content\/uploads\/sites\/59\/2025\/08\/f229ee79-9d19-42ca-9e9e-0ebcbf9cf168-1024x967.jpeg 1024w, https:\/\/blogs.correiobraziliense.com.br\/capital-sa\/wp-content\/uploads\/sites\/59\/2025\/08\/f229ee79-9d19-42ca-9e9e-0ebcbf9cf168-1440x1360.jpeg 1440w, https:\/\/blogs.correiobraziliense.com.br\/capital-sa\/wp-content\/uploads\/sites\/59\/2025\/08\/f229ee79-9d19-42ca-9e9e-0ebcbf9cf168-800x755.jpeg 800w, https:\/\/blogs.correiobraziliense.com.br\/capital-sa\/wp-content\/uploads\/sites\/59\/2025\/08\/f229ee79-9d19-42ca-9e9e-0ebcbf9cf168-550x519.jpeg 550w, https:\/\/blogs.correiobraziliense.com.br\/capital-sa\/wp-content\/uploads\/sites\/59\/2025\/08\/f229ee79-9d19-42ca-9e9e-0ebcbf9cf168-230x217.jpeg 230w\" sizes=\"auto, (max-width: 300px) 100vw, 300px\" \/><\/p>\n<p>O secret\u00e1rio de Governo do DF, Jos\u00e9 Humberto Pires de Ara\u00fajo, est\u00e1 de f\u00e9rias de suas atribui\u00e7\u00f5es do Executivo e a trabalho no Jap\u00e3o, pela Associa\u00e7\u00e3o Brasileira de Automa\u00e7\u00e3o \u2014 GS1 Brasil, entidade da qual \u00e9 vice-presidente de Rela\u00e7\u00f5es Governamentais. Ele foi participar da Expo Osaka 2025, na ilha artificial de Yumeshima, com toda a equipe da GS1, chefiada por seu presidente, Jo\u00e3o Carlos de Oliveira. &#8220;Participar da Expo \u00e9 uma experi\u00eancia incr\u00edvel. A cada edi\u00e7\u00e3o, ela traz um tema central, desafiando os pa\u00edses participantes a propor solu\u00e7\u00f5es vision\u00e1rias para enfrentarmos os desafios do presente e a projetar um futuro mais humano, conectado e sustent\u00e1vel&#8221;, explica Jos\u00e9 Humberto.<\/p>\n<p>Festival Mistura Geral<\/p>\n<p><img loading=\"lazy\" decoding=\"async\" class=\"aligncenter size-medium wp-image-20390\" src=\"https:\/\/blogs.correiobraziliense.com.br\/capital-sa\/wp-content\/uploads\/sites\/59\/2025\/08\/IMG_8990-300x201.jpeg\" alt=\"\" width=\"300\" height=\"201\" srcset=\"https:\/\/blogs.correiobraziliense.com.br\/capital-sa\/wp-content\/uploads\/sites\/59\/2025\/08\/IMG_8990-300x201.jpeg 300w, https:\/\/blogs.correiobraziliense.com.br\/capital-sa\/wp-content\/uploads\/sites\/59\/2025\/08\/IMG_8990-768x514.jpeg 768w, https:\/\/blogs.correiobraziliense.com.br\/capital-sa\/wp-content\/uploads\/sites\/59\/2025\/08\/IMG_8990-1024x686.jpeg 1024w, https:\/\/blogs.correiobraziliense.com.br\/capital-sa\/wp-content\/uploads\/sites\/59\/2025\/08\/IMG_8990-800x536.jpeg 800w, https:\/\/blogs.correiobraziliense.com.br\/capital-sa\/wp-content\/uploads\/sites\/59\/2025\/08\/IMG_8990-550x368.jpeg 550w, https:\/\/blogs.correiobraziliense.com.br\/capital-sa\/wp-content\/uploads\/sites\/59\/2025\/08\/IMG_8990-230x154.jpeg 230w, https:\/\/blogs.correiobraziliense.com.br\/capital-sa\/wp-content\/uploads\/sites\/59\/2025\/08\/IMG_8990.jpeg 1169w\" sizes=\"auto, (max-width: 300px) 100vw, 300px\" \/><\/p>\n<p>Com apoio do GDF e realiza\u00e7\u00e3o do Instituto Transforma, o Teatro dos Banc\u00e1rios (EQS 314\/315) abre as portas para o Festival Mistura Geral, de 5 a 7 de setembro. Nesta 4\u00aa edi\u00e7\u00e3o do projeto, ganha destaque a diversidade cultural brasileira por meio de eixos como ancestralidade, Amaz\u00f4nia e protagonismo feminino. A programa\u00e7\u00e3o traz nomes nacionais, como Paula Lima (sexta-feira, 5\/9 \u2014 foto), homenageando Rita Lee; Saulo Duarte (s\u00e1bado, 6\/9), no &#8220;Baile do Terceiro Mundo&#8221;; e a lend\u00e1ria Virg\u00ednia Rodrigues (domingo, 7\/9), que encerra o evento unindo ra\u00edzes afro-brasileiras e erudi\u00e7\u00e3o com sua voz. Ingressos pelo Sympla.<\/p>\n<p><strong><em>Acompanhe a Capital S\/A na TV Bras\u00edlia todas as ter\u00e7as e quintas-feiras, 18h10 no JL ao vivo.<\/em><\/strong><\/p>\n<p><iframe loading=\"lazy\" title=\"QUEM \u00c9 ADA LOVELACE, MULHER QUE D\u00c1 NOME AO MAIS NOVO SUPERCOMPUTADOR DA PETROBRAS?\" width=\"1440\" height=\"810\" src=\"https:\/\/www.youtube.com\/embed\/fq1LcFzqBHA?feature=oembed\" frameborder=\"0\" allow=\"accelerometer; autoplay; clipboard-write; encrypted-media; gyroscope; picture-in-picture; web-share\" referrerpolicy=\"strict-origin-when-cross-origin\" allowfullscreen><\/iframe><\/p>\n","protected":false},"excerpt":{"rendered":"<p>\u00a0\u201cO sucesso nasce do querer, da determina\u00e7\u00e3o e persist\u00eancia em se chegar a um objetivo. Mesmo n\u00e3o atingindo o alvo, quem busca e vence obst\u00e1culos, no m\u00ednimo, far\u00e1 coisas admir\u00e1veis\u201d, Jos\u00e9 de Alencar Coluna Capital S\/A de 22 de agosto\u00a0 Por Samanta Sallum\u00a0 O presidente da Confedera\u00e7\u00e3o Nacional da Ind\u00fastria (CNI), Ricardo Alban, apresentou ao vice-presidente e ministro do Desenvolvimento, [&hellip;]<\/p>\n","protected":false},"author":125,"featured_media":20386,"comment_status":"open","ping_status":"open","sticky":false,"template":"","format":"standard","meta":{"footnotes":""},"categories":[6],"tags":[3158,962,276,3159,2503,3102,3099,3160,3157,2005,454,2859,64,10,60],"class_list":["post-20382","post","type-post","status-publish","format-standard","has-post-thumbnail","hentry","category-coluna-capital-s-a","tag-cobasi","tag-desenvolvimento","tag-economia","tag-expoosaka","tag-geraldoalckmin","tag-guerracomercial","tag-guerratarifaria","tag-misturageral","tag-petz","tag-ricardoalban","tag-servicos","tag-tarifaco","tag-cni","tag-comercio","tag-industria"],"_links":{"self":[{"href":"https:\/\/blogs.correiobraziliense.com.br\/capital-sa\/wp-json\/wp\/v2\/posts\/20382","targetHints":{"allow":["GET"]}}],"collection":[{"href":"https:\/\/blogs.correiobraziliense.com.br\/capital-sa\/wp-json\/wp\/v2\/posts"}],"about":[{"href":"https:\/\/blogs.correiobraziliense.com.br\/capital-sa\/wp-json\/wp\/v2\/types\/post"}],"author":[{"embeddable":true,"href":"https:\/\/blogs.correiobraziliense.com.br\/capital-sa\/wp-json\/wp\/v2\/users\/125"}],"replies":[{"embeddable":true,"href":"https:\/\/blogs.correiobraziliense.com.br\/capital-sa\/wp-json\/wp\/v2\/comments?post=20382"}],"version-history":[{"count":10,"href":"https:\/\/blogs.correiobraziliense.com.br\/capital-sa\/wp-json\/wp\/v2\/posts\/20382\/revisions"}],"predecessor-version":[{"id":20432,"href":"https:\/\/blogs.correiobraziliense.com.br\/capital-sa\/wp-json\/wp\/v2\/posts\/20382\/revisions\/20432"}],"wp:featuredmedia":[{"embeddable":true,"href":"https:\/\/blogs.correiobraziliense.com.br\/capital-sa\/wp-json\/wp\/v2\/media\/20386"}],"wp:attachment":[{"href":"https:\/\/blogs.correiobraziliense.com.br\/capital-sa\/wp-json\/wp\/v2\/media?parent=20382"}],"wp:term":[{"taxonomy":"category","embeddable":true,"href":"https:\/\/blogs.correiobraziliense.com.br\/capital-sa\/wp-json\/wp\/v2\/categories?post=20382"},{"taxonomy":"post_tag","embeddable":true,"href":"https:\/\/blogs.correiobraziliense.com.br\/capital-sa\/wp-json\/wp\/v2\/tags?post=20382"}],"curies":[{"name":"wp","href":"https:\/\/api.w.org\/{rel}","templated":true}]}}