{"id":20336,"date":"2025-08-19T16:39:47","date_gmt":"2025-08-19T19:39:47","guid":{"rendered":"https:\/\/blogs.correiobraziliense.com.br\/capital-sa\/?p=20336"},"modified":"2025-08-19T20:25:46","modified_gmt":"2025-08-19T23:25:46","slug":"nova-convencao-coletiva-garante-reajustes-para-50-mil-trabalhadores-do-comercio-no-df","status":"publish","type":"post","link":"https:\/\/blogs.correiobraziliense.com.br\/capital-sa\/2025\/08\/19\/nova-convencao-coletiva-garante-reajustes-para-50-mil-trabalhadores-do-comercio-no-df\/","title":{"rendered":"Nova conven\u00e7\u00e3o coletiva garante reajustes para 50 mil trabalhadores do com\u00e9rcio no DF"},"content":{"rendered":"<p><strong>Coluna Capital S\/A de 19 de agosto\u00a0<\/strong><\/p>\n<p class=\"p1\"><span class=\"s1\">\u00a0 \u00a0 <em>\u201cNenhuma grande descoberta foi feita jamais sem um palpite ousado\u201d, Isaac Newton\u00a0<\/em><\/span><\/p>\n<p class=\"p1\"><strong>Por Samanta Sallum\u00a0<\/strong><\/p>\n<p class=\"p1\"><span class=\"s1\">Trabalhadores do com\u00e9rcio de papelarias, minimercados, a\u00e7ougues, floriculturas e segmentos sem representa\u00e7\u00e3o sindical formal ser\u00e3o beneficiados pela nova Conven\u00e7\u00e3o Coletiva de Trabalho (CCT) assinada entre sindicatos empresariais e laboral. O reajuste salarial geral foi de 6% retroativo a abril de 2025. O sal\u00e1rio base dos empregados em geral subiu de R$ 1.520,00 para R$ 1.640,00. Motoristas passaram de R$ 1.677,90 para R$ 1.720,00, enquanto faxineiros e empacotadores tiveram reajuste de R$ 1.520,00 para R$ 1.630,00.<\/span><\/p>\n<p class=\"p1\"><span class=\"s1\"> O vale-refei\u00e7\u00e3o\/alimenta\u00e7\u00e3o tamb\u00e9m foi ampliado. Empresas adimplentes com as contribui\u00e7\u00f5es sindicais pagar\u00e3o R$ 24,00 por dia \u2014 antes eram R$ 23,00. Para empregados filiados ao Sindicom-DF, o valor subiu de R$ 29,00 para R$ 31,00. J\u00e1 empresas inadimplentes dever\u00e3o pagar R$ 33,00 por dia, R$ 3,00 a mais que o valor anterior.<\/span><\/p>\n<p class=\"p1\"><em><span class=\"s1\">Horas extras<\/span><\/em><\/p>\n<p class=\"p1\"><span class=\"s1\">A conven\u00e7\u00e3o mant\u00e9m benef\u00edcios como adicional por tempo de servi\u00e7o de 4% para empregados com cinco anos na mesma empresa, pagamento de horas extras de 50% para as duas primeiras horas e de 100% para as seguintes, al\u00e9m do acesso aos servi\u00e7os do Sesc-DF e Senac-DF, que incluem capacita\u00e7\u00e3o profissional, lazer, sa\u00fade e cultura.<\/span><\/p>\n<p class=\"p1\"><span class=\"s1\">O acordo foi assinado entre a Fecom\u00e9rcio-DF, o Sindicato do Com\u00e9rcio Varejista de Carnes Frescas, G\u00eaneros Aliment\u00edcios, Frutas, Verduras, Flores e Plantas de Bras\u00edlia (Sindig\u00eanero), o Sindicato do Com\u00e9rcio Varejista de Material de Escrit\u00f3rio, Papelaria e Livraria do DF (Sindipel-DF) e o Sindicato dos Empregados no Com\u00e9rcio do DF (Sindicom-DF).<\/span><\/p>\n<p><strong>Palestrante do Lide nacional<\/strong><\/p>\n<p><img loading=\"lazy\" decoding=\"async\" class=\"aligncenter size-medium wp-image-20351\" src=\"https:\/\/blogs.correiobraziliense.com.br\/capital-sa\/wp-content\/uploads\/sites\/59\/2025\/08\/c05fbd4c-3083-47ce-b28d-eb6274a32a9c-225x300.jpeg\" alt=\"\" width=\"225\" height=\"300\" srcset=\"https:\/\/blogs.correiobraziliense.com.br\/capital-sa\/wp-content\/uploads\/sites\/59\/2025\/08\/c05fbd4c-3083-47ce-b28d-eb6274a32a9c-225x300.jpeg 225w, https:\/\/blogs.correiobraziliense.com.br\/capital-sa\/wp-content\/uploads\/sites\/59\/2025\/08\/c05fbd4c-3083-47ce-b28d-eb6274a32a9c-768x1024.jpeg 768w, https:\/\/blogs.correiobraziliense.com.br\/capital-sa\/wp-content\/uploads\/sites\/59\/2025\/08\/c05fbd4c-3083-47ce-b28d-eb6274a32a9c-800x1067.jpeg 800w, https:\/\/blogs.correiobraziliense.com.br\/capital-sa\/wp-content\/uploads\/sites\/59\/2025\/08\/c05fbd4c-3083-47ce-b28d-eb6274a32a9c-550x733.jpeg 550w, https:\/\/blogs.correiobraziliense.com.br\/capital-sa\/wp-content\/uploads\/sites\/59\/2025\/08\/c05fbd4c-3083-47ce-b28d-eb6274a32a9c-230x307.jpeg 230w, https:\/\/blogs.correiobraziliense.com.br\/capital-sa\/wp-content\/uploads\/sites\/59\/2025\/08\/c05fbd4c-3083-47ce-b28d-eb6274a32a9c.jpeg 960w\" sizes=\"auto, (max-width: 225px) 100vw, 225px\" \/><\/p>\n<p class=\"p1\"><span class=\"s1\">O presidente da Uni\u00e3o Nacional de Entidades do Com\u00e9rcio e Servi\u00e7os (UNECS) e presidente da Abad, Leonardo Miguel Severini, ser\u00e1 um dos palestrantes do F\u00f3rum do Lide Nacional. O encontro ser\u00e1 dia 27, no Bras\u00edlia Palace, tendo como um dos anfitri\u00f5es o presidente do Lide\/DF, Paulo Octavio.<\/span><\/p>\n<p class=\"p1\"><strong><span class=\"s1\">Ag\u00eancias reguladoras na berlinda <\/span><\/strong><\/p>\n<p class=\"p1\"><span class=\"s1\">A Coaliz\u00e3o das Frentes Parlamentares que defendem o setor produtivo manifestou posi\u00e7\u00e3o favor\u00e1vel \u00e0 PEC 42, de 2024, que trata das Ag\u00eancias Reguladoras do Brasil. O bloco apoia a aprova\u00e7\u00e3o na CCJ da C\u00e2mara dos Deputados. \u201cEm conjunto com o autor da PEC, deputado federal Danilo Forte (Uni\u00e3o-CE), iremos atuar firmemente em prol da aprova\u00e7\u00e3o\u00a0<\/span><\/p>\n<p><img loading=\"lazy\" decoding=\"async\" class=\"aligncenter size-medium wp-image-20352\" src=\"https:\/\/blogs.correiobraziliense.com.br\/capital-sa\/wp-content\/uploads\/sites\/59\/2025\/08\/IMG_8912-300x254.jpeg\" alt=\"\" width=\"300\" height=\"254\" srcset=\"https:\/\/blogs.correiobraziliense.com.br\/capital-sa\/wp-content\/uploads\/sites\/59\/2025\/08\/IMG_8912-300x254.jpeg 300w, https:\/\/blogs.correiobraziliense.com.br\/capital-sa\/wp-content\/uploads\/sites\/59\/2025\/08\/IMG_8912-550x466.jpeg 550w, https:\/\/blogs.correiobraziliense.com.br\/capital-sa\/wp-content\/uploads\/sites\/59\/2025\/08\/IMG_8912-230x195.jpeg 230w, https:\/\/blogs.correiobraziliense.com.br\/capital-sa\/wp-content\/uploads\/sites\/59\/2025\/08\/IMG_8912.jpeg 555w\" sizes=\"auto, (max-width: 300px) 100vw, 300px\" \/><\/p>\n<p><em>Interfer\u00eancias e distor\u00e7\u00f5es\u00a0<\/em><\/p>\n<p class=\"p1\"><span class=\"s1\">Criadas durante o governo de Fernando Henrique Cardoso, as ag\u00eancias reguladoras\u00a0<\/span>foram essenciais para consolidar a estabilidade econ\u00f4mica, atraindo investimentos a partir de marcos regulat\u00f3rios. Mas o setor produtivo aponta que, ao longo dos anos, o cen\u00e1rio mudou. \u201cA seguran\u00e7a deu lugar \u00e0 interfer\u00eancia dentro dos \u00f3rg\u00e3os, criando distor\u00e7\u00f5es no ambiente de neg\u00f3cios, conflitos entre autarquias, Executivo Federal e Poder Legislativo, o que resultou no agravamento contencioso jur\u00eddico no pa\u00eds\u201d, afirma a coaliza\u00e7\u00e3o.<\/p>\n<p class=\"p1\"><strong><span class=\"s1\">Workshop empresarial para fortalecer o Setor de Hospedagem e Alimenta\u00e7\u00e3o no DF<\/span><\/strong><\/p>\n<p class=\"p1\"><span class=\"s1\">O Sindicato de Hot\u00e9is, Restaurantes, Bares e Similares do Distrito Federal (SINDHOBAR) vai realizar o 4\u00ba Workshop Empresarial, dia 20 de agosto, no Senac-DF. O encontro promove um espa\u00e7o de di\u00e1logo e troca de experi\u00eancias entre os profissionais do setor de hospedagem e alimenta\u00e7\u00e3o fora do lar, enfatizando temas fundamentais para o desenvolvimento e fortalecimento do sindicato. Os interessados podem se inscrever pelo site Sympla. \u201cEstamos comprometidos em garantir que todos os nossos associados tenham acesso a informa\u00e7\u00f5es e recursos que ajudem a impulsionar suas atividades\u201d, destaca Jael Silva, presidente do Sindicato. <\/span><\/p>\n<p class=\"p1\"><strong><span class=\"s1\">Arrai\u00e1 Solid\u00e1rio <\/span><\/strong><\/p>\n<p class=\"p1\"><span class=\"s1\">O maior Arrai\u00e1 Solid\u00e1rio do DF est\u00e1 chegando. Uma festa t\u00edpica voltada para a arrecada\u00e7\u00e3o de recursos e a promo\u00e7\u00e3o da integra\u00e7\u00e3o comunit\u00e1ria. Nos dias 29 e 30, das 17h \u00e0s 22h, a sede da FEDF, no Sudoeste, vai se encher de alegria, m\u00fasica boa e comidas deliciosas para celebrar e fazer o bem. Toda a renda ser\u00e1 revertida para apoiar obras sociais do DF e Entorno. Ingresso Social custa R$ 35,00 e ser\u00e1 convertido em fichas para consumo. Garanta o seu ingresso\u00a0<\/span>pelo vem.fedf.org.br\/arraiasocial.<\/p>\n<p><strong><em>Acompanhe a Capital S\/A na TV Bras\u00edlia todas as ter\u00e7as e quintas-feiras, 18h10 no JL ao vivo.<\/em><\/strong><\/p>\n<p><iframe loading=\"lazy\" title=\"QUEM \u00c9 ADA LOVELACE, MULHER QUE D\u00c1 NOME AO MAIS NOVO SUPERCOMPUTADOR DA PETROBRAS?\" width=\"1440\" height=\"810\" src=\"https:\/\/www.youtube.com\/embed\/fq1LcFzqBHA?feature=oembed\" frameborder=\"0\" allow=\"accelerometer; autoplay; clipboard-write; encrypted-media; gyroscope; picture-in-picture; web-share\" referrerpolicy=\"strict-origin-when-cross-origin\" allowfullscreen><\/iframe><\/p>\n","protected":false},"excerpt":{"rendered":"<p>Coluna Capital S\/A de 19 de agosto\u00a0 \u00a0 \u00a0 \u201cNenhuma grande descoberta foi feita jamais sem um palpite ousado\u201d, Isaac Newton\u00a0 Por Samanta Sallum\u00a0 Trabalhadores do com\u00e9rcio de papelarias, minimercados, a\u00e7ougues, floriculturas e segmentos sem representa\u00e7\u00e3o sindical formal ser\u00e3o beneficiados pela nova Conven\u00e7\u00e3o Coletiva de Trabalho (CCT) assinada entre sindicatos empresariais e laboral. O reajuste salarial geral foi de 6% [&hellip;]<\/p>\n","protected":false},"author":125,"featured_media":20344,"comment_status":"open","ping_status":"open","sticky":false,"template":"","format":"standard","meta":{"footnotes":""},"categories":[6],"tags":[3151,1457,3153,2908,276,734,3152,2526,112,950,2160,2414,206,2547,3149,3150,2224,340,333,1407,782,779],"class_list":["post-20336","post","type-post","status-publish","format-standard","has-post-thumbnail","hentry","category-coluna-capital-s-a","tag-agenciareguladora","tag-alimentacao","tag-arraia","tag-daniloforte","tag-economia","tag-fecomercio-df","tag-hospedagem","tag-lide-df","tag-paulooctavio","tag-reajuste","tag-senac-df","tag-sesc-df","tag-sindhobar","tag-sindicom-df","tag-sindigenero","tag-sindipel-df","tag-solidariedade","tag-trabalho","tag-turismo","tag-atacado","tag-emprego","tag-varejo"],"_links":{"self":[{"href":"https:\/\/blogs.correiobraziliense.com.br\/capital-sa\/wp-json\/wp\/v2\/posts\/20336","targetHints":{"allow":["GET"]}}],"collection":[{"href":"https:\/\/blogs.correiobraziliense.com.br\/capital-sa\/wp-json\/wp\/v2\/posts"}],"about":[{"href":"https:\/\/blogs.correiobraziliense.com.br\/capital-sa\/wp-json\/wp\/v2\/types\/post"}],"author":[{"embeddable":true,"href":"https:\/\/blogs.correiobraziliense.com.br\/capital-sa\/wp-json\/wp\/v2\/users\/125"}],"replies":[{"embeddable":true,"href":"https:\/\/blogs.correiobraziliense.com.br\/capital-sa\/wp-json\/wp\/v2\/comments?post=20336"}],"version-history":[{"count":15,"href":"https:\/\/blogs.correiobraziliense.com.br\/capital-sa\/wp-json\/wp\/v2\/posts\/20336\/revisions"}],"predecessor-version":[{"id":20356,"href":"https:\/\/blogs.correiobraziliense.com.br\/capital-sa\/wp-json\/wp\/v2\/posts\/20336\/revisions\/20356"}],"wp:featuredmedia":[{"embeddable":true,"href":"https:\/\/blogs.correiobraziliense.com.br\/capital-sa\/wp-json\/wp\/v2\/media\/20344"}],"wp:attachment":[{"href":"https:\/\/blogs.correiobraziliense.com.br\/capital-sa\/wp-json\/wp\/v2\/media?parent=20336"}],"wp:term":[{"taxonomy":"category","embeddable":true,"href":"https:\/\/blogs.correiobraziliense.com.br\/capital-sa\/wp-json\/wp\/v2\/categories?post=20336"},{"taxonomy":"post_tag","embeddable":true,"href":"https:\/\/blogs.correiobraziliense.com.br\/capital-sa\/wp-json\/wp\/v2\/tags?post=20336"}],"curies":[{"name":"wp","href":"https:\/\/api.w.org\/{rel}","templated":true}]}}