{"id":20321,"date":"2025-08-19T13:37:58","date_gmt":"2025-08-19T16:37:58","guid":{"rendered":"https:\/\/blogs.correiobraziliense.com.br\/capital-sa\/?p=20321"},"modified":"2025-08-19T17:57:52","modified_gmt":"2025-08-19T20:57:52","slug":"oab-df-e-a-1a-seccional-a-aderir-ao-pacto-brasil-pela-integridade-empresarial-da-cgu","status":"publish","type":"post","link":"https:\/\/blogs.correiobraziliense.com.br\/capital-sa\/2025\/08\/19\/oab-df-e-a-1a-seccional-a-aderir-ao-pacto-brasil-pela-integridade-empresarial-da-cgu\/","title":{"rendered":"OAB\/DF \u00e9 a 1\u00aa Seccional a aderir ao Pacto Brasil pela Integridade Empresarial da CGU"},"content":{"rendered":"<p><em>Iniciativa busca promover a integridade no setor privado brasileiro, estimulando empresas a desenvolverem uma cultura organizacional contra a corrup\u00e7\u00e3o\u00a0<\/em><\/p>\n<p class=\"p1\"><strong>Por Samanta Sallum\u00a0<\/strong><\/p>\n<p class=\"p1\"><span class=\"s1\">A vice-presidente da Seccional do Distrito Federal da Ordem dos Advogados do Brasil (OAB\/DF), Roberta Queiroz, representando o presidente Paulo Maur\u00edcio Siqueira, Poli, assinou ontem o Termo de Ades\u00e3o e o Termo de Compromisso de Apoiador do \u201cPacto Brasil pela Integridade Empresarial\u201d da Controladoria-Geral da Uni\u00e3o (CGU). Essa \u00e9 uma iniciativa que estimula empresas e entidades privadas que atuam no pa\u00eds a assumir, voluntariamente, compromisso p\u00fablico com a integridade empresarial. <\/span><\/p>\n<p class=\"p1\"><span class=\"s1\">A cerim\u00f4nia foi realizada na OAB\/DF, na presen\u00e7a do secret\u00e1rio de Integridade Privada da CGU, Marcelo Pontes Vianna, que representou o ministro da CGU, Vin\u00edcius Marques de Carvalho. Esta \u00e9 uma a\u00e7\u00e3o pioneira: a OAB\/DF \u00e9 a primeira Seccional do pa\u00eds a aderir a esses protocolos, em parceria com a CGU.<\/span><\/p>\n<p class=\"p1\"><span class=\"s1\">\u201cCom esta ades\u00e3o, a OAB\/DF refor\u00e7a seu compromisso p\u00fablico com a promo\u00e7\u00e3o de uma cultura institucional baseada em governan\u00e7a, compliance e responsabilidade social. A iniciativa tamb\u00e9m representa mais um passo para o fortalecimento do Programa de Integridade da Seccional, alinhada aos princ\u00edpios da boa administra\u00e7\u00e3o p\u00fablica\u201d, destacou Roberta Queiroz.<\/span><\/p>\n<p class=\"p1\"><span class=\"s1\">Marcelo Pontes Vianna agradeceu \u00e0 OAB\/DF por \u201cabrir as portas\u201d e promover um ambiente de debate e trocas de experi\u00eancias. \u201cMuito importante que as empresas sejam bem assessoradas\u201d, destacou.<\/span><\/p>\n<p class=\"p1\"><span class=\"s1\">O Pacto Brasil busca promover a integridade no setor privado brasileiro, estimulando as institui\u00e7\u00f5es privadas a desenvolverem uma cultura organizacional contra a corrup\u00e7\u00e3o e em favor de quest\u00f5es socialmente relevantes, como o desenvolvimento sustent\u00e1vel e o respeito aos direitos humanos e sociais.<\/span><\/p>\n<p class=\"p1\"><span class=\"s1\">O diretor-tesoureiro da OAB Nacional, D\u00e9lio Lins e Silva Jr., participou da assinatura. E\u00a0<span class=\"Apple-converted-space\">afirmou que\u00a0<\/span>\u201c\u00e9 de fundamental import\u00e2ncia a OAB\/DF aderir ao Pacto para aperfei\u00e7oar o seu compliance e contribuindo para que profissionais da advocacia, escrit\u00f3rios e a sociedade se pautem por um ambiente negocial corporativo mais \u00edntegro e \u00e9tico\u201d.<\/span><\/p>\n<p class=\"p1\"><span class=\"s1\">Pela OAB\/DF, participaram desse ato de assinatura dos termos com a CGU o secret\u00e1rio-geral da OAB\/DF, Rafael Martins, o diretor de Integridade, In\u00e1cio Bento de Loyola Alencastro, e a coordenadora de Integridade, Dayane Andrade, al\u00e9m de membros da Comiss\u00e3o de Compliance, Governan\u00e7a Corporativa e ESG.<\/span><\/p>\n<p><img loading=\"lazy\" decoding=\"async\" class=\"aligncenter size-medium wp-image-20326\" src=\"https:\/\/blogs.correiobraziliense.com.br\/capital-sa\/wp-content\/uploads\/sites\/59\/2025\/08\/fe8fd412-e3ac-4fda-be04-c36829da2f9e-300x113.jpeg\" alt=\"\" width=\"300\" height=\"113\" srcset=\"https:\/\/blogs.correiobraziliense.com.br\/capital-sa\/wp-content\/uploads\/sites\/59\/2025\/08\/fe8fd412-e3ac-4fda-be04-c36829da2f9e-300x113.jpeg 300w, https:\/\/blogs.correiobraziliense.com.br\/capital-sa\/wp-content\/uploads\/sites\/59\/2025\/08\/fe8fd412-e3ac-4fda-be04-c36829da2f9e-768x288.jpeg 768w, https:\/\/blogs.correiobraziliense.com.br\/capital-sa\/wp-content\/uploads\/sites\/59\/2025\/08\/fe8fd412-e3ac-4fda-be04-c36829da2f9e-1024x384.jpeg 1024w, https:\/\/blogs.correiobraziliense.com.br\/capital-sa\/wp-content\/uploads\/sites\/59\/2025\/08\/fe8fd412-e3ac-4fda-be04-c36829da2f9e-800x300.jpeg 800w, https:\/\/blogs.correiobraziliense.com.br\/capital-sa\/wp-content\/uploads\/sites\/59\/2025\/08\/fe8fd412-e3ac-4fda-be04-c36829da2f9e-550x206.jpeg 550w, https:\/\/blogs.correiobraziliense.com.br\/capital-sa\/wp-content\/uploads\/sites\/59\/2025\/08\/fe8fd412-e3ac-4fda-be04-c36829da2f9e-230x86.jpeg 230w, https:\/\/blogs.correiobraziliense.com.br\/capital-sa\/wp-content\/uploads\/sites\/59\/2025\/08\/fe8fd412-e3ac-4fda-be04-c36829da2f9e.jpeg 1216w\" sizes=\"auto, (max-width: 300px) 100vw, 300px\" \/><\/p>\n<p><strong><em>Acompanhe a Capital S\/A na TV Bras\u00edlia todas as ter\u00e7as e quintas-feiras, 18h10 no JL ao vivo.<\/em><\/strong><\/p>\n<p><iframe loading=\"lazy\" title=\"QUEM \u00c9 ADA LOVELACE, MULHER QUE D\u00c1 NOME AO MAIS NOVO SUPERCOMPUTADOR DA PETROBRAS?\" width=\"1440\" height=\"810\" src=\"https:\/\/www.youtube.com\/embed\/fq1LcFzqBHA?feature=oembed\" frameborder=\"0\" allow=\"accelerometer; autoplay; clipboard-write; encrypted-media; gyroscope; picture-in-picture; web-share\" referrerpolicy=\"strict-origin-when-cross-origin\" allowfullscreen><\/iframe><\/p>\n<p>&nbsp;<\/p>\n","protected":false},"excerpt":{"rendered":"<p>Iniciativa busca promover a integridade no setor privado brasileiro, estimulando empresas a desenvolverem uma cultura organizacional contra a corrup\u00e7\u00e3o\u00a0 Por Samanta Sallum\u00a0 A vice-presidente da Seccional do Distrito Federal da Ordem dos Advogados do Brasil (OAB\/DF), Roberta Queiroz, representando o presidente Paulo Maur\u00edcio Siqueira, Poli, assinou ontem o Termo de Ades\u00e3o e o Termo de Compromisso de Apoiador do \u201cPacto [&hellip;]<\/p>\n","protected":false},"author":125,"featured_media":20325,"comment_status":"open","ping_status":"open","sticky":false,"template":"","format":"standard","meta":{"footnotes":""},"categories":[6],"tags":[3078,3147,1655,3069,3006,1023,3080,2754,3148,3146],"class_list":["post-20321","post","type-post","status-publish","format-standard","has-post-thumbnail","hentry","category-coluna-capital-s-a","tag-cgu","tag-compliance","tag-desenvolvimentosustentavel","tag-direitoshumanos","tag-governanca","tag-oab-df","tag-pactobrasil","tag-paulomauriciosiqueira","tag-respondabilidadesocial","tag-robertaqueiroz"],"_links":{"self":[{"href":"https:\/\/blogs.correiobraziliense.com.br\/capital-sa\/wp-json\/wp\/v2\/posts\/20321","targetHints":{"allow":["GET"]}}],"collection":[{"href":"https:\/\/blogs.correiobraziliense.com.br\/capital-sa\/wp-json\/wp\/v2\/posts"}],"about":[{"href":"https:\/\/blogs.correiobraziliense.com.br\/capital-sa\/wp-json\/wp\/v2\/types\/post"}],"author":[{"embeddable":true,"href":"https:\/\/blogs.correiobraziliense.com.br\/capital-sa\/wp-json\/wp\/v2\/users\/125"}],"replies":[{"embeddable":true,"href":"https:\/\/blogs.correiobraziliense.com.br\/capital-sa\/wp-json\/wp\/v2\/comments?post=20321"}],"version-history":[{"count":13,"href":"https:\/\/blogs.correiobraziliense.com.br\/capital-sa\/wp-json\/wp\/v2\/posts\/20321\/revisions"}],"predecessor-version":[{"id":20347,"href":"https:\/\/blogs.correiobraziliense.com.br\/capital-sa\/wp-json\/wp\/v2\/posts\/20321\/revisions\/20347"}],"wp:featuredmedia":[{"embeddable":true,"href":"https:\/\/blogs.correiobraziliense.com.br\/capital-sa\/wp-json\/wp\/v2\/media\/20325"}],"wp:attachment":[{"href":"https:\/\/blogs.correiobraziliense.com.br\/capital-sa\/wp-json\/wp\/v2\/media?parent=20321"}],"wp:term":[{"taxonomy":"category","embeddable":true,"href":"https:\/\/blogs.correiobraziliense.com.br\/capital-sa\/wp-json\/wp\/v2\/categories?post=20321"},{"taxonomy":"post_tag","embeddable":true,"href":"https:\/\/blogs.correiobraziliense.com.br\/capital-sa\/wp-json\/wp\/v2\/tags?post=20321"}],"curies":[{"name":"wp","href":"https:\/\/api.w.org\/{rel}","templated":true}]}}