{"id":20287,"date":"2025-08-15T02:08:37","date_gmt":"2025-08-15T05:08:37","guid":{"rendered":"https:\/\/blogs.correiobraziliense.com.br\/capital-sa\/?p=20287"},"modified":"2025-08-15T16:41:49","modified_gmt":"2025-08-15T19:41:49","slug":"ceo-e-fundador-da-liz-em-brasilia-para-expansao-da-marca","status":"publish","type":"post","link":"https:\/\/blogs.correiobraziliense.com.br\/capital-sa\/2025\/08\/15\/ceo-e-fundador-da-liz-em-brasilia-para-expansao-da-marca\/","title":{"rendered":"CEO e fundador da Liz, em Bras\u00edlia, para expans\u00e3o da marca"},"content":{"rendered":"<p class=\"p1\"><em>L\u00edgia Buonamici e Carlos Rosset vieram participar da abertura de nova loja-conceito.<\/em><br \/>\n<em>A empresa, com sede em Jundia\u00ed (SP), exporta pe\u00e7as de moda \u00edntima e moda praia para 32 pa\u00edses e quer ampliar ainda mais o\u00a0mercado interno<\/em><\/p>\n<p><strong>Por Samanta Sallum\u00a0<\/strong><\/p>\n<p class=\"p1\"><span class=\"s1\">A nova unidade da Liz Lingerie na capital federal foi inaugurada no Parkshopping e marca a atual fase da empresa. O objetivo \u00e9 fortalecer a presen\u00e7a f\u00edsica da Liz, integrando a estrat\u00e9gia focada em crescimento sustent\u00e1vel, experi\u00eancia do consumidor e consolida\u00e7\u00e3o do modelo de franquias. A opera\u00e7\u00e3o de Bras\u00edlia da <em>flagship store<\/em> da marca na regi\u00e3o ser\u00e1 gerida diretamente pela matriz. A CEO Ligia Buonamici conversou com a coluna e contou que a escolha est\u00e1 alinhada \u00e0 import\u00e2ncia estrat\u00e9gica da regi\u00e3o.<\/span><\/p>\n<p class=\"p1\"><span class=\"s1\"> \u201cBras\u00edlia \u00e9 um mercado tradicional para a Liz, com resultados s\u00f3lidos ao longo dos anos. A nova loja \u00e9 um movimento de consolida\u00e7\u00e3o da nossa presen\u00e7a em um ponto premium, com foco o fortalecimento do relacionamento com o nosso p\u00fablico\u201d, afirmou.<\/span><\/p>\n<p class=\"p1\"><span class=\"s1\">A abertura da loja evidencia o modelo de neg\u00f3cios h\u00edbrido da Liz, que combina lojas pr\u00f3prias com uma rede estruturada de franquias, e tambem com o e-commerce. Segundo Ligia, manter opera\u00e7\u00f5es diretas permite garantir a padroniza\u00e7\u00e3o da experi\u00eancia de compra, servindo de refer\u00eancia para os franqueados. Hoje s\u00e3o 38 lojas no pa\u00eds e no exterior com a meta de chegar a 70. E mais de 3 mil pontos de vendas.<\/span><\/p>\n<p class=\"p1\"><span class=\"s1\"> \u201cBuscamos equilibrar constru\u00e7\u00e3o de marca e performance comercial. Isso sustenta nossa estrat\u00e9gia de longo prazo e oferece uma base s\u00f3lida para a expans\u00e3o por meio de franquias\u201d, destaca.<\/span><\/p>\n<p class=\"p1\"><span class=\"s1\">Com mais de 35 anos de atua\u00e7\u00e3o, a Liz Lingerie \u00e9 uma empresa brasileira, de capital fechado, que exporta para 32 pa\u00edses na Am\u00e9rica Latina, na Europa e no Oriente Medio. N\u00e3o exporta para os EUA e, assim, n\u00e3o enfrenta o problema do tarifa\u00e7o. O fundador da Liz Carlos Rosset tamb\u00e9m veio a Bras\u00edlia participar da inaugura\u00e7\u00e3o da nova unidade. <\/span><\/p>\n<p class=\"p1\"><span class=\"s1\">\u201cCome\u00e7amos como uma marca de meia-cal\u00e7a feminina, fomos ampliando para mais variedades de pe\u00e7as. Hoje temos, al\u00e9m das pe\u00e7as \u00edntimas, moda praia, pijamas e roupas. Fomos crescendo, nos adaptando \u00e0s necessidades das nossas clientes e \u00e0s<span class=\"Apple-converted-space\">\u00a0<\/span>suas mudan\u00e7as de consumo\u201d, contou \u00e0 coluna. A sede da empresa \u00e9 em Jundia\u00ed\u00a0<\/span><span class=\"s1\">(SP).<\/span><\/p>\n<p><strong><em>Acompanhe a Capital S\/A na TV Bras\u00edlia todas as ter\u00e7as e quintas-feiras, 18h10 no JL ao vivo.<\/em><\/strong><\/p>\n","protected":false},"excerpt":{"rendered":"<p>L\u00edgia Buonamici e Carlos Rosset vieram participar da abertura de nova loja-conceito. A empresa, com sede em Jundia\u00ed (SP), exporta pe\u00e7as de moda \u00edntima e moda praia para 32 pa\u00edses e quer ampliar ainda mais o\u00a0mercado interno Por Samanta Sallum\u00a0 A nova unidade da Liz Lingerie na capital federal foi inaugurada no Parkshopping e marca a atual fase da empresa. [&hellip;]<\/p>\n","protected":false},"author":125,"featured_media":20290,"comment_status":"open","ping_status":"open","sticky":false,"template":"","format":"standard","meta":{"footnotes":""},"categories":[6],"tags":[374,518,3132,3131,3130,2859,55],"class_list":["post-20287","post","type-post","status-publish","format-standard","has-post-thumbnail","hentry","category-coluna-capital-s-a","tag-expansao","tag-exportacao","tag-liz","tag-modaintima","tag-modapraia","tag-tarifaco","tag-moda"],"_links":{"self":[{"href":"https:\/\/blogs.correiobraziliense.com.br\/capital-sa\/wp-json\/wp\/v2\/posts\/20287","targetHints":{"allow":["GET"]}}],"collection":[{"href":"https:\/\/blogs.correiobraziliense.com.br\/capital-sa\/wp-json\/wp\/v2\/posts"}],"about":[{"href":"https:\/\/blogs.correiobraziliense.com.br\/capital-sa\/wp-json\/wp\/v2\/types\/post"}],"author":[{"embeddable":true,"href":"https:\/\/blogs.correiobraziliense.com.br\/capital-sa\/wp-json\/wp\/v2\/users\/125"}],"replies":[{"embeddable":true,"href":"https:\/\/blogs.correiobraziliense.com.br\/capital-sa\/wp-json\/wp\/v2\/comments?post=20287"}],"version-history":[{"count":9,"href":"https:\/\/blogs.correiobraziliense.com.br\/capital-sa\/wp-json\/wp\/v2\/posts\/20287\/revisions"}],"predecessor-version":[{"id":20297,"href":"https:\/\/blogs.correiobraziliense.com.br\/capital-sa\/wp-json\/wp\/v2\/posts\/20287\/revisions\/20297"}],"wp:featuredmedia":[{"embeddable":true,"href":"https:\/\/blogs.correiobraziliense.com.br\/capital-sa\/wp-json\/wp\/v2\/media\/20290"}],"wp:attachment":[{"href":"https:\/\/blogs.correiobraziliense.com.br\/capital-sa\/wp-json\/wp\/v2\/media?parent=20287"}],"wp:term":[{"taxonomy":"category","embeddable":true,"href":"https:\/\/blogs.correiobraziliense.com.br\/capital-sa\/wp-json\/wp\/v2\/categories?post=20287"},{"taxonomy":"post_tag","embeddable":true,"href":"https:\/\/blogs.correiobraziliense.com.br\/capital-sa\/wp-json\/wp\/v2\/tags?post=20287"}],"curies":[{"name":"wp","href":"https:\/\/api.w.org\/{rel}","templated":true}]}}