{"id":20249,"date":"2025-08-13T13:31:16","date_gmt":"2025-08-13T16:31:16","guid":{"rendered":"https:\/\/blogs.correiobraziliense.com.br\/capital-sa\/?p=20249"},"modified":"2025-08-13T23:57:01","modified_gmt":"2025-08-14T02:57:01","slug":"conferencia-internacional-de-residuos-solidos-e-saneamento-sera-realizada-em-brasilia","status":"publish","type":"post","link":"https:\/\/blogs.correiobraziliense.com.br\/capital-sa\/2025\/08\/13\/conferencia-internacional-de-residuos-solidos-e-saneamento-sera-realizada-em-brasilia\/","title":{"rendered":"Confer\u00eancia Internacional de Res\u00edduos S\u00f3lidos e Saneamento ser\u00e1 realizada em Bras\u00edlia"},"content":{"rendered":"<p><strong>Coluna Capital S\/A\u00a0<\/strong><\/p>\n<p class=\"p1\"><strong><span class=\"s1\">Por Samanta Sallum <\/span><\/strong><\/p>\n<p class=\"p3\">O Brasil produz anualmente cerca de 80 milh\u00f5es de res\u00edduos s\u00f3lidos, mas apenas cerca de 4% desse total \u00e9 reaproveitado ou reciclado. Para debater esse cen\u00e1rio, buscando formas mais eficientes de gest\u00e3o, ser\u00e1 realizado na capital federal um dos mais importantes eventos internacionais sobre res\u00edduos s\u00f3lidos e saneamento. O evento ocorre entre 26 e 29 de agosto e deve atrair mais de 15 mil participantes presencialmente e 20 mil virtualmente.<\/p>\n<p class=\"p3\">O tema focal do encontro \u00e9 o impacto da gest\u00e3o do setor ante o agravamento das mudan\u00e7as clim\u00e1ticas. A Confer\u00eancia, a CIRSOL, ser\u00e1 realizada no Museu Nacional da Rep\u00fablica e no Pavilh\u00e3o de Exposi\u00e7\u00f5es do Parque da Cidade.<\/p>\n<p class=\"p3\"><em><span class=\"s3\">Contagem regressiva para a COP30<\/span><\/em><\/p>\n<p class=\"p3\"><span class=\"s3\">\u201cFaltando pouco mais de dois meses para a COP30, que acontece em Bel\u00e9m, no Par\u00e1, entre 10 e 21 de novembro, faremos ampla discuss\u00e3o sobre o meio ambiente, aquecimento do planeta, res\u00edduos, saneamento e a pol\u00edtica de economia circular\u201d, diz Ana Paula Rodrigues, coordenadora geral da CIRSOL.<\/span><\/p>\n<p>Um dos projetos a serem apresentados como exemplo de combate ao desperd\u00edcio com redu\u00e7\u00e3o de descarte de res\u00edduos \u00e9 o programa Cozinha sem Sobras do Sesc\/DF.<\/p>\n<p class=\"p3\"><em>Participa\u00e7\u00f5es de destaque<\/em><\/p>\n<p class=\"p3\"><span class=\"s3\">Entre os palestrantes do Brasil, est\u00e3o Carlos Alberto Hundertmarker, diretor geral do Departamento Nacional de Limpeza Urbana; Marcelo Marcondes, reitor do Instituto Anamma (Associa\u00e7\u00e3o Nacional de Munic\u00edpios e Meio Ambiente); e Rosa Ramos, advogada e presidente da Comiss\u00e3o Especial do Clima da OAB-SP. Do exterior, a professora Jhuma Sadhukhan, l\u00edder do Centro Global para Bioprodutos Sustent\u00e1veis no Reino Unido; e Claudia Mensi (foto), presidente da Associa\u00e7\u00e3o Europeia de Gest\u00e3o de Res\u00edduos (FEAD).<\/span><\/p>\n<p><img loading=\"lazy\" decoding=\"async\" class=\"aligncenter size-medium wp-image-20256\" src=\"https:\/\/blogs.correiobraziliense.com.br\/capital-sa\/wp-content\/uploads\/sites\/59\/2025\/08\/IMG_8636-294x300.jpeg\" alt=\"\" width=\"294\" height=\"300\" srcset=\"https:\/\/blogs.correiobraziliense.com.br\/capital-sa\/wp-content\/uploads\/sites\/59\/2025\/08\/IMG_8636-294x300.jpeg 294w, https:\/\/blogs.correiobraziliense.com.br\/capital-sa\/wp-content\/uploads\/sites\/59\/2025\/08\/IMG_8636-768x785.jpeg 768w, https:\/\/blogs.correiobraziliense.com.br\/capital-sa\/wp-content\/uploads\/sites\/59\/2025\/08\/IMG_8636-1002x1024.jpeg 1002w, https:\/\/blogs.correiobraziliense.com.br\/capital-sa\/wp-content\/uploads\/sites\/59\/2025\/08\/IMG_8636-800x817.jpeg 800w, https:\/\/blogs.correiobraziliense.com.br\/capital-sa\/wp-content\/uploads\/sites\/59\/2025\/08\/IMG_8636-550x562.jpeg 550w, https:\/\/blogs.correiobraziliense.com.br\/capital-sa\/wp-content\/uploads\/sites\/59\/2025\/08\/IMG_8636-230x235.jpeg 230w, https:\/\/blogs.correiobraziliense.com.br\/capital-sa\/wp-content\/uploads\/sites\/59\/2025\/08\/IMG_8636.jpeg 1065w\" sizes=\"auto, (max-width: 294px) 100vw, 294px\" \/><\/p>\n<p class=\"p3\"><em><span class=\"s4\">Feiras de Neg\u00f3cios<\/span><\/em><\/p>\n<p class=\"p3\"><span class=\"s3\">Al\u00e9m dos pain\u00e9is e de eventos culturais paralelos, como <\/span><span class=\"s4\">Festival de Arte e Cultura<\/span><span class=\"s3\">, a confer\u00eancia ter\u00e1 a Feira de Neg\u00f3cios e Res\u00edduos S\u00f3lidos e Saneamento, com a participa\u00e7\u00e3o de empresas e institui\u00e7\u00f5es da ind\u00fastria e do com\u00e9rcio; e a Feira de Sustentabilidade de Microempreendedores, com o objetivo de fomentar o desenvolvimento de futuros verdes e servi\u00e7os inovadores.\u201d\u00a0<\/span><\/p>\n<p class=\"p3\"><span class=\"s3\">\u00a0<em>Memorando de entendimento com o PNUD <\/em><\/span><\/p>\n<p class=\"p3\"><span class=\"s3\">O evento conta com a correaliza\u00e7\u00e3o da Fecom\u00e9rcio-DF, do<span class=\"Apple-converted-space\">\u00a0<\/span>Programa das Na\u00e7\u00f5es Unidas para o Desenvolvimento (PNUD), do Instituto de Coopera\u00e7\u00e3o Internacional para o Meio Ambiente (ICIMA), al\u00e9m de outras 37 institui\u00e7\u00f5es do Brasil e do exterior que assinaram o Memorando de Entendimento com o PNUD, \u00f3rg\u00e3o ligado \u00e0 ONU para a realiza\u00e7\u00e3o conjunta da II CIRSOL em Bras\u00edlia. <\/span><\/p>\n<p class=\"p3\"><em>Espa\u00e7o catadores\u00a0<\/em><\/p>\n<p class=\"p3\"><span class=\"s4\">\u00a0<\/span><span class=\"s3\">Um dos destaques da confer\u00eancia ser\u00e1 o<\/span><span class=\"s4\">\u00a0Espa\u00e7o Pr\u00f3-Catador<\/span><span class=\"s3\">, categoria que re\u00fane mais de 1 milh\u00e3o de pessoas em todo o Brasil e que faz a importante tarefa de recolher materiais recicl\u00e1veis das ruas, para reaproveitamento futuro, na chamada economia circular. O local ser\u00e1 ponto de encontro para cooperativas e associa\u00e7\u00f5es de catadores.<\/span><\/p>\n<p class=\"p3\"><strong><span class=\"s3\">Pr\u00eamio Levvo Empreendedor 2025<\/span><\/strong><\/p>\n<p><img loading=\"lazy\" decoding=\"async\" class=\"aligncenter size-medium wp-image-20259\" src=\"https:\/\/blogs.correiobraziliense.com.br\/capital-sa\/wp-content\/uploads\/sites\/59\/2025\/08\/IMG_8637-300x287.jpeg\" alt=\"\" width=\"300\" height=\"287\" srcset=\"https:\/\/blogs.correiobraziliense.com.br\/capital-sa\/wp-content\/uploads\/sites\/59\/2025\/08\/IMG_8637-300x287.jpeg 300w, https:\/\/blogs.correiobraziliense.com.br\/capital-sa\/wp-content\/uploads\/sites\/59\/2025\/08\/IMG_8637-550x527.jpeg 550w, https:\/\/blogs.correiobraziliense.com.br\/capital-sa\/wp-content\/uploads\/sites\/59\/2025\/08\/IMG_8637-230x220.jpeg 230w, https:\/\/blogs.correiobraziliense.com.br\/capital-sa\/wp-content\/uploads\/sites\/59\/2025\/08\/IMG_8637.jpeg 566w\" sizes=\"auto, (max-width: 300px) 100vw, 300px\" \/><\/p>\n<p class=\"p3\"><span class=\"s3\">O Grupo Levvo lan\u00e7ou o Pr\u00eamio Levvo Empreendedor 2025, uma iniciativa que busca fomentar o empreendedorismo e transformar ideias em solu\u00e7\u00f5es com impacto socioecon\u00f4mico. A edi\u00e7\u00e3o deste ano conta com a parceria do Sebrae. \u201cQueremos Identificar, reconhecer e apoiar talentos empreendedores, tanto novos quanto j\u00e1 consolidados\u201d, refor\u00e7a Laura Oliveira, CEO do Grupo Levvo.<\/span><\/p>\n<p class=\"p3\"><em><span class=\"s3\">Premia\u00e7\u00e3o <\/span><\/em><\/p>\n<p class=\"p3\"><span class=\"s3\">Os tr\u00eas primeiros colocados ser\u00e3o contemplados com pr\u00eamios em dinheiro e mentoria especializada:<\/span><\/p>\n<p class=\"p3\"><span class=\"s3\">\u2022 <\/span><span class=\"s4\">Ouro:<\/span><span class=\"s3\"> R$ 10.000,00, 4 meses de mentoria especializada e o curso Empretec do Sebrae.<\/span><\/p>\n<p class=\"p3\"><span class=\"s3\">\u2022 <\/span><span class=\"s4\">Prata:<\/span><span class=\"s3\"> R$ 7.500,00, 2 meses de mentoria especializada e o curso Empretec do Sebrae.<\/span><\/p>\n<p class=\"p3\"><span class=\"s3\">\u2022 <\/span><span class=\"s4\">Bronze:<\/span><span class=\"s3\"> R$ 5.000,00, 1 m\u00eas de mentoria especializada e o curso Empretec do Sebrae.<\/span><\/p>\n<p class=\"p3\"><em><span class=\"s3\">Inscri\u00e7\u00f5es at\u00e9 o final do m\u00eas<\/span><\/em><\/p>\n<p class=\"p3\"><span class=\"s3\">As inscri\u00e7\u00f5es s\u00e3o gratuitas e podem ser feitas at\u00e9 o dia 30 de agosto de 2025, por meio do formul\u00e1rio eletr\u00f4nico no site oficial do Grupo Levvo. Para mais informa\u00e7\u00f5es, acesse o site oficial do Grupo Levvo em <\/span><span class=\"s5\"> <a href=\"http:\/\/www.grupolevvo.com.br\/premio\">www.grupolevvo.com.br\/premio<\/a><\/span><span class=\"s3\"> ou entre em contato pelo e-mail premio@grupolevvo.com.br<\/span><\/p>\n<p class=\"p3\"><strong><span class=\"s3\">Livraria Leitura inaugura 128\u00aa unidade do pa\u00eds em Aguas Claras<\/span><\/strong><\/p>\n<p><img loading=\"lazy\" decoding=\"async\" class=\"aligncenter size-medium wp-image-20258\" src=\"https:\/\/blogs.correiobraziliense.com.br\/capital-sa\/wp-content\/uploads\/sites\/59\/2025\/08\/IMG_8638-243x300.jpeg\" alt=\"\" width=\"243\" height=\"300\" srcset=\"https:\/\/blogs.correiobraziliense.com.br\/capital-sa\/wp-content\/uploads\/sites\/59\/2025\/08\/IMG_8638-243x300.jpeg 243w, https:\/\/blogs.correiobraziliense.com.br\/capital-sa\/wp-content\/uploads\/sites\/59\/2025\/08\/IMG_8638-768x950.jpeg 768w, https:\/\/blogs.correiobraziliense.com.br\/capital-sa\/wp-content\/uploads\/sites\/59\/2025\/08\/IMG_8638-828x1024.jpeg 828w, https:\/\/blogs.correiobraziliense.com.br\/capital-sa\/wp-content\/uploads\/sites\/59\/2025\/08\/IMG_8638-800x989.jpeg 800w, https:\/\/blogs.correiobraziliense.com.br\/capital-sa\/wp-content\/uploads\/sites\/59\/2025\/08\/IMG_8638-550x680.jpeg 550w, https:\/\/blogs.correiobraziliense.com.br\/capital-sa\/wp-content\/uploads\/sites\/59\/2025\/08\/IMG_8638-230x284.jpeg 230w, https:\/\/blogs.correiobraziliense.com.br\/capital-sa\/wp-content\/uploads\/sites\/59\/2025\/08\/IMG_8638.jpeg 1170w\" sizes=\"auto, (max-width: 243px) 100vw, 243px\" \/><\/p>\n<p class=\"p3\">Na pr\u00f3xima sexta-feira, ser\u00e1 inaugurada a nova loja da Livraria Leitura, no DF Plaza Shopping, na regi\u00e3o de \u00c1guas Claras, bairro que mais cresce no Distrito Federal e que at\u00e9 ent\u00e3o n\u00e3o contava com uma livraria.<\/p>\n<p class=\"p3\"><span class=\"s3\">Presente h\u00e1 mais de 25 anos no Distrito Federal, a Leitura amplia sua atua\u00e7\u00e3o no mercado local com o novo ponto. \u201cEssa inaugura\u00e7\u00e3o fortalece ainda mais a nossa presen\u00e7a no DF, onde temos uma trajet\u00f3ria de sucesso. Trazer uma livraria completa para um bairro em plena expans\u00e3o \u00e9 tamb\u00e9m uma maneira de contribuir para a forma\u00e7\u00e3o cultural e intelectual da popula\u00e7\u00e3o\u201d, celebra Marcus Teles, CEO da rede Leitura.<span class=\"Apple-converted-space\"><br \/>\n<\/span><\/span><\/p>\n<p class=\"p3\"><span class=\"s3\">A nova unidade contar\u00e1 ainda com espa\u00e7os especiais para leitura, eventos culturais e sess\u00f5es de aut\u00f3grafos, refor\u00e7ando a proposta de ser um ambiente de conviv\u00eancia.<\/span><\/p>\n<p><strong><em>Acompanhe a Capital S\/A na TV Bras\u00edlia todas as ter\u00e7as e quintas-feiras, 18h10 no JL ao vivo.<\/em><\/strong><\/p>\n<p><iframe loading=\"lazy\" title=\"GRUPO EMPRESARIAL DE BRAS\u00cdLIA CRIA PROJETO DE RECICLAGEM DE JEANS | CAPITAL S\/A\" width=\"1440\" height=\"810\" src=\"https:\/\/www.youtube.com\/embed\/MmhNGEZdhr4?feature=oembed\" frameborder=\"0\" allow=\"accelerometer; autoplay; clipboard-write; encrypted-media; gyroscope; picture-in-picture; web-share\" referrerpolicy=\"strict-origin-when-cross-origin\" allowfullscreen><\/iframe><\/p>\n","protected":false},"excerpt":{"rendered":"<p>Coluna Capital S\/A\u00a0 Por Samanta Sallum O Brasil produz anualmente cerca de 80 milh\u00f5es de res\u00edduos s\u00f3lidos, mas apenas cerca de 4% desse total \u00e9 reaproveitado ou reciclado. Para debater esse cen\u00e1rio, buscando formas mais eficientes de gest\u00e3o, ser\u00e1 realizado na capital federal um dos mais importantes eventos internacionais sobre res\u00edduos s\u00f3lidos e saneamento. O evento ocorre entre 26 e [&hellip;]<\/p>\n","protected":false},"author":125,"featured_media":20252,"comment_status":"open","ping_status":"open","sticky":false,"template":"","format":"standard","meta":{"footnotes":""},"categories":[6],"tags":[3127,2364,3128,767,1199,327,2414],"class_list":["post-20249","post","type-post","status-publish","format-standard","has-post-thumbnail","hentry","category-coluna-capital-s-a","tag-cirsol","tag-cop30","tag-leitura","tag-levvo","tag-meioambiente","tag-onu","tag-sesc-df"],"_links":{"self":[{"href":"https:\/\/blogs.correiobraziliense.com.br\/capital-sa\/wp-json\/wp\/v2\/posts\/20249","targetHints":{"allow":["GET"]}}],"collection":[{"href":"https:\/\/blogs.correiobraziliense.com.br\/capital-sa\/wp-json\/wp\/v2\/posts"}],"about":[{"href":"https:\/\/blogs.correiobraziliense.com.br\/capital-sa\/wp-json\/wp\/v2\/types\/post"}],"author":[{"embeddable":true,"href":"https:\/\/blogs.correiobraziliense.com.br\/capital-sa\/wp-json\/wp\/v2\/users\/125"}],"replies":[{"embeddable":true,"href":"https:\/\/blogs.correiobraziliense.com.br\/capital-sa\/wp-json\/wp\/v2\/comments?post=20249"}],"version-history":[{"count":10,"href":"https:\/\/blogs.correiobraziliense.com.br\/capital-sa\/wp-json\/wp\/v2\/posts\/20249\/revisions"}],"predecessor-version":[{"id":20274,"href":"https:\/\/blogs.correiobraziliense.com.br\/capital-sa\/wp-json\/wp\/v2\/posts\/20249\/revisions\/20274"}],"wp:featuredmedia":[{"embeddable":true,"href":"https:\/\/blogs.correiobraziliense.com.br\/capital-sa\/wp-json\/wp\/v2\/media\/20252"}],"wp:attachment":[{"href":"https:\/\/blogs.correiobraziliense.com.br\/capital-sa\/wp-json\/wp\/v2\/media?parent=20249"}],"wp:term":[{"taxonomy":"category","embeddable":true,"href":"https:\/\/blogs.correiobraziliense.com.br\/capital-sa\/wp-json\/wp\/v2\/categories?post=20249"},{"taxonomy":"post_tag","embeddable":true,"href":"https:\/\/blogs.correiobraziliense.com.br\/capital-sa\/wp-json\/wp\/v2\/tags?post=20249"}],"curies":[{"name":"wp","href":"https:\/\/api.w.org\/{rel}","templated":true}]}}